{"id":1169952,"date":"2026-09-06T01:25:43","date_gmt":"2026-09-06T01:25:43","guid":{"rendered":"https:\/\/www.europesays.com\/fr\/1169952\/"},"modified":"2026-09-06T01:25:43","modified_gmt":"2026-09-06T01:25:43","slug":"ville-en-vermois-des-activites-proposees-pour-tous-les-ages","status":"publish","type":"post","link":"https:\/\/www.europesays.com\/fr\/1169952\/","title":{"rendered":"Ville-en-Vermois. Des activit\u00e9s propos\u00e9es pour tous les \u00e2ges"},"content":{"rendered":"<p>Tous les responsables d\u2019associations \u00e9taient l\u00e0 pour accueillir les habitants au forum des associations organis\u00e9 par la commission animation.<\/p>\n<p>Tout d\u2019abord, le Club du temps libre, qui concerne les seniors, a \u00e9t\u00e9 cr\u00e9\u00e9 en 1978. Son but est d\u2019\u00e9viter l\u2019isolement et de cr\u00e9er des liens entre les habitants \u00e0 travers des moments conviviaux o\u00f9 l\u2019on propose divers jeux de soci\u00e9t\u00e9, de cartes et des ateliers de couture, de perles.<\/p>\n<p>Les membres s\u2019y retrouvent les jeudis, deux&#8230;<\/p>\n","protected":false},"excerpt":{"rendered":"Tous les responsables d\u2019associations \u00e9taient l\u00e0 pour accueillir les habitants au forum des associations organis\u00e9 par la commission&hellip;\n","protected":false},"author":2,"featured_media":1169953,"comment_status":"","ping_status":"","sticky":false,"template":"","format":"standard","meta":{"footnotes":"","_share_on_mastodon":"0"},"categories":[9635],"tags":[1111,11,9652,1687,1704,1777,674,1011,27,775,1702,12,25,54940],"class_list":["post-1169952","post","type-post","status-publish","format-standard","has-post-thumbnail","category-nancy","tag-actu","tag-actualites","tag-cc-des-pays-du-sel-et-du-vermois-54b","tag-culture-loisirs","tag-edition-nancy-et-agglomeration","tag-eu","tag-europe","tag-fr","tag-france","tag-grand-est","tag-nancy","tag-news","tag-republique-francaise","tag-ville-en-vermois"],"share_on_mastodon":{"url":"https:\/\/pubeurope.com\/@fr\/117221492481535945","error":""},"_links":{"self":[{"href":"https:\/\/www.europesays.com\/fr\/wp-json\/wp\/v2\/posts\/1169952","targetHints":{"allow":["GET"]}}],"collection":[{"href":"https:\/\/www.europesays.com\/fr\/wp-json\/wp\/v2\/posts"}],"about":[{"href":"https:\/\/www.europesays.com\/fr\/wp-json\/wp\/v2\/types\/post"}],"author":[{"embeddable":true,"href":"https:\/\/www.europesays.com\/fr\/wp-json\/wp\/v2\/users\/2"}],"replies":[{"embeddable":true,"href":"https:\/\/www.europesays.com\/fr\/wp-json\/wp\/v2\/comments?post=1169952"}],"version-history":[{"count":0,"href":"https:\/\/www.europesays.com\/fr\/wp-json\/wp\/v2\/posts\/1169952\/revisions"}],"wp:featuredmedia":[{"embeddable":true,"href":"https:\/\/www.europesays.com\/fr\/wp-json\/wp\/v2\/media\/1169953"}],"wp:attachment":[{"href":"https:\/\/www.europesays.com\/fr\/wp-json\/wp\/v2\/media?parent=1169952"}],"wp:term":[{"taxonomy":"category","embeddable":true,"href":"https:\/\/www.europesays.com\/fr\/wp-json\/wp\/v2\/categories?post=1169952"},{"taxonomy":"post_tag","embeddable":true,"href":"https:\/\/www.europesays.com\/fr\/wp-json\/wp\/v2\/tags?post=1169952"}],"curies":[{"name":"wp","href":"https:\/\/api.w.org\/{rel}","templated":true}]}}