{"id":1169956,"date":"2026-09-06T01:29:22","date_gmt":"2026-09-06T01:29:22","guid":{"rendered":"https:\/\/www.europesays.com\/fr\/1169956\/"},"modified":"2026-09-06T01:29:22","modified_gmt":"2026-09-06T01:29:22","slug":"philippe-granarolo-son-programme-de-rentree-dans-le-var","status":"publish","type":"post","link":"https:\/\/www.europesays.com\/fr\/1169956\/","title":{"rendered":"Philippe Granarolo : son programme de rentr\u00e9e dans le Var"},"content":{"rendered":"<p><strong>Le philosophe Philippe Granarolo d\u00e9taille son programme de rentr\u00e9e avec plusieurs conf\u00e9rences et rencontres publiques \u00e0 La Garde, au Pradet et \u00e0 Ollioules.<\/strong><\/p>\n<p>Apr\u00e8s un \u00e9t\u00e9 consacr\u00e9 \u00e0 des \u00ab agoras \u00bb philosophiques d\u00e9di\u00e9es \u00e0 \u00c9picure, Thomas Hobbes et Hannah Arendt, dont les vid\u00e9os sont progressivement mises en ligne sur sa cha\u00eene YouTube, le philosophe Philippe Granarolo a annonc\u00e9 un agenda charg\u00e9 pour le mois de septembre. Entre rencontres associatives et conf\u00e9rences, sa rentr\u00e9e s\u2019articulera autour de plusieurs rendez-vous dans l\u2019aire toulonnaise, tout en continuant \u00e0 d\u00e9velopper sa pr\u00e9sence num\u00e9rique.<\/p>\n<p><img decoding=\"async\" src=\"https:\/\/www.europesays.com\/fr\/wp-content\/uploads\/2026\/09\/Le-philosophe-Philippe-Granarolo.jpg\"\/><\/p>\n<p><strong>Rencontres et pr\u00e9sentation de saison<\/strong><\/p>\n<p>Le public aura une premi\u00e8re occasion d\u2019\u00e9changer avec le philosophe d\u00e8s ce dimanche 6 septembre, tout au long de la journ\u00e9e, sur la Place de la R\u00e9publique \u00e0 La Garde. Dans le cadre du traditionnel \u00ab Forum des Associations \u00bb, il sera pr\u00e9sent sur le stand de l\u2019association UTL6 (Universit\u00e9 du Temps Libre La Garde-Le Pradet) pour pr\u00e9senter le programme des activit\u00e9s pour la saison 2026-2027.<\/p>\n<p>Quelques jours plus tard, le mardi 8 septembre \u00e0 14h30, la pr\u00e9sentation officielle de la saison de l\u2019UTL6 se tiendra \u00e0 l\u2019Espace des Arts au Pradet. Cet \u00e9v\u00e9nement permettra de d\u00e9tailler le contenu des cycles de conf\u00e9rences et des ateliers propos\u00e9s par l\u2019association pour l\u2019ann\u00e9e \u00e0 venir.<\/p>\n<p><strong>Conf\u00e9rences inaugurales \u00e0 La Garde et Ollioules<\/strong><\/p>\n<p>Le volet acad\u00e9mique de la rentr\u00e9e d\u00e9butera le mardi 22 septembre \u00e0 14h30. Philippe Granarolo prononcera la conf\u00e9rence inaugurale du nouveau cycle de l\u2019UTL6 dans l\u2019auditorium de la M\u00e9diath\u00e8que de La Garde. Le th\u00e8me explor\u00e9 sera : \u00ab Naissance, d\u00e9sir, amour : de Platon \u00e0 Otto Rank \u00bb.<\/p>\n<p>Le m\u00eame jour, \u00e0 18h30, il se rendra \u00e0 Ollioules, \u00e0 la Salle Jean Moulin de l\u2019Espace Pierre Puget, pour participer au lancement de la saison de l\u2019UTLO (Universit\u00e9 du Temps Libre d\u2019Ollioules). Aux c\u00f4t\u00e9s du maire et des autres intervenants, il y pr\u00e9sentera sa propre future conf\u00e9rence, pr\u00e9vue le 3 novembre, intitul\u00e9e \u00ab La dualit\u00e9 des sexes est-elle encore une \u00e9vidence ? \u00bb.<\/p>\n<p><strong>Une pr\u00e9sence num\u00e9rique renforc\u00e9e<\/strong><\/p>\n<p>En parall\u00e8le de ses interventions publiques, Philippe Granarolo continue d\u2019enrichir sa cha\u00eene YouTube. Deux nouvelles conf\u00e9rences y sont d\u00e9sormais accessibles : \u00ab La multidimensionnalit\u00e9, la pens\u00e9e de demain et le COVID \u00bb et \u00ab L\u2019homme augment\u00e9 : interrogations philosophiques sur le transhumanisme \u00bb.<\/p>\n<p>Deux formats plus courts, les \u00ab Flash-Philo \u00bb, ont \u00e9galement \u00e9t\u00e9 ajout\u00e9s, portant sur les th\u00e8mes \u00ab Les donneurs de le\u00e7ons \u00bb et \u00ab Arr\u00eatons de nous reproduire \u00bb. Le philosophe invite son auditoire \u00e0 s\u2019abonner et \u00e0 partager ses contenus afin de soutenir le d\u00e9veloppement de sa cha\u00eene, un outil de diffusion qu\u2019il juge essentiel pour rendre la pens\u00e9e philosophique accessible au plus grand nombre.<\/p>\n<p><a href=\"https:\/\/www.youtube.com\/@PGranarolo\" rel=\"nofollow noopener\" target=\"_blank\">(80) Philippe Granarolo \u2013 YouTube<\/a><\/p>\n<p><strong>via Presse Agence (r\u00e9dig\u00e9 \u00e0 partir d\u2019un communiqu\u00e9 de presse transmis \u00e0 la r\u00e9daction).<\/strong><\/p>\n","protected":false},"excerpt":{"rendered":"Le philosophe Philippe Granarolo d\u00e9taille son programme de rentr\u00e9e avec plusieurs conf\u00e9rences et rencontres publiques \u00e0 La Garde,&hellip;\n","protected":false},"author":2,"featured_media":1169957,"comment_status":"","ping_status":"","sticky":false,"template":"","format":"standard","meta":{"footnotes":"","_share_on_mastodon":"0"},"categories":[9619],"tags":[1111,11,1777,674,1011,27,12,882,25,2310],"class_list":["post-1169956","post","type-post","status-publish","format-standard","has-post-thumbnail","category-toulon","tag-actu","tag-actualites","tag-eu","tag-europe","tag-fr","tag-france","tag-news","tag-provence-alpes-cote-dazur","tag-republique-francaise","tag-toulon"],"share_on_mastodon":{"url":"https:\/\/pubeurope.com\/@fr\/117221509490060966","error":""},"_links":{"self":[{"href":"https:\/\/www.europesays.com\/fr\/wp-json\/wp\/v2\/posts\/1169956","targetHints":{"allow":["GET"]}}],"collection":[{"href":"https:\/\/www.europesays.com\/fr\/wp-json\/wp\/v2\/posts"}],"about":[{"href":"https:\/\/www.europesays.com\/fr\/wp-json\/wp\/v2\/types\/post"}],"author":[{"embeddable":true,"href":"https:\/\/www.europesays.com\/fr\/wp-json\/wp\/v2\/users\/2"}],"replies":[{"embeddable":true,"href":"https:\/\/www.europesays.com\/fr\/wp-json\/wp\/v2\/comments?post=1169956"}],"version-history":[{"count":0,"href":"https:\/\/www.europesays.com\/fr\/wp-json\/wp\/v2\/posts\/1169956\/revisions"}],"wp:featuredmedia":[{"embeddable":true,"href":"https:\/\/www.europesays.com\/fr\/wp-json\/wp\/v2\/media\/1169957"}],"wp:attachment":[{"href":"https:\/\/www.europesays.com\/fr\/wp-json\/wp\/v2\/media?parent=1169956"}],"wp:term":[{"taxonomy":"category","embeddable":true,"href":"https:\/\/www.europesays.com\/fr\/wp-json\/wp\/v2\/categories?post=1169956"},{"taxonomy":"post_tag","embeddable":true,"href":"https:\/\/www.europesays.com\/fr\/wp-json\/wp\/v2\/tags?post=1169956"}],"curies":[{"name":"wp","href":"https:\/\/api.w.org\/{rel}","templated":true}]}}