{"id":1169958,"date":"2026-09-06T01:30:33","date_gmt":"2026-09-06T01:30:33","guid":{"rendered":"https:\/\/www.europesays.com\/fr\/1169958\/"},"modified":"2026-09-06T01:30:33","modified_gmt":"2026-09-06T01:30:33","slug":"toujours-a-200-les-compliments-de-franck-azema-au-sujet-de-rayan-rebbadj-apres-bayonne-toulon","status":"publish","type":"post","link":"https:\/\/www.europesays.com\/fr\/1169958\/","title":{"rendered":"\u00ab\u00a0Toujours \u00e0 200\u00a0%\u00a0\u00bb : les compliments de Franck Az\u00e9ma au sujet de Rayan Rebbadj apr\u00e8s Bayonne-Toulon"},"content":{"rendered":"<p>De la ligne d\u2019attaque toulonnaise, ce n\u2019est probablement pas son nom que les parieurs avaient pl\u00e9biscit\u00e9 avant le <strong>d\u00e9placement <\/strong>\u00e0 Jean-Dauger. On imagine que les regards \u00e9taient davantage braqu\u00e9s sur Mathis Fert\u00e9, Ga\u00ebl Fickou et Melvyn Jaminet, voire sur le banc, avec des noms comme Huw Jones ou Jo\u00e9 Quere-Karaba.<\/p>\n<p>Pourtant hier, c\u2019est bien Rayan Rebbadj qui a permis \u00e0 Toulon de ramener un <strong>pr\u00e9cieux<\/strong> point de bonus de Bayonne. En inscrivant deux essais, d\u2019abord. Bien d\u00e9cal\u00e9 apr\u00e8s le num\u00e9ro de <strong>funambule <\/strong>de Mateo Garcia, Rayan Rebbadj r\u00e9sistait au retour d\u2019Orab\u00e9 pour marquer le premier essai et lancer la soir\u00e9e varoise (11e, 3-7).<\/p>\n<p>Et c\u2019est encore lui, disponible \u00e0 <strong>l\u2019int\u00e9rieur <\/strong>de Melvyn Jaminet qui, d\u2019une course de trente m\u00e8tres, offrait le bonus \u00e0 Toulon au bout de la nuit (79e, 27-26). Deux r\u00e9alisations, soit autant qu\u2019il en avait inscrit jusqu\u2019alors sous le maillot du RCT.<\/p>\n<p>    Plus rapide que Tambwe<\/p>\n<p class=\"fs-5 \">Mais finalement, hier, en plus de ses qualit\u00e9s de <strong>finisseur<\/strong>, l\u2019ailier a surtout \u00e9t\u00e9 d\u2019une fiabilit\u00e9 \u00e0 toute \u00e9preuve. Ultra-s\u00e9rieux sous les ballons hauts, il a (au moins provisoirement) r\u00e9gl\u00e9 un <strong>probl\u00e8me <\/strong>qui suit le RCT depuis de longues saisons.<\/p>\n<p class=\"fs-5 \">En d\u00e9fense \u00e9galement, le champion olympique \u00e0 7 a prouv\u00e9 qu\u2019il \u00e9tait capable du meilleur, en ne se laissant pas <strong>impressionner<\/strong> par la pointe de vitesse de Madosh Tambwe.<\/p>\n<p class=\"fs-5 \">Mieux, c\u2019est lui qui d\u00e9vorait le sprinteur bayonnais \u00e0 la suite d\u2019un jeu au pied ultra-profond de Fickou (29e). Et si le rebond souriait au Bayonnais, ce dernier se faisait croquer la jambe une demi-seconde plus tard par un Rayan Rebbadj <strong>affam\u00e9<\/strong>.<\/p>\n<p>        <img id=\"article-thumbnail-9\" src=\"https:\/\/www.europesays.com\/fr\/wp-content\/uploads\/2026\/09\/ARTVIEW-10713946-1200-800-7ec43c6_upload-1-xz60kq7tbmsf-066-dppi-50626001-048.jpg\"   width=\"600\" height=\"400\" loading=\"lazy\" decoding=\"async\" alt=\"Le droitier R\u00e9gis Montagne est entr\u00e9 dans la rotation du XV de France depuis juillet 2025.\" class=\"img-fluid position-absolute w-100 h-100 object-fit-cover rounded-2\"\/><\/p>\n<p class=\"fs-5 \">R\u00e9sultat : un en-avant <strong>r\u00e9cup\u00e9r\u00e9 <\/strong>devant, une p\u00e9nalit\u00e9 et trois nouveaux points pour le RCT. Alors hier, le minot de Port-de-Bouc n\u2019a pas tout bien fait. Et on aurait par exemple aim\u00e9 le voir se pr\u00e9senter <strong>davantage <\/strong>dans la ligne d\u2019attaque. Mais il a \u00e9t\u00e9 d\u00e9cisif sur 17 des 26 points toulonnais, et a \u00e9t\u00e9 d\u2019une fiabilit\u00e9 sans faille pour le reste.<\/p>\n<p class=\"fs-5 \">\u00ab Rayan a \u00e9t\u00e9 \u00e9gal \u00e0 lui-m\u00eame. Toujours \u00e0 200 % dans son engagement. Il est r\u00e9compens\u00e9 par ces deux essais. Il a \u00e9t\u00e9 pr\u00e9sent sur toutes les chasses et a tenu son rang, f\u00e9licitait son <strong>entra\u00eeneur <\/strong>Franck Az\u00e9ma. J\u2019aurais aim\u00e9 voir un peu plus de continuit\u00e9 dans notre jeu pour qu\u2019il s\u2019exprime un peu plus encore avec le ballon. \u00bb<\/p>\n<p>    Il faudra compter sur lui !<\/p>\n<p class=\"fs-5 \">Une bonne nouvelle quand on sait que Ga\u00ebl Dr\u00e9an (op\u00e9r\u00e9 du c\u0153ur d\u00e9but juin) n\u2019a pas encore retrouv\u00e9 les <strong>entra\u00eenements <\/strong>collectifs, que Gabin Villi\u00e8re est encore convalescent (genou) et que Mathis Fert\u00e9, appel\u00e9 avec le XV de France en juillet, a connu une <strong>pr\u00e9saison <\/strong>raccourcie, ce qui explique probablement ses difficult\u00e9s ce samedi soir.<\/p>\n<p class=\"fs-5 \">Tous ces \u00e9l\u00e9ments r\u00e9unis, la <strong>s\u00e9rieuse <\/strong>prestation de Rayan Rebbadj confirme qu\u2019il faudra compter sur celui qui avait refus\u00e9 les avances de la F\u00e9d\u00e9ration fran\u00e7aise de rugby apr\u00e8s le titre olympique de 2024, pour faire son <strong>trou <\/strong>avec le RCT. \u00c0 27 ans, Rayan Rebbadj n\u2019est plus un jeune premier, mais reste un m\u00f4me d\u00e9termin\u00e9 \u00e0 s\u2019imposer dans son club formateur.<\/p>\n<p class=\"fs-5 \">Et au regard de son excellente <strong>pr\u00e9paration <\/strong>et de cette belle premi\u00e8re \u00e0 Bayonne \u2013 seulement sa 15e apparition avec Toulon en professionnel \u2013, il ne fait que peu de doute que Rayan Rebbadj saura convaincre le staff de continuer \u00e0 lui accorder sa confiance.<\/p>\n","protected":false},"excerpt":{"rendered":"De la ligne d\u2019attaque toulonnaise, ce n\u2019est probablement pas son nom que les parieurs avaient pl\u00e9biscit\u00e9 avant le&hellip;\n","protected":false},"author":2,"featured_media":1169959,"comment_status":"","ping_status":"","sticky":false,"template":"","format":"standard","meta":{"footnotes":"","_share_on_mastodon":"0"},"categories":[9619],"tags":[1111,11,1777,674,1011,27,12,882,3461,25,2310],"class_list":["post-1169958","post","type-post","status-publish","format-standard","has-post-thumbnail","category-toulon","tag-actu","tag-actualites","tag-eu","tag-europe","tag-fr","tag-france","tag-news","tag-provence-alpes-cote-dazur","tag-rct","tag-republique-francaise","tag-toulon"],"share_on_mastodon":{"url":"https:\/\/pubeurope.com\/@fr\/117221513503746681","error":""},"_links":{"self":[{"href":"https:\/\/www.europesays.com\/fr\/wp-json\/wp\/v2\/posts\/1169958","targetHints":{"allow":["GET"]}}],"collection":[{"href":"https:\/\/www.europesays.com\/fr\/wp-json\/wp\/v2\/posts"}],"about":[{"href":"https:\/\/www.europesays.com\/fr\/wp-json\/wp\/v2\/types\/post"}],"author":[{"embeddable":true,"href":"https:\/\/www.europesays.com\/fr\/wp-json\/wp\/v2\/users\/2"}],"replies":[{"embeddable":true,"href":"https:\/\/www.europesays.com\/fr\/wp-json\/wp\/v2\/comments?post=1169958"}],"version-history":[{"count":0,"href":"https:\/\/www.europesays.com\/fr\/wp-json\/wp\/v2\/posts\/1169958\/revisions"}],"wp:featuredmedia":[{"embeddable":true,"href":"https:\/\/www.europesays.com\/fr\/wp-json\/wp\/v2\/media\/1169959"}],"wp:attachment":[{"href":"https:\/\/www.europesays.com\/fr\/wp-json\/wp\/v2\/media?parent=1169958"}],"wp:term":[{"taxonomy":"category","embeddable":true,"href":"https:\/\/www.europesays.com\/fr\/wp-json\/wp\/v2\/categories?post=1169958"},{"taxonomy":"post_tag","embeddable":true,"href":"https:\/\/www.europesays.com\/fr\/wp-json\/wp\/v2\/tags?post=1169958"}],"curies":[{"name":"wp","href":"https:\/\/api.w.org\/{rel}","templated":true}]}}