{"id":1169966,"date":"2026-09-06T01:39:57","date_gmt":"2026-09-06T01:39:57","guid":{"rendered":"https:\/\/www.europesays.com\/fr\/1169966\/"},"modified":"2026-09-06T01:39:57","modified_gmt":"2026-09-06T01:39:57","slug":"annecy-fait-tomber-grenoble-dans-le-derby-des-alpes-100e-victoire-en-ligue-2-pour-les-reds","status":"publish","type":"post","link":"https:\/\/www.europesays.com\/fr\/1169966\/","title":{"rendered":"Annecy fait tomber Grenoble dans le derby des Alpes, 100e victoire en Ligue 2 pour les Reds"},"content":{"rendered":"<p itemprop=\"description\"><strong>Annecy repart de Grenoble avec le derby et trois points au bout du suspense. Apr\u00e8s avoir vu les Is\u00e9rois revenir au score, les joueurs de Laurent Guyot ont trouv\u00e9 les ressources pour s\u2019imposer 2-1 gr\u00e2ce \u00e0 Paul Venot \u00e0 la 90e+1 minute.<\/strong><\/p>\n<p>La rencontre a pourtant mis du temps \u00e0 s\u2019animer. Apr\u00e8s une premi\u00e8re p\u00e9riode ferm\u00e9e, Grenoble a m\u00eame cru prendre les commandes au retour des vestiaires, mais son but a \u00e9t\u00e9 refus\u00e9 pour une position de hors-jeu.<\/p>\n<p>Laurent Guyot a alors trouv\u00e9 la solution sur son banc. Entr\u00e9 \u00e0 la 56e minute, Thibault Rambaud a d\u00e9bloqu\u00e9 la rencontre neuf minutes plus tard. Apr\u00e8s une acc\u00e9l\u00e9ration de Zepiqueno Redmond et une premi\u00e8re frappe repouss\u00e9e par Alexandre Olliero, l\u2019attaquant ann\u00e9cien a repris le ballon d\u2019un retourn\u00e9 pour inscrire son quatri\u00e8me but face au GF38.<\/p>\n<p>Les Haut-Savoyards n\u2019ont toutefois pas r\u00e9ussi \u00e0 conserver longtemps leur avantage. \u00c0 la 74e minute, L\u00e9l\u00e9 Diba a conclu une belle combinaison grenobloise pour remettre les deux \u00e9quipes \u00e0 \u00e9galit\u00e9.<\/p>\n<p>Annecy a finalement eu le dernier mot. Dans le temps additionnel, Julien Kouadio a une nouvelle fois fait la diff\u00e9rence avec un centre pr\u00e9cis pour Paul Venot, dont la t\u00eate a tromp\u00e9 Olliero et offert la victoire aux siens.<\/p>\n<p>Le FC Annecy signe ainsi son troisi\u00e8me succ\u00e8s en cinq rencontres et sort vainqueur de ce derby des Alpes apr\u00e8s avoir r\u00e9cemment affront\u00e9 Reims et Metz. Il s\u2019agit de la 100e victoire ann\u00e9cienne en deuxi\u00e8me division fran\u00e7aise, de plus, amass\u00e9e contre leurs rivaux locaux.<\/p>\n<p>Les Haut-Savoyards poursuivront leur s\u00e9rie de d\u00e9placements samedi 12 septembre \u00e0 Guingamp, \u00e0 14h.<\/p>\n","protected":false},"excerpt":{"rendered":"Annecy repart de Grenoble avec le derby et trois points au bout du suspense. Apr\u00e8s avoir vu les&hellip;\n","protected":false},"author":2,"featured_media":1169967,"comment_status":"","ping_status":"","sticky":false,"template":"","format":"standard","meta":{"footnotes":"","_share_on_mastodon":"0"},"categories":[9566],"tags":[1111,68173,11,68174,68175,68172,3853,2430,650,7734,2889,2263,1777,674,68177,1011,27,2731,4638,68176,6417,1114,68179,12,68170,7732,3725,1825,68169,68171,25,5508,68178,68180],"class_list":["post-1169966","post","type-post","status-publish","format-standard","has-post-thumbnail","category-grenoble","tag-actu","tag-actualite-savoie","tag-actualites","tag-actualites-alpes","tag-actualites-annecy","tag-actualites-haute-savoie","tag-annecy","tag-auvergne-rhone-alpes","tag-cinema","tag-ecoute","tag-emission","tag-equipe","tag-eu","tag-europe","tag-evenements-annecy","tag-fr","tag-france","tag-grenoble","tag-haute-savoie","tag-info-annecy","tag-information","tag-infos","tag-meteo-annecy","tag-news","tag-ods-annecy","tag-odsradio","tag-podcast","tag-radio","tag-radio-annecy","tag-radio-haute-savoie","tag-republique-francaise","tag-savoie","tag-sorties-annecy","tag-trafic-annecy"],"share_on_mastodon":{"url":"","error":"Validation failed: Text character limit of 500 exceeded"},"_links":{"self":[{"href":"https:\/\/www.europesays.com\/fr\/wp-json\/wp\/v2\/posts\/1169966","targetHints":{"allow":["GET"]}}],"collection":[{"href":"https:\/\/www.europesays.com\/fr\/wp-json\/wp\/v2\/posts"}],"about":[{"href":"https:\/\/www.europesays.com\/fr\/wp-json\/wp\/v2\/types\/post"}],"author":[{"embeddable":true,"href":"https:\/\/www.europesays.com\/fr\/wp-json\/wp\/v2\/users\/2"}],"replies":[{"embeddable":true,"href":"https:\/\/www.europesays.com\/fr\/wp-json\/wp\/v2\/comments?post=1169966"}],"version-history":[{"count":0,"href":"https:\/\/www.europesays.com\/fr\/wp-json\/wp\/v2\/posts\/1169966\/revisions"}],"wp:featuredmedia":[{"embeddable":true,"href":"https:\/\/www.europesays.com\/fr\/wp-json\/wp\/v2\/media\/1169967"}],"wp:attachment":[{"href":"https:\/\/www.europesays.com\/fr\/wp-json\/wp\/v2\/media?parent=1169966"}],"wp:term":[{"taxonomy":"category","embeddable":true,"href":"https:\/\/www.europesays.com\/fr\/wp-json\/wp\/v2\/categories?post=1169966"},{"taxonomy":"post_tag","embeddable":true,"href":"https:\/\/www.europesays.com\/fr\/wp-json\/wp\/v2\/tags?post=1169966"}],"curies":[{"name":"wp","href":"https:\/\/api.w.org\/{rel}","templated":true}]}}