{"id":1169968,"date":"2026-09-06T01:41:15","date_gmt":"2026-09-06T01:41:15","guid":{"rendered":"https:\/\/www.europesays.com\/fr\/1169968\/"},"modified":"2026-09-06T01:41:15","modified_gmt":"2026-09-06T01:41:15","slug":"en-pleins-travaux-disolation-un-incendie-se-declenche-dans-les-combles-dune-maison-rennaise","status":"publish","type":"post","link":"https:\/\/www.europesays.com\/fr\/1169968\/","title":{"rendered":"En pleins travaux d\u2019isolation, un incendie se d\u00e9clenche dans les combles d\u2019une maison rennaise"},"content":{"rendered":"<p class=\"su-standfirst chapeau\">Le toit d\u2019une maison a pris feu, ce samedi 5\u00a0septembre 2026, dans le quartier du Landry \u00e0 Rennes\u00a0(Ille-et-Vilaine). Des travaux d\u2019isolation \u00e9taient en cours.<\/p>\n<p>                                        <img decoding=\"async\" class=\"su-media\" src=\"https:\/\/media.ouest-france.fr\/v1\/pictures\/MjAyNjA5MmQ0MmUwYWE0OWZjMjFlMmQyYzQxZDY0ZDJkNzQxMTc?width=630&amp;height=354&amp;focuspoint=50%2C25&amp;cropresize=1&amp;client_id=bpeditorial&amp;sign=3cab8b9f16fe238a3e6f3dbbe98ba39a69a37916c7282f6345fd462fa34bb9e5\" alt=\"Le feu a pris dans les combles d\u2019une maison du quartier du Landry, \u00e0 Rennes.\"  \/><\/p>\n<p>                            Le feu a pris dans les combles d\u2019une maison du quartier du Landry, \u00e0 Rennes. | OUEST-FRANCE<\/p>\n<p>                            fermer<\/p>\n<ul class=\"su-row su-carrousel-container su-not-list\" data-suswipe=\"{\" rambo=\"\" .carrousel-nav-bas=\"\" .item=\"\">\n<li class=\"su-col-xs-6 su-col-md-24 carrousel-contenu su-carrousel-item\" data-ofvwidth=\"{\" mobileonly=\"\"><img decoding=\"async\" data-ofmaxheight=\"\" class=\"su-media lazyload\" alt=\"Le feu a pris dans les combles d\u2019une maison du quartier du Landry, \u00e0 Rennes.\" src=\"data:image\/png;base64,iVBORw0KGgoAAAANSUhEUgAAABAAAAAJCAYAAAA7KqwyAAAAGXRFWHRTb2Z0d2FyZQBBZG9iZSBJbWFnZVJlYWR5ccllPAAAABhJREFUeNpi\/P\/\/PwMlgHHUgFEDgAAgwAD+lBrvy+NcxAAAAABJRU5ErkJggg==\" data-oflazyload=\"{&quot;srcset&quot;:&quot;https:\/\/media.ouest-france.fr\/v1\/pictures\/MjAyNjA5MmQ0MmUwYWE0OWZjMjFlMmQyYzQxZDY0ZDJkNzQxMTc?width=320&amp;focuspoint=50%2C25&amp;cropresize=1&amp;client_id=bpeditorial&amp;sign=8caeb03b097b41a8bd43505437cfaec4584bc60eb16a24fc108a44cbea1482ab 320w,https:\/\/media.ouest-france.fr\/v1\/pictures\/MjAyNjA5MmQ0MmUwYWE0OWZjMjFlMmQyYzQxZDY0ZDJkNzQxMTc?width=375&amp;focuspoint=50%2C25&amp;cropresize=1&amp;client_id=bpeditorial&amp;sign=8309c61e26a73c3c2f82a89e3118ada267cfd20dd903cb230049c28290bb6cdf 360w,https:\/\/media.ouest-france.fr\/v1\/pictures\/MjAyNjA5MmQ0MmUwYWE0OWZjMjFlMmQyYzQxZDY0ZDJkNzQxMTc?width=480&amp;focuspoint=50%2C25&amp;cropresize=1&amp;client_id=bpeditorial&amp;sign=ca5b80cba5d58edbf1aada1c17b06f289eacc95b1acd6e38c67e50e99e8bdff0 480w,https:\/\/media.ouest-france.fr\/v1\/pictures\/MjAyNjA5MmQ0MmUwYWE0OWZjMjFlMmQyYzQxZDY0ZDJkNzQxMTc?width=630&amp;focuspoint=50%2C25&amp;cropresize=1&amp;client_id=bpeditorial&amp;sign=10cf9fe241c11d879c6817123a54fcfbacca87ab1d9b912ff0f2f0213fabbca2 630w,https:\/\/media.ouest-france.fr\/v1\/pictures\/MjAyNjA5MmQ0MmUwYWE0OWZjMjFlMmQyYzQxZDY0ZDJkNzQxMTc?width=940&amp;focuspoint=50%2C25&amp;cropresize=1&amp;client_id=bpeditorial&amp;sign=e22ee477bc7d9a1d5b2a03ad62c9a5de2b14bac22cbefae77498911488a7f276 940w,https:\/\/media.ouest-france.fr\/v1\/pictures\/MjAyNjA5MmQ0MmUwYWE0OWZjMjFlMmQyYzQxZDY0ZDJkNzQxMTc?width=1260&amp;focuspoint=50%2C25&amp;cropresize=1&amp;client_id=bpeditorial&amp;sign=bb4a4bc2a84ac633c7172cdb3fce4183d964bd6456acb0cf902459d0d52d9c8f 1260w&quot;}\"\/>Le feu a pris dans les combles d\u2019une maison du quartier du Landry, \u00e0 Rennes. | OUEST-FRANCE<\/li>\n<\/ul>\n<p data-ofstats-scroll=\"read_depth_70\">Ce sont des travaux d\u2019isolation qui auraient d\u00e9clench\u00e9 l\u2019incendie. Ce samedi 5\u00a0septembre 2026, dans une maison du quartier du Landry, des travaux sont en cours lorsque les combles prennent feu. D\u00e9p\u00each\u00e9s sur place, seize pompiers rennais ont rapidement \u00e9teint l\u2019incendie \u00e0 l\u2019aide d\u2019une lance. Les trois habitants de cette maison, dont un enfant, ainsi que la maison mitoyenne, ont \u00e9t\u00e9 \u00e9vacu\u00e9s sans \u00eatre incommod\u00e9s par les fum\u00e9es.<\/p>\n<p class=\"su-line-height-m\"><strong>Lire aussi\u00a0:<\/strong> <a data-trk-internal-link=\"a lire aussi\" data-trk-sipa=\"{\" blockcategory=\"\" lire=\"\" aussi=\"\" appartement=\"\" d=\"\" dans=\"\" un=\"\" incendie=\"\" rennes=\"\" :=\"\" pr=\"\" de=\"\" pompiers=\"\" mobilis=\"\" href=\"https:\/\/www.ouest-france.fr\/faits-divers\/incendie\/un-appartement-detruit-dans-un-incendie-a-rennes-pres-de-40-pompiers-mobilises-07db733a-a92d-11f1-a3f7-c4f38a0eaa1c\" rel=\"- nofollow noopener\" target=\"_blank\">Un appartement d\u00e9truit dans un incendie \u00e0 Rennes : pr\u00e8s de 40 pompiers mobilis\u00e9s<\/a><\/p>\n<p>                        <img decoding=\"async\" class=\"su-media\" title=\"Le feu a pris dans les combles d\u2019une maison du quartier du Landry, \u00e0 Rennes.\" src=\"data:image\/png;base64,iVBORw0KGgoAAAANSUhEUgAAABAAAAAJCAYAAAA7KqwyAAAAGXRFWHRTb2Z0d2FyZQBBZG9iZSBJbWFnZVJlYWR5ccllPAAAABhJREFUeNpi\/P\/\/PwMlgHHUgFEDgAAgwAD+lBrvy+NcxAAAAABJRU5ErkJggg==\" data-oflazyload=\"{&quot;srcset&quot;:&quot;https:\/\/media.ouest-france.fr\/v1\/pictures\/MjAyNjA5ODZmNWJiNWIyZGQ5NTY1MDM3ZWIwYmJhMzJkOWQ3MGM?width=320&amp;focuspoint=50%2C25&amp;cropresize=1&amp;client_id=bpeditorial&amp;sign=636b4d851147845db4615fbabdca6b9480d97327f6cc26736eb81bd5795bafdf 280w, https:\/\/media.ouest-france.fr\/v1\/pictures\/MjAyNjA5ODZmNWJiNWIyZGQ5NTY1MDM3ZWIwYmJhMzJkOWQ3MGM?width=375&amp;focuspoint=50%2C25&amp;cropresize=1&amp;client_id=bpeditorial&amp;sign=675432978ec4bcfb6133d2a56ba36d2df3133c31dd10343f11ebc9c494ee0462 360w, https:\/\/media.ouest-france.fr\/v1\/pictures\/MjAyNjA5ODZmNWJiNWIyZGQ5NTY1MDM3ZWIwYmJhMzJkOWQ3MGM?width=480&amp;focuspoint=50%2C25&amp;cropresize=1&amp;client_id=bpeditorial&amp;sign=b8714d043eaefd70b22a68ec916d903d1ce718201404158b53379fcd50e34cd1 480w, https:\/\/media.ouest-france.fr\/v1\/pictures\/MjAyNjA5ODZmNWJiNWIyZGQ5NTY1MDM3ZWIwYmJhMzJkOWQ3MGM?width=630&amp;focuspoint=50%2C25&amp;cropresize=1&amp;client_id=bpeditorial&amp;sign=b0a19d545813c171a893f608189e01577145c1e063a6c4d8174d0f7a3b6324bf 630w, https:\/\/media.ouest-france.fr\/v1\/pictures\/MjAyNjA5ODZmNWJiNWIyZGQ5NTY1MDM3ZWIwYmJhMzJkOWQ3MGM?width=940&amp;focuspoint=50%2C25&amp;cropresize=1&amp;client_id=bpeditorial&amp;sign=295aba41244742e49182b020f3b71f95c68e818f64a1814a5ea90b33294cf3ad 940w, https:\/\/media.ouest-france.fr\/v1\/pictures\/MjAyNjA5ODZmNWJiNWIyZGQ5NTY1MDM3ZWIwYmJhMzJkOWQ3MGM?width=1260&amp;focuspoint=50%2C25&amp;cropresize=1&amp;client_id=bpeditorial&amp;sign=b8db44937aafd4c553db7994a4829d017bb425639caa1b7be4f61419f5a5a518 1260w&quot; }\"\/><\/p>\n<p>                    Le feu a pris dans les combles d\u2019une maison du quartier du Landry, \u00e0 Rennes. | OUEST-FRANCE<br \/>\n                    Voir en plein \u00e9cran<\/p>\n<p>                    <img decoding=\"async\" class=\"media\" title=\"Le feu a pris dans les combles d\u2019une maison du quartier du Landry, \u00e0 Rennes.\" data-oflazyload=\"{&quot;srcset&quot;:&quot;https:\/\/media.ouest-france.fr\/v1\/pictures\/MjAyNjA5ODZmNWJiNWIyZGQ5NTY1MDM3ZWIwYmJhMzJkOWQ3MGM?width=320&amp;focuspoint=50%2C25&amp;cropresize=1&amp;client_id=bpeditorial&amp;sign=636b4d851147845db4615fbabdca6b9480d97327f6cc26736eb81bd5795bafdf 280w, https:\/\/media.ouest-france.fr\/v1\/pictures\/MjAyNjA5ODZmNWJiNWIyZGQ5NTY1MDM3ZWIwYmJhMzJkOWQ3MGM?width=375&amp;focuspoint=50%2C25&amp;cropresize=1&amp;client_id=bpeditorial&amp;sign=675432978ec4bcfb6133d2a56ba36d2df3133c31dd10343f11ebc9c494ee0462 360w, https:\/\/media.ouest-france.fr\/v1\/pictures\/MjAyNjA5ODZmNWJiNWIyZGQ5NTY1MDM3ZWIwYmJhMzJkOWQ3MGM?width=480&amp;focuspoint=50%2C25&amp;cropresize=1&amp;client_id=bpeditorial&amp;sign=b8714d043eaefd70b22a68ec916d903d1ce718201404158b53379fcd50e34cd1 480w, https:\/\/media.ouest-france.fr\/v1\/pictures\/MjAyNjA5ODZmNWJiNWIyZGQ5NTY1MDM3ZWIwYmJhMzJkOWQ3MGM?width=630&amp;focuspoint=50%2C25&amp;cropresize=1&amp;client_id=bpeditorial&amp;sign=b0a19d545813c171a893f608189e01577145c1e063a6c4d8174d0f7a3b6324bf 630w, https:\/\/media.ouest-france.fr\/v1\/pictures\/MjAyNjA5ODZmNWJiNWIyZGQ5NTY1MDM3ZWIwYmJhMzJkOWQ3MGM?width=940&amp;focuspoint=50%2C25&amp;cropresize=1&amp;client_id=bpeditorial&amp;sign=295aba41244742e49182b020f3b71f95c68e818f64a1814a5ea90b33294cf3ad 940w, https:\/\/media.ouest-france.fr\/v1\/pictures\/MjAyNjA5ODZmNWJiNWIyZGQ5NTY1MDM3ZWIwYmJhMzJkOWQ3MGM?width=1260&amp;focuspoint=50%2C25&amp;cropresize=1&amp;client_id=bpeditorial&amp;sign=b8db44937aafd4c553db7994a4829d017bb425639caa1b7be4f61419f5a5a518 1260w&quot; }\"\/><br \/>\n                    Le feu a pris dans les combles d\u2019une maison du quartier du Landry, \u00e0 Rennes. | OUEST-FRANCE<\/p>\n<p data-ofstats-scroll=\"read_depth_100\">Le feu a \u00e9t\u00e9 contenu au grenier et \u00e0 la toiture mais n\u2019a pas gagn\u00e9 le premier \u00e9tage et le rez-de-chauss\u00e9e. La famille sera relog\u00e9e chez des proches. Les voisins ont pu regagner leur logement.<\/p>\n","protected":false},"excerpt":{"rendered":"Le toit d\u2019une maison a pris feu, ce samedi 5\u00a0septembre 2026, dans le quartier du Landry \u00e0 Rennes\u00a0(Ille-et-Vilaine).&hellip;\n","protected":false},"author":2,"featured_media":1169969,"comment_status":"","ping_status":"","sticky":false,"template":"","format":"standard","meta":{"footnotes":"","_share_on_mastodon":"0"},"categories":[2821],"tags":[1111,11,829,1777,674,118,1011,27,1310,12,584,25],"class_list":["post-1169968","post","type-post","status-publish","format-standard","has-post-thumbnail","category-rennes","tag-actu","tag-actualites","tag-bretagne","tag-eu","tag-europe","tag-faits-divers","tag-fr","tag-france","tag-incendie","tag-news","tag-rennes","tag-republique-francaise"],"share_on_mastodon":{"url":"https:\/\/pubeurope.com\/@fr\/117221557043133199","error":""},"_links":{"self":[{"href":"https:\/\/www.europesays.com\/fr\/wp-json\/wp\/v2\/posts\/1169968","targetHints":{"allow":["GET"]}}],"collection":[{"href":"https:\/\/www.europesays.com\/fr\/wp-json\/wp\/v2\/posts"}],"about":[{"href":"https:\/\/www.europesays.com\/fr\/wp-json\/wp\/v2\/types\/post"}],"author":[{"embeddable":true,"href":"https:\/\/www.europesays.com\/fr\/wp-json\/wp\/v2\/users\/2"}],"replies":[{"embeddable":true,"href":"https:\/\/www.europesays.com\/fr\/wp-json\/wp\/v2\/comments?post=1169968"}],"version-history":[{"count":0,"href":"https:\/\/www.europesays.com\/fr\/wp-json\/wp\/v2\/posts\/1169968\/revisions"}],"wp:featuredmedia":[{"embeddable":true,"href":"https:\/\/www.europesays.com\/fr\/wp-json\/wp\/v2\/media\/1169969"}],"wp:attachment":[{"href":"https:\/\/www.europesays.com\/fr\/wp-json\/wp\/v2\/media?parent=1169968"}],"wp:term":[{"taxonomy":"category","embeddable":true,"href":"https:\/\/www.europesays.com\/fr\/wp-json\/wp\/v2\/categories?post=1169968"},{"taxonomy":"post_tag","embeddable":true,"href":"https:\/\/www.europesays.com\/fr\/wp-json\/wp\/v2\/tags?post=1169968"}],"curies":[{"name":"wp","href":"https:\/\/api.w.org\/{rel}","templated":true}]}}