{"id":1169982,"date":"2026-09-06T01:50:18","date_gmt":"2026-09-06T01:50:18","guid":{"rendered":"https:\/\/www.europesays.com\/fr\/1169982\/"},"modified":"2026-09-06T01:50:18","modified_gmt":"2026-09-06T01:50:18","slug":"un-retour-a-nantes-en-ligue-2-cetait-impossible-estime-antoine-kombouare","status":"publish","type":"post","link":"https:\/\/www.europesays.com\/fr\/1169982\/","title":{"rendered":"Un retour \u00e0 Nantes ? \u00ab En Ligue 2, c\u2019\u00e9tait impossible \u00bb, estime Antoine Kombouar\u00e9"},"content":{"rendered":"<p>Le FC Nantes est dans une situation d\u00e9licate. Rel\u00e9gu\u00e9 en Ligue 2 \u00e0 l\u2019issue de la saison derni\u00e8re,<a href=\"https:\/\/www.foot-national.com\/actus\/nantes-michel-der-zakarian-debarque-de-son-poste-dentraineur-son-successeur-deja-connu-954218\" rel=\"nofollow noopener\" target=\"_blank\"> le club s\u2019est ensuite s\u00e9par\u00e9 de Michel Der Zakarian, pourtant arriv\u00e9 pendant l\u2019\u00e9t\u00e9<\/a>, apr\u00e8s les trois premi\u00e8res journ\u00e9es de championnat ponctu\u00e9es par trois d\u00e9faites (Red Star, Laval, Rodez). Pour le remplacer, la direction avait pens\u00e9 \u00e0 un autre ancien de la maison, Antoine Kombouar\u00e9, qui a d\u00e9j\u00e0 \u00e9t\u00e9 \u00e0 la t\u00eate de l\u2019\u00e9quipe entre 2021 et 2023, puis entre 2024 et 2025, avant de finalement opter pour Gr\u00e9gory Poirier. D\u00e9sormais libre de tout contrat depuis son d\u00e9part du Paris FC en fin de saison derni\u00e8re, l\u2019ancien d\u00e9fenseur central est sorti du silence ces derni\u00e8res heures.<\/p>\n<p><strong>Antoine Kombouar\u00e9 \u00e9voque les rumeurs d\u2019un retour au FC Nantes\u00a0<\/strong><\/p>\n<p>Invit\u00e9 de l\u2019\u00e9mission du Cazarre encha\u00een\u00e9 sur les ondes de RMC ces derni\u00e8res heures, l\u2019homme de 62 ans est revenu sur les \u00e9ventuelles rumeurs l\u2019envoyant entra\u00eener les Canaris pour la troisi\u00e8me fois : \u00ab Je ne me suis jamais pos\u00e9 la question. Ils m&rsquo;ont propos\u00e9 une troisi\u00e8me fois de revenir quand ils \u00e9taient en Ligue 1 (la saison derni\u00e8re), j&rsquo;ai dit non. En Ligue 2, m\u00eame si j&rsquo;adore ce club, c&rsquo;\u00e9tait impossible. J&rsquo;ai toujours du respect pour Waldemar Kita. Si aujourd&rsquo;hui il y a un club \u00e0 Nantes, c&rsquo;est parce qu&rsquo;il y a Kita qui est l\u00e0 pour renflouer les caisses, il faut dire ce qui est. Aujourd&rsquo;hui, aucun joueur ne peut se plaindre de ne pas avoir \u00e9t\u00e9 pay\u00e9 ou d&rsquo;avoir eu des retards de salaires. On a eu une discussion, \u00e7&rsquo;a \u00e9t\u00e9 rapide, je lui ai dit : \u00a0\u00bbVous me laissez travailler et le jour o\u00f9 vous n&rsquo;\u00eates pas content de moi, vous me d\u00eetes stop. Mais vous ne pouvez pas intervenir\u00a0\u00bb\u00bb, a-t-il assur\u00e9 selon des propos retranscrits par <a href=\"https:\/\/www.lequipe.fr\/Football\/Actualites\/Antoine-kombouare-evoque-les-rumeurs-d-un-retour-au-fc-nantes-en-aout-je-ne-me-suis-jamais-pose-la-question\/1716300\" rel=\"nofollow noopener\" target=\"_blank\">L&rsquo;\u00c9quipe.<\/a><\/p>\n<p>Partagez cette info avec vos amis et vos proches en cliquant ici<br \/>Pour r\u00e9sumer<\/p>\n<p>Apr\u00e8s un d\u00e9but de saison difficile, le FC Nantes s\u2019est s\u00e9par\u00e9 de Michel Der Zakarian. Les Canaris avaient un temps song\u00e9 \u00e0 Antoine Kombouar\u00e9 pour le remplacer, mais le principal int\u00e9ress\u00e9, libre, assure ne pas vouloir repartir pour une troisi\u00e8me mandat \u00e0 la t\u00eate du club.<\/p>\n<p> <img decoding=\"async\" width=\"76\" height=\"76\" loading=\"lazy\" src=\"https:\/\/static.wui.fr\/images_v3\/avatar-footnational.png\" alt=\"Adrien Guyot\"\/><\/p>\n","protected":false},"excerpt":{"rendered":"Le FC Nantes est dans une situation d\u00e9licate. Rel\u00e9gu\u00e9 en Ligue 2 \u00e0 l\u2019issue de la saison derni\u00e8re,&hellip;\n","protected":false},"author":2,"featured_media":1169983,"comment_status":"","ping_status":"","sticky":false,"template":"","format":"standard","meta":{"footnotes":"","_share_on_mastodon":"0"},"categories":[2818],"tags":[1111,11,1777,674,1011,27,59995,766,12,2636,25],"class_list":["post-1169982","post","type-post","status-publish","format-standard","has-post-thumbnail","category-nantes","tag-actu","tag-actualites","tag-eu","tag-europe","tag-fr","tag-france","tag-ligue-2-actus","tag-nantes","tag-news","tag-pays-de-la-loire","tag-republique-francaise"],"share_on_mastodon":{"url":"","error":""},"_links":{"self":[{"href":"https:\/\/www.europesays.com\/fr\/wp-json\/wp\/v2\/posts\/1169982","targetHints":{"allow":["GET"]}}],"collection":[{"href":"https:\/\/www.europesays.com\/fr\/wp-json\/wp\/v2\/posts"}],"about":[{"href":"https:\/\/www.europesays.com\/fr\/wp-json\/wp\/v2\/types\/post"}],"author":[{"embeddable":true,"href":"https:\/\/www.europesays.com\/fr\/wp-json\/wp\/v2\/users\/2"}],"replies":[{"embeddable":true,"href":"https:\/\/www.europesays.com\/fr\/wp-json\/wp\/v2\/comments?post=1169982"}],"version-history":[{"count":0,"href":"https:\/\/www.europesays.com\/fr\/wp-json\/wp\/v2\/posts\/1169982\/revisions"}],"wp:featuredmedia":[{"embeddable":true,"href":"https:\/\/www.europesays.com\/fr\/wp-json\/wp\/v2\/media\/1169983"}],"wp:attachment":[{"href":"https:\/\/www.europesays.com\/fr\/wp-json\/wp\/v2\/media?parent=1169982"}],"wp:term":[{"taxonomy":"category","embeddable":true,"href":"https:\/\/www.europesays.com\/fr\/wp-json\/wp\/v2\/categories?post=1169982"},{"taxonomy":"post_tag","embeddable":true,"href":"https:\/\/www.europesays.com\/fr\/wp-json\/wp\/v2\/tags?post=1169982"}],"curies":[{"name":"wp","href":"https:\/\/api.w.org\/{rel}","templated":true}]}}