{"id":1169998,"date":"2026-09-06T02:01:16","date_gmt":"2026-09-06T02:01:16","guid":{"rendered":"https:\/\/www.europesays.com\/fr\/1169998\/"},"modified":"2026-09-06T02:01:16","modified_gmt":"2026-09-06T02:01:16","slug":"toko-ekambi-le-coup-de-poker-de-marseille","status":"publish","type":"post","link":"https:\/\/www.europesays.com\/fr\/1169998\/","title":{"rendered":"Toko-Ekambi, le coup de poker de Marseille ?"},"content":{"rendered":"<p>\u00c0 la recherche de solutions peu co\u00fbteuses pour reconstruire son secteur offensif, l\u2019Olympique de Marseille a coch\u00e9 le nom de Karl Toko-Ekambi.<\/p>\n<p class=\"wp-block-paragraph\">L\u2019OM pourrait miser sur l\u2019exp\u00e9rience de Karl Toko-Ekambi. Selon les informations de Foot Mercato, les dirigeants marseillais \u00e9tudient la possibilit\u00e9 de recruter l\u2019attaquant camerounais de 33 ans, actuellement libre apr\u00e8s une derni\u00e8re exp\u00e9rience \u00e0 Al-Arabi au Qatar. Une piste qui correspond aux contraintes financi\u00e8res du club, oblig\u00e9 de r\u00e9duire sa masse salariale et de vendre plusieurs joueurs avant de pouvoir recruter. Avec les possibles d\u00e9parts d\u2019Igor Paix\u00e3o, d\u00e9sormais proche de Sunderland, ou encore d\u2019Amine Gouiri, Marseille anticipe d\u00e9j\u00e0 la n\u00e9cessit\u00e9 de renforcer son attaque \u00e0 moindre co\u00fbt.<\/p>\n<p>Le joueur a dit \u00ab\u00a0oui\u00a0\u00bb<\/p>\n<p class=\"wp-block-paragraph\">Pass\u00e9 par Angers, Villarreal, Lyon et Rennes avant de poursuivre sa carri\u00e8re en Arabie saoudite puis au Qatar, Toko-Ekambi conna\u00eet parfaitement la Ligue 1. Son dernier passage \u00e0 Al-Arabi s\u2019est d\u2019ailleurs r\u00e9v\u00e9l\u00e9 plut\u00f4t convaincant avec 5 buts en 9 rencontres. Libre depuis un mois, l\u2019ancien Lyonnais souhaite trouver un nouveau challenge et serait s\u00e9duit par la possibilit\u00e9 de revenir en France. L\u2019int\u00e9r\u00eat marseillais lui pla\u00eet et il serait pr\u00eat \u00e0 rejoindre l\u2019OM.<\/p>\n<p class=\"wp-block-paragraph\">Son arriv\u00e9e reste n\u00e9anmoins directement conditionn\u00e9e aux mouvements des prochains jours. Marseille ne devrait acc\u00e9l\u00e9rer que si un ou plusieurs attaquants quittent l\u2019effectif de Bruno Genesio. Dans ce contexte, Toko-Ekambi appara\u00eet comme une solution d\u2019opportunit\u00e9, puisqu\u2019aucune indemnit\u00e9 de transfert ne serait n\u00e9cessaire. Une option qui pourrait devenir particuli\u00e8rement concr\u00e8te si le d\u00e9part de Paix\u00e3o \u00e0 Sunderland, n\u00e9goci\u00e9 autour de 30 millions d\u2019euros plus 5 millions de bonus, venait \u00e0 \u00eatre d\u00e9finitivement boucl\u00e9.<\/p>\n<blockquote class=\"twitter-tweet\" data-width=\"550\" data-dnt=\"true\">\n<p lang=\"fr\" dir=\"ltr\">\ud83d\udea8\ud83d\udea8 L\u2019OM A ENTAM\u00c9 DES DISCUSSIONS AVEC LES AGENTS DE KARL TOKO EKAMBI \ud83c\udde8\ud83c\uddf2 !!!! \ud83d\udc99\ud83e\udd0d<\/p>\n<p>Les Phoc\u00e9ens doivent vendre avant d\u2019aller plus loin dans les n\u00e9gociations.<\/p>\n<p>\ud83d\uddde\ufe0f <a href=\"https:\/\/x.com\/Santi_J_FM?ref_src=twsrc%5Etfw\" rel=\"nofollow\">@Santi_J_FM<\/a> <a href=\"https:\/\/t.co\/m5ERTWp4Ql\" rel=\"nofollow\">pic.twitter.com\/m5ERTWp4Ql<\/a><\/p>\n<p>\u2014 Actu Foot (@ActuFoot_) <a href=\"https:\/\/x.com\/ActuFoot_\/status\/2092627355411874177?ref_src=twsrc%5Etfw\" rel=\"nofollow\">August 26, 2026<\/a><\/p><\/blockquote>\n<p>\t\t<script async src=\"https:\/\/platform.twitter.com\/widgets.js\" charset=\"utf-8\"><\/script><\/p>\n","protected":false},"excerpt":{"rendered":"\u00c0 la recherche de solutions peu co\u00fbteuses pour reconstruire son secteur offensif, l\u2019Olympique de Marseille a coch\u00e9 le&hellip;\n","protected":false},"author":2,"featured_media":1169999,"comment_status":"","ping_status":"","sticky":false,"template":"","format":"standard","meta":{"footnotes":"","_share_on_mastodon":"0"},"categories":[2814],"tags":[1111,11,1777,674,1011,27,884,12,882,25],"class_list":["post-1169998","post","type-post","status-publish","format-standard","has-post-thumbnail","category-marseille","tag-actu","tag-actualites","tag-eu","tag-europe","tag-fr","tag-france","tag-marseille","tag-news","tag-provence-alpes-cote-dazur","tag-republique-francaise"],"share_on_mastodon":{"url":"https:\/\/pubeurope.com\/@fr\/117221633942056402","error":""},"_links":{"self":[{"href":"https:\/\/www.europesays.com\/fr\/wp-json\/wp\/v2\/posts\/1169998","targetHints":{"allow":["GET"]}}],"collection":[{"href":"https:\/\/www.europesays.com\/fr\/wp-json\/wp\/v2\/posts"}],"about":[{"href":"https:\/\/www.europesays.com\/fr\/wp-json\/wp\/v2\/types\/post"}],"author":[{"embeddable":true,"href":"https:\/\/www.europesays.com\/fr\/wp-json\/wp\/v2\/users\/2"}],"replies":[{"embeddable":true,"href":"https:\/\/www.europesays.com\/fr\/wp-json\/wp\/v2\/comments?post=1169998"}],"version-history":[{"count":0,"href":"https:\/\/www.europesays.com\/fr\/wp-json\/wp\/v2\/posts\/1169998\/revisions"}],"wp:featuredmedia":[{"embeddable":true,"href":"https:\/\/www.europesays.com\/fr\/wp-json\/wp\/v2\/media\/1169999"}],"wp:attachment":[{"href":"https:\/\/www.europesays.com\/fr\/wp-json\/wp\/v2\/media?parent=1169998"}],"wp:term":[{"taxonomy":"category","embeddable":true,"href":"https:\/\/www.europesays.com\/fr\/wp-json\/wp\/v2\/categories?post=1169998"},{"taxonomy":"post_tag","embeddable":true,"href":"https:\/\/www.europesays.com\/fr\/wp-json\/wp\/v2\/tags?post=1169998"}],"curies":[{"name":"wp","href":"https:\/\/api.w.org\/{rel}","templated":true}]}}