{"id":1170000,"date":"2026-09-06T02:02:26","date_gmt":"2026-09-06T02:02:26","guid":{"rendered":"https:\/\/www.europesays.com\/fr\/1170000\/"},"modified":"2026-09-06T02:02:26","modified_gmt":"2026-09-06T02:02:26","slug":"lyon-yannick-alleno-et-norbert-tarayre-arrivent-mauro-colagreco-sen-va-les-infos-gourmandes-de-la-rentree","status":"publish","type":"post","link":"https:\/\/www.europesays.com\/fr\/1170000\/","title":{"rendered":"Lyon. Yannick All\u00e9no et Norbert Tarayre arrivent, Mauro Colagreco s\u2019en va\u00a0: les infos gourmandes de la rentr\u00e9e"},"content":{"rendered":"<p>                            Ils ont ouvert, ils ont chang\u00e9<strong> Le Modulo, pour manger sur l\u2019eau <\/strong><\/p>\n<p>Pour rester dans un esprit \u201cvacances\u201d, il faut vite red\u00e9couvrir la p\u00e9niche le Modulo , arrim\u00e9e quai Sarrail. <a href=\"https:\/\/www.leprogres.fr\/magazine-cuisine-et-vins\/2026\/08\/28\/au-modulo-une-cuisine-simple-mais-raffinee-a-savourer-en-flottant-sur-le-rhone\" target=\"_blank\" rel=\"nofollow noopener\">Le seul bateau-restaurant de l\u2019agglom\u00e9ration ouvert toute l\u2019ann\u00e9e, est revenu fin juillet,<\/a> et peut d\u00e9sormais accueillir plus de 400 personnes. La cuisine de brasserie est mont\u00e9e en gamme, avec notamment l\u2019arriv\u00e9e d\u2019un p\u00e2tissier, et la terrasse est tout simplement bluffante. \u00c0 d\u00e9guster au coucher du soleil, avec une tr\u00e8s belle lumi\u00e8re sur la Presqu\u2019\u00cele\u2026<\/p>\n<p class=\"note\">15, quai du G\u00e9n\u00e9ral Sarrail, Lyon 6e<\/p>\n<p><strong> Le youtubeur Amixem a ouvert son restaurant de burgers <\/strong><\/p>\n<p>D\u2019origine lyonnaise, le youtubeur Amixem, sp\u00e9cialis\u00e9 dans les vid\u00e9os de vulgarisation scientifique, a d\u00e9cid\u00e9 de se d\u00e9velopper en franchise et a choisi Lyon pour ouvrir sa toute premi\u00e8re adresse. Depuis juillet, on peut retrouver \u00e0 Starsmash ses smashburgers, jusqu\u2019ici uniquement disponibles en livraison.<\/p>\n<p class=\"note\">10, rue du Palais Grillet, Lyon 2e<\/p>\n<p><strong>Brume invite Norbert Tarayre<\/strong><\/p>\n<p>L\u2019une des&#8230;<\/p>\n","protected":false},"excerpt":{"rendered":"Ils ont ouvert, ils ont chang\u00e9 Le Modulo, pour manger sur l\u2019eau Pour rester dans un esprit \u201cvacances\u201d,&hellip;\n","protected":false},"author":2,"featured_media":1170001,"comment_status":"","ping_status":"","sticky":false,"template":"","format":"standard","meta":{"footnotes":"","_share_on_mastodon":"0"},"categories":[1889],"tags":[1111,11,2430,4406,130,1687,33,2757,1777,674,107,1011,27,2428,2756,6016,12,25,2429,273,3151],"class_list":["post-1170000","post","type-post","status-publish","format-standard","has-post-thumbnail","category-lyon","tag-actu","tag-actualites","tag-auvergne-rhone-alpes","tag-commerce-et-services","tag-consommation","tag-culture-loisirs","tag-economie","tag-edition-lyon-villeurbanne","tag-eu","tag-europe","tag-fil-info","tag-fr","tag-france","tag-lyon","tag-lyon-bassin","tag-magazine-cuisine-et-vins","tag-news","tag-republique-francaise","tag-rhone","tag-selection-de-la-redaction","tag-selection-de-la-redaction-69"],"share_on_mastodon":{"url":"","error":""},"_links":{"self":[{"href":"https:\/\/www.europesays.com\/fr\/wp-json\/wp\/v2\/posts\/1170000","targetHints":{"allow":["GET"]}}],"collection":[{"href":"https:\/\/www.europesays.com\/fr\/wp-json\/wp\/v2\/posts"}],"about":[{"href":"https:\/\/www.europesays.com\/fr\/wp-json\/wp\/v2\/types\/post"}],"author":[{"embeddable":true,"href":"https:\/\/www.europesays.com\/fr\/wp-json\/wp\/v2\/users\/2"}],"replies":[{"embeddable":true,"href":"https:\/\/www.europesays.com\/fr\/wp-json\/wp\/v2\/comments?post=1170000"}],"version-history":[{"count":0,"href":"https:\/\/www.europesays.com\/fr\/wp-json\/wp\/v2\/posts\/1170000\/revisions"}],"wp:featuredmedia":[{"embeddable":true,"href":"https:\/\/www.europesays.com\/fr\/wp-json\/wp\/v2\/media\/1170001"}],"wp:attachment":[{"href":"https:\/\/www.europesays.com\/fr\/wp-json\/wp\/v2\/media?parent=1170000"}],"wp:term":[{"taxonomy":"category","embeddable":true,"href":"https:\/\/www.europesays.com\/fr\/wp-json\/wp\/v2\/categories?post=1170000"},{"taxonomy":"post_tag","embeddable":true,"href":"https:\/\/www.europesays.com\/fr\/wp-json\/wp\/v2\/tags?post=1170000"}],"curies":[{"name":"wp","href":"https:\/\/api.w.org\/{rel}","templated":true}]}}