{"id":1170038,"date":"2026-09-06T02:31:15","date_gmt":"2026-09-06T02:31:15","guid":{"rendered":"https:\/\/www.europesays.com\/fr\/1170038\/"},"modified":"2026-09-06T02:31:15","modified_gmt":"2026-09-06T02:31:15","slug":"pas-de-championnat-du-monde-pour-tadej-pogacar-actualite","status":"publish","type":"post","link":"https:\/\/www.europesays.com\/fr\/1170038\/","title":{"rendered":"Pas de Championnat du Monde pour Tadej Pogacar &#8211; Actualit\u00e9"},"content":{"rendered":"<p dir=\"ltr\">Il y aura un nouveau Champion du Monde fin septembre \u00e0 Montr\u00e9al. La formation UAE Team Emirates XRG a officialis\u00e9 ce samedi midi la fin de saison de <strong><a href=\"https:\/\/www.directvelo.com\/articles\/131718\/Tadej%20Pogacar\" rel=\"nofollow noopener\" target=\"_blank\">Tadej Pogacar<\/a><\/strong>, double tenant du titre, \u00e0 la suite de sa chute sur le Tour d\u2019Espagne.\u00a0<strong><a href=\"https:\/\/www.directvelo.com\/actualite\/131612\/tadej-pogacar-a-ete-opere\" target=\"_blank\" rel=\"noopener nofollow\">Il a pour rappel \u00e9t\u00e9 op\u00e9r\u00e9 de la clavicule ce lundi<\/a><\/strong>. Il manquera donc \u00e9galement le Tour de Lombardie o\u00f9 il a gagn\u00e9 les cinq derni\u00e8res \u00e9ditions et le Championnat d&rsquo;Europe pr\u00e9vu&#8230; en Slov\u00e9nie.<\/p>\n<p dir=\"ltr\">UAE Team Emirates XRG en a profit\u00e9 pour officialiser la prolongation de contrat de son coureur vedette jusqu\u2019\u00e0 fin 2032. Il aura alors 34 ans. Il \u00e9volue pour rappel avec la WorldTeam \u00e9miratie depuis 2019.<\/p>\n","protected":false},"excerpt":{"rendered":"Il y aura un nouveau Champion du Monde fin septembre \u00e0 Montr\u00e9al. La formation UAE Team Emirates XRG&hellip;\n","protected":false},"author":2,"featured_media":1170039,"comment_status":"","ping_status":"","sticky":false,"template":"","format":"standard","meta":{"footnotes":"","_share_on_mastodon":"0"},"categories":[1411],"tags":[834,828,836,829,837,827,83,826,824,823,1154,207,814,817,815,816,822,821,832,211,839,1011,27,820,818,819,835,831,830,833,838,60,212,208,825],"class_list":["post-1170038","post","type-post","status-publish","format-standard","has-post-thumbnail","category-cyclisme","tag-attaque","tag-belgique","tag-braquet","tag-bretagne","tag-chute","tag-competition","tag-coupe-de-france","tag-coureur","tag-course-cyclisme","tag-course-cycliste","tag-cycling","tag-cyclisme","tag-direct","tag-direct-velo","tag-directvelo","tag-directvelo-com","tag-epreuve","tag-epreuve-cycliste","tag-federation-francaise-de-cyclisme","tag-ffc","tag-flandres","tag-fr","tag-france","tag-live","tag-live-course","tag-live-epreuve","tag-peloton","tag-radio-peloton","tag-radio-tour","tag-ravitaillement","tag-relance","tag-sports","tag-uci","tag-velo","tag-velos"],"share_on_mastodon":{"url":"https:\/\/pubeurope.com\/@fr\/117221752145325092","error":""},"_links":{"self":[{"href":"https:\/\/www.europesays.com\/fr\/wp-json\/wp\/v2\/posts\/1170038","targetHints":{"allow":["GET"]}}],"collection":[{"href":"https:\/\/www.europesays.com\/fr\/wp-json\/wp\/v2\/posts"}],"about":[{"href":"https:\/\/www.europesays.com\/fr\/wp-json\/wp\/v2\/types\/post"}],"author":[{"embeddable":true,"href":"https:\/\/www.europesays.com\/fr\/wp-json\/wp\/v2\/users\/2"}],"replies":[{"embeddable":true,"href":"https:\/\/www.europesays.com\/fr\/wp-json\/wp\/v2\/comments?post=1170038"}],"version-history":[{"count":0,"href":"https:\/\/www.europesays.com\/fr\/wp-json\/wp\/v2\/posts\/1170038\/revisions"}],"wp:featuredmedia":[{"embeddable":true,"href":"https:\/\/www.europesays.com\/fr\/wp-json\/wp\/v2\/media\/1170039"}],"wp:attachment":[{"href":"https:\/\/www.europesays.com\/fr\/wp-json\/wp\/v2\/media?parent=1170038"}],"wp:term":[{"taxonomy":"category","embeddable":true,"href":"https:\/\/www.europesays.com\/fr\/wp-json\/wp\/v2\/categories?post=1170038"},{"taxonomy":"post_tag","embeddable":true,"href":"https:\/\/www.europesays.com\/fr\/wp-json\/wp\/v2\/tags?post=1170038"}],"curies":[{"name":"wp","href":"https:\/\/api.w.org\/{rel}","templated":true}]}}