{"id":1170046,"date":"2026-09-06T02:37:45","date_gmt":"2026-09-06T02:37:45","guid":{"rendered":"https:\/\/www.europesays.com\/fr\/1170046\/"},"modified":"2026-09-06T02:37:45","modified_gmt":"2026-09-06T02:37:45","slug":"sarah-lele-apres-sa-premiere-sur-quotidien-ce-nest-pas-parce-quon-travaille-ici-quon-na-pas-le-droit-de-critiquer-les-chroniqueurs","status":"publish","type":"post","link":"https:\/\/www.europesays.com\/fr\/1170046\/","title":{"rendered":"Sarah L\u00e9l\u00e9 apr\u00e8s sa premi\u00e8re sur Quotidien: \u00ab\u00a0Ce n&rsquo;est pas parce qu&rsquo;on travaille ici qu&rsquo;on n&rsquo;a pas le droit de critiquer les chroniqueurs\u00a0\u00bb"},"content":{"rendered":"<p class=\"ap-StoryElement ap-StoryElement--mb ap-StoryText\"><b>Comment s&rsquo;est pass\u00e9 le premier enregistrement, dans quel \u00e9tat d&rsquo;esprit \u00e9tiez-vous?<\/b><\/p>\n<p class=\"ap-StoryElement ap-StoryElement--mb ap-StoryText\">Je savais que je devais faire ma premi\u00e8re chronique depuis juin, donc j&rsquo;avais vraiment h\u00e2te de me lancer. Quand j&rsquo;avais fait le test, \u00e7a s&rsquo;\u00e9tait tr\u00e8s bien pass\u00e9, alors j&rsquo;\u00e9tais impatiente de le faire devant un vrai public. Je savais aussi que <a href=\"https:\/\/www.lalibre.be\/culture\/medias-tele\/2026\/02\/02\/jamel-debbouze-sexprime-sur-son-refus-de-participer-a-lol-qui-rit-sort-5AOJLDFBZNEL7BHIRZ5CA7N27E\/\" target=\"_self\" rel=\"nofollow noopener\">Jamel (Debbouze<\/a>, NdlR) serait l\u00e0, donc je savais que j&rsquo;allais \u00eatre dans de bonnes conditions pour une premi\u00e8re. J&rsquo;ai eu de la chance parce que Jamel et Ilyes (Djadel, NdlR), je les connais du Comedy Club. Ce sont deux personnes qui m&rsquo;ont donn\u00e9 beaucoup d&rsquo;opportunit\u00e9s et qui m&rsquo;appr\u00e9cient \u00e9norm\u00e9ment, donc je savais que j&rsquo;allais \u00eatre bien entour\u00e9e et qu&rsquo;ils allaient me donner de la force. C&rsquo;est souvent difficile d&rsquo;arriver en tant qu&rsquo;invit\u00e9e quand personne ne te conna\u00eet, surtout pour une premi\u00e8re exp\u00e9rience comme celle-l\u00e0. Mais eux savaient que je n&rsquo;\u00e9tais pas habitu\u00e9e \u00e0 faire \u00e7a et je savais qu&rsquo;ils seraient l\u00e0 pour me soutenir. J&rsquo;ai vraiment eu une bonne \u00e9toile. \u00c7a m&rsquo;a fait tr\u00e8s plaisir.<\/p>\n<p class=\"ap-StoryElement ap-StoryElement--mb ap-StoryText\"><b>Comment vous \u00eates-vous retrouv\u00e9e au casting de cette nouvelle saison ? Est-ce que ce sont eux qui vous ont contact\u00e9e ?<\/b><\/p>\n<p class=\"ap-StoryElement ap-StoryElement--mb ap-StoryText\">\u00c0 la base, j&rsquo;\u00e9tais all\u00e9e sur Quotidien pour faire la promotion de l&rsquo;\u00e9mission que j&rsquo;ai faite sur Netflix, Dans la sauce. Comme tout s&rsquo;est fait assez rapidement, on a d\u00fb faire la promo dans un d\u00e9lai tr\u00e8s court. Je fais donc mon passage dans Quotidien et, apparemment, ils ont beaucoup aim\u00e9 mon \u00e9nergie. Pourtant, je n&rsquo;avais pas dit grand-chose, mais je pense qu&rsquo;ils ont bien accroch\u00e9 \u00e0 mon mood. Du coup, ils m&rsquo;envoient un message le soir m\u00eame pour me proposer de venir faire un test le lendemain. Et l\u00e0, je leur dis : \u00ab\u00a0Excusez-moi, mais j&rsquo;ai une vie ! Je suis \u00e0 Marrakech, j&rsquo;ai un programme !\u00a0\u00bb(rires) Finalement, je suis all\u00e9e faire le test \u00e0 mon retour du Maroc. J&rsquo;ai appel\u00e9 mon co-auteur, Wary Nichen, qui a \u00e9t\u00e9 vraiment tr\u00e8s, tr\u00e8s important dans l&rsquo;\u00e9criture de la chronique. On l&rsquo;a \u00e9crite ensemble, puis je suis all\u00e9e faire le test. Et juste apr\u00e8s, ils m&rsquo;ont dit : \u00ab\u00a0Vas-y, c&rsquo;est bon !\u00a0\u00bb<\/p>\n<p><a href=\"https:\/\/www.lalibre.be\/lifestyle\/people\/2026\/08\/30\/une-autre-humoriste-belge-debarque-dans-lemission-quotidien-2Z2AKAPOIFDN7PMTW7DVG7CVBI\/\" target=\"_self\" class=\"ap-StoryInterstitialLink ap-StoryElement ap-StoryElement--mb\" rel=\"nofollow noopener\">Une humoriste belge d\u00e9barque dans l&rsquo;\u00e9mission \u00ab\u00a0Quotidien\u00a0\u00bb<\/a><\/p>\n<p class=\"ap-StoryElement ap-StoryElement--mb ap-StoryText\"><b>Quelles \u00e9taient les plus grandes difficult\u00e9s pour \u00e9crire votre premi\u00e8re chronique ?<\/b><\/p>\n<p class=\"ap-StoryElement ap-StoryElement--mb ap-StoryText\">L&rsquo;id\u00e9e, c&rsquo;\u00e9tait vraiment de cr\u00e9er un m\u00e9tissage entre mon univers et celui de Quotidien. Mais c&rsquo;est compliqu\u00e9, parce que c&rsquo;est un peu comme si on te disait : \u00ab\u00a0Int\u00e8gre-toi, mais sors du lot quand m\u00eame\u00a0\u00bb. Il fallait donc trouver le juste milieu pour le test, et \u00e7a a march\u00e9. Le plus compliqu\u00e9 avec Quotidien, c&rsquo;est justement de r\u00e9ussir \u00e0 combiner ton univers avec le leur. Tout ce qui est visuel, audiovisuel, les jingles, les animations\u2026 c&rsquo;est assez nouveau pour nous, les humoristes. On n&rsquo;est pas forc\u00e9ment habitu\u00e9s \u00e0 travailler comme \u00e7a, \u00e0 penser une chronique avec toute cette dimension visuelle. Quand tu arrives dans les bureaux de<a href=\"https:\/\/www.lalibre.be\/culture\/medias-tele\/2026\/03\/31\/lemballement-soudain-autour-de-lemission-quotidien-interpelle-meme-le-wall-street-journal-26N3BSOUUZCPPKNJALC44IV6OI\/\" target=\"_self\" rel=\"nofollow noopener\"> Quotidien<\/a>, tu d\u00e9couvres le p\u00f4le jingles, le p\u00f4le IA\u2026 Il y a tout un tas d&rsquo;\u00e9quipes et de m\u00e9tiers auxquels on n&rsquo;est pas forc\u00e9ment confront\u00e9s dans notre quotidien. C&rsquo;est hyper diff\u00e9rent de ce qu&rsquo;on fait habituellement. Par rapport \u00e0 la radio, par exemple, ce sont vraiment deux mondes diff\u00e9rents.<\/p>\n<p class=\"ap-StoryElement ap-StoryElement--mb ap-StoryText\"><b>Et vous commencez directement avec un sujet plut\u00f4t sensible, les bad buzz. Mimi Mathy, Lena Situations, Paul Gasnier\u2026 Vous saviez o\u00f9 vous mettiez les pieds ?<\/b><\/p>\n<p class=\"ap-StoryElement ap-StoryElement--mb ap-StoryText\">C&rsquo;est vrai que Quotidien est au c\u0153ur de certains scandales depuis pas mal de temps. Moi, j&rsquo;avoue je ne regarde pas Quotidien tous les jours, mais quand j&rsquo;ai vu passer sur les r\u00e9seaux la s\u00e9quence de Paul Gasnier sur Lena Situations, je ne pouvais pas passer \u00e0 c\u00f4t\u00e9. L&rsquo;id\u00e9e, c&rsquo;\u00e9tait vraiment de faire une s\u00e9quence sur \u00ab\u00a0comment survivre \u00e0 un bad buzz\u00a0\u00bb, sans donner de r\u00e9elle solution, parce qu&rsquo;en r\u00e9alit\u00e9, il n&rsquo;y en a jamais vraiment. Je savais que je devais faire une chronique sur les bad buzz et, comme le premier de la semaine concernait Quotidien, je me suis dit qu&rsquo;il fallait que je joue le jeu \u00e0 fond. Quand j&rsquo;ai propos\u00e9 l&rsquo;id\u00e9e, ils se sont eux-m\u00eames rendu compte que \u00e7a pouvait \u00eatre une forme d&rsquo;autocritique. Et ils ont accept\u00e9 sans aucun probl\u00e8me. Il n&rsquo;y a vraiment pas eu de souci. L&rsquo;id\u00e9e, c&rsquo;est justement que ce n&rsquo;est pas parce qu&rsquo;on travaille ici qu&rsquo;on n&rsquo;a pas le droit de critiquer les chroniqueurs qui sont l\u00e0. Mais ce qui m&rsquo;a surtout choqu\u00e9e dans le bad buzz autour de Paul Gasnier, c&rsquo;est que, oui, il dit des dingueries \u00e0 propos de Lena Situations et du g\u00e9nocide \u00e0 Gaza. Mais la v\u00e9rit\u00e9, c&rsquo;est qu&rsquo;\u00e0 c\u00f4t\u00e9, il y a Salhia Brakhlia, qui fait une chronique sur un colon isra\u00e9lien. Et personne n&rsquo;a fait buzzer \u00e7a.<\/p>\n<p><a href=\"https:\/\/www.lalibre.be\/lifestyle\/magazine\/2026\/09\/01\/le-grand-show-de-lena-situations-sur-fond-de-polemiques-cest-presque-meprisant-envers-son-audience-T3POCZJXIZG4DFPWUQXIUO65FA\/\" target=\"_self\" class=\"ap-StoryInterstitialLink ap-StoryElement ap-StoryElement--mb\" rel=\"nofollow noopener\">Le grand show de Lena Situations sur fond de pol\u00e9miques : \u00ab\u00a0C&rsquo;est presque m\u00e9prisant envers son audience\u00a0\u00bb<\/a><\/p>\n<p class=\"ap-StoryElement ap-StoryElement--mb ap-StoryText\"><b>N&rsquo;avez-vous pas eu peur de faire vous-m\u00eame un bad buzz ? On sait que l&rsquo;audience de Quotidien est particuli\u00e8rement importante\u2026<\/b><\/p>\n<p class=\"ap-StoryElement ap-StoryElement--mb ap-StoryText\">C&rsquo;est tr\u00e8s dur, les bad buzz. Si \u00e7a tombe sur toi, bonne chance. Et puis, tous les bad buzz ne sont pas justifi\u00e9s. \u00c9videmment, je fais attention quand j&rsquo;\u00e9cris, parce que je sais que \u00e7a peut offenser ou \u00eatre mal interpr\u00e9t\u00e9. On fait attention, surtout quand tu passes devant une grande audience comme celle de Quotidien. Je fais attention \u00e0 ce que je dis, \u00e0 ce que j&rsquo;\u00e9cris, pour ne blesser personne, mais je reste libre dans mes sujets. Par contre, je fais attention \u00e0 une chose : quand tu dis \u00e7a, est-ce que tu ne fais pas de mal \u00e0 quelqu&rsquo;un ? \u00c9videmment, il y aura toujours quelqu&rsquo;un qui sera bless\u00e9. Mais souvent, les bad buzz arrivent parce que tu as bless\u00e9 toute une communaut\u00e9 de personnes. Quand tu fais une chronique comme Paul Gasnier en parlant de <a href=\"https:\/\/www.lalibre.be\/lifestyle\/people\/2026\/07\/27\/lena-situations-annonce-la-fin-dune-de-ses-plus-celebres-series-on-passe-un-dernier-ete-ensemble-33HHK4D7ZNGRLPMJQXRRZ6LQP4\/\" target=\"_self\" rel=\"nofollow noopener\">Lena Situations<\/a>, par exemple, tu sais tr\u00e8s bien de quelle communaut\u00e9 tu parles. Et en plus, tu insinues qu&rsquo;elle est antis\u00e9mite. \u00c9videmment que \u00e7a va faire mal \u00e0 beaucoup de gens. Donc l\u00e0, l&rsquo;id\u00e9e, quand j&rsquo;\u00e9cris une chronique, c&rsquo;est de faire attention \u00e0 ne pas dire quelque chose d&rsquo;offensant envers un groupe de personnes.<\/p>\n<p class=\"ap-StoryElement ap-StoryElement--mb ap-StoryText\"><b>Vous \u00eates la deuxi\u00e8me humoriste belge \u00e0 rejoindre Quotidien, apr\u00e8s GuiHome, avec qui vous avez d&rsquo;ailleurs un univers humoristique assez diff\u00e9rent. Est-ce que \u00e7a vous met une forme de pression ?<\/b><\/p>\n<p class=\"ap-StoryElement ap-StoryElement--mb ap-StoryText\">Absolument pas. GuiHome est tr\u00e8s belgo-belge. Il est ce que les Fran\u00e7ais attendent du Belge. Tant mieux pour lui, tant mieux pour la France. Mais moi, si tu ne dis pas que je suis belge, les gens ne sauront jamais que je suis belge. Ici c&rsquo;est Yann Barth\u00e8s qui a dit : \u00ab\u00a0Elle vient de Bruxelles\u00a0\u00bb. Et c&rsquo;est moi qui lui ai dit de dire \u00e7a, parce que je suis tr\u00e8s fi\u00e8re de venir de Belgique. Mais la v\u00e9rit\u00e9, c&rsquo;est que je n&rsquo;ai pas d&rsquo;accent belge. Et je ne suis pas ce qu&rsquo;ils attendent de l&rsquo;humoriste belge. Quand tu regardes les humoristes qui sont venus, GuiHome, Fanny Ruwet, <a href=\"https:\/\/www.lalibre.be\/culture\/medias-tele\/2018\/12\/26\/guillermo-guiz-le-footballeur-philosophe-devenu-humoriste-si-je-me-trouve-nul-je-change-Y2IQMRBI5JHMXC4RRA7RCAWGNY\/\" target=\"_self\" rel=\"nofollow noopener\">Guillermo Guiz<\/a>, Nawell\u2026 L&rsquo;accent belge est prononc\u00e9 \u00e0 un moment. Si on ne dit pas que je suis belge, aucun Fran\u00e7ais ne pourra le savoir. J&rsquo;ai plut\u00f4t l&rsquo;humour d&rsquo;une Am\u00e9ricaine. S&rsquo;il faut accuser, il faut montrer du doigt. Je balance. Je m&rsquo;en fous, je suis presque arrogante. Et je suis tr\u00e8s fi\u00e8re d&rsquo;\u00eatre comme \u00e7a. Donc pas de pression, la Belgique, c&rsquo;est plus une carte de fiert\u00e9 pour moi qu&rsquo;une identit\u00e9 humoristique.<\/p>\n<p><a href=\"https:\/\/www.lalibre.be\/culture\/2025\/09\/13\/guihome-je-sens-que-je-suis-lovni-belge-dans-la-redaction-de-quotidien-M2JBWVHCYZEO5EWU2HPY5SOC5Q\/\" target=\"_self\" class=\"ap-StoryInterstitialLink ap-StoryElement ap-StoryElement--mb\" rel=\"nofollow noopener\">GuiHome : \u00ab\u00a0Je sens que je suis l&rsquo;ovni belge dans la r\u00e9daction de Quotidien\u00a0\u00bb<\/a><\/p>\n<p class=\"ap-StoryElement ap-StoryElement--mb ap-StoryText\"><b>Vous arrivez chez Quotidien \u00e0 un moment assez charni\u00e8re, en pleine p\u00e9riode \u00e9lectorale en France. Comment appr\u00e9hendez-vous cette p\u00e9riode ?<\/b><\/p>\n<p class=\"ap-StoryElement ap-StoryElement--mb ap-StoryText\">C&rsquo;est l\u00e0 o\u00f9 ma carte belge me sert. Parce que je ne vote pas en France. Mais la situation en France est vraiment tendue. Bon, chez nous aussi. Mais eux, c&rsquo;est beaucoup plus tendu. C&rsquo;est une<a href=\"https:\/\/www.lalibre.be\/actualite\/concept\/election-presidentielle-2027-en-france\/\" target=\"_self\" rel=\"nofollow noopener\"> \u00e9lection qui est d\u00e9terminante<\/a>. Je suis l&rsquo;une des humoristes qui pense vraiment qu&rsquo;on n&rsquo;est pas l\u00e0 uniquement pour divertir les gens. On est l\u00e0 aussi pour les informer et pour donner un point de vue. Tu sais, le m\u00e9tier d&rsquo;humoriste, il y a deux mani\u00e8res de le voir. Est-ce que c&rsquo;est du divertissement ou de la prise de conscience ? Je pense que nous, on doit \u00eatre dans la prise de conscience.<\/p>\n<p class=\"ap-StoryElement ap-StoryElement--mb ap-StoryText\"><b>Qu&rsquo;est-ce que \u00e7a repr\u00e9sente pour vous de prendre encore davantage votre place sur la sc\u00e8ne fran\u00e7aise ?<\/b><\/p>\n<p class=\"ap-StoryElement ap-StoryElement--mb ap-StoryText\">\u00c7a repr\u00e9sente \u00e9norm\u00e9ment de choses pour moi. En vrai, c&rsquo;est surtout beaucoup de fiert\u00e9, parce que je suis partie de Bruxelles justement parce qu&rsquo;on m&rsquo;avait beaucoup appel\u00e9e en France, particuli\u00e8rement \u00e0 Paris. Je suis partie avec une vraie envie de tenter ma chance, mais pas forc\u00e9ment comme la majorit\u00e9 des gens qui partent en se disant : \u00ab\u00a0Vas-y, on va essayer de faire notre tour l\u00e0-bas\u00a0\u00bb. J&rsquo;ai eu l&rsquo;extr\u00eame chance et l&rsquo;extr\u00eame honneur d&rsquo;arriver \u00e0 Paris alors que, dans le milieu, beaucoup de gens me connaissaient d\u00e9j\u00e0. Quand je suis arriv\u00e9e, ils \u00e9taient contents de m&rsquo;accueillir. Je suis rapidement entr\u00e9e dans la majorit\u00e9 des endroits o\u00f9 je travaille aujourd&rsquo;hui, notamment les comedy clubs. Mais arriver \u00e0 ce stade-l\u00e0, jusqu&rsquo;\u00e0 Quotidien, parce que mine de rien, je suis partie il y a seulement un an et demi\u2026 C&rsquo;est inimaginable. En fait, j&rsquo;ai vraiment l&rsquo;impression que les \u00e9toiles se sont align\u00e9es pour moi. Je suis arriv\u00e9e, j&rsquo;ai travaill\u00e9, j&rsquo;ai fait les choses les unes apr\u00e8s les autres. Et puis Quotidien a relanc\u00e9 son recrutement, et j&rsquo;en ai fait partie. J&rsquo;ai travaill\u00e9 avec Canal +, avec Jamel, j&rsquo;ai fait des choses sur YouTube, avec Netflix\u2026 J&rsquo;ai fait Montreux, Juste pour rire, plein de projets diff\u00e9rents. Et finalement, tout \u00e7a m&rsquo;a amen\u00e9e jusqu&rsquo;\u00e0 Quotidien. Donc, en vrai, c&rsquo;est une immense fiert\u00e9 d&rsquo;avoir fait ce parcours-l\u00e0 \u00e0 Paris, surtout quand on sait que Paris n&rsquo;est pas un endroit facile. Il y a \u00e9norm\u00e9ment d&rsquo;artistes, \u00e0 une \u00e9chelle qui est presque incommensurable. \u00c0 Paris, un artiste na\u00eet toutes les secondes !<\/p>\n<p class=\"ap-StoryElement ap-StoryElement--mb ap-StoryText\"><b>La RTBF lance aussi son Quotidien Belge, est-ce qu&rsquo;ils vous ont propos\u00e9 ?<\/b><\/p>\n<p class=\"ap-StoryElement ap-StoryElement--mb ap-StoryText\">Mais non, je ne savais pas ! La presse belge, elle m&rsquo;appelle jamais pour ce genre de choses. Moi, je suis tr\u00e8s contente d&rsquo;\u00eatre \u00e0 Quotidien, vraiment. Mais je suis aussi parfois d\u00e9\u00e7ue parce que la Belgique, j&rsquo;y ai beaucoup travaill\u00e9. J&rsquo;ai port\u00e9 le drapeau tellement de fois, tellement fort, avec tellement de fiert\u00e9. J&rsquo;ai repr\u00e9sent\u00e9 la Belgique partout o\u00f9 je pouvais. J&rsquo;ai tout fait. Et quand il y a des projets comme \u00e7a, ils ne m&rsquo;appellent jamais. Ils ne m&rsquo;appellent jamais ! Tu ne peux pas, \u00e0 chaque fois, laisser partir ton talent comme \u00e7a et attendre que les autres viennent le d\u00e9couvrir ailleurs. \u00c0 un moment donn\u00e9, il faut aussi savoir reconna\u00eetre les gens qui sont l\u00e0, qui travaillent, qui repr\u00e9sentent le pays et qui ont envie de faire des choses chez eux.<\/p>\n","protected":false},"excerpt":{"rendered":"Comment s&rsquo;est pass\u00e9 le premier enregistrement, dans quel \u00e9tat d&rsquo;esprit \u00e9tiez-vous? Je savais que je devais faire ma&hellip;\n","protected":false},"author":2,"featured_media":1170047,"comment_status":"","ping_status":"","sticky":false,"template":"","format":"standard","meta":{"footnotes":"","_share_on_mastodon":"0"},"categories":[1356],"tags":[6051,58,59,1011,27,252,1364],"class_list":["post-1170046","post","type-post","status-publish","format-standard","has-post-thumbnail","category-television","tag-bruxelles-villes","tag-divertissement","tag-entertainment","tag-fr","tag-france","tag-television","tag-tv"],"share_on_mastodon":{"url":"https:\/\/pubeurope.com\/@fr\/117221775532363240","error":""},"_links":{"self":[{"href":"https:\/\/www.europesays.com\/fr\/wp-json\/wp\/v2\/posts\/1170046","targetHints":{"allow":["GET"]}}],"collection":[{"href":"https:\/\/www.europesays.com\/fr\/wp-json\/wp\/v2\/posts"}],"about":[{"href":"https:\/\/www.europesays.com\/fr\/wp-json\/wp\/v2\/types\/post"}],"author":[{"embeddable":true,"href":"https:\/\/www.europesays.com\/fr\/wp-json\/wp\/v2\/users\/2"}],"replies":[{"embeddable":true,"href":"https:\/\/www.europesays.com\/fr\/wp-json\/wp\/v2\/comments?post=1170046"}],"version-history":[{"count":0,"href":"https:\/\/www.europesays.com\/fr\/wp-json\/wp\/v2\/posts\/1170046\/revisions"}],"wp:featuredmedia":[{"embeddable":true,"href":"https:\/\/www.europesays.com\/fr\/wp-json\/wp\/v2\/media\/1170047"}],"wp:attachment":[{"href":"https:\/\/www.europesays.com\/fr\/wp-json\/wp\/v2\/media?parent=1170046"}],"wp:term":[{"taxonomy":"category","embeddable":true,"href":"https:\/\/www.europesays.com\/fr\/wp-json\/wp\/v2\/categories?post=1170046"},{"taxonomy":"post_tag","embeddable":true,"href":"https:\/\/www.europesays.com\/fr\/wp-json\/wp\/v2\/tags?post=1170046"}],"curies":[{"name":"wp","href":"https:\/\/api.w.org\/{rel}","templated":true}]}}