{"id":1170048,"date":"2026-09-06T02:39:23","date_gmt":"2026-09-06T02:39:23","guid":{"rendered":"https:\/\/www.europesays.com\/fr\/1170048\/"},"modified":"2026-09-06T02:39:23","modified_gmt":"2026-09-06T02:39:23","slug":"concert-survolte-de-mika-venue-de-raphael-glucksmann-revivez-la-9e-journee-la-foire-de-chalons","status":"publish","type":"post","link":"https:\/\/www.europesays.com\/fr\/1170048\/","title":{"rendered":"Concert survolt\u00e9 de Mika, venue de Rapha\u00ebl Glucksmann&#8230; Revivez la 9e journ\u00e9e la Foire de Ch\u00e2lons"},"content":{"rendered":"<p>C\u2019est d\u00e9j\u00e0 le dernier week-end <a href=\"https:\/\/www.lunion.fr\/foire-de-chalons\" target=\"_blank\" rel=\"nofollow noopener\">de cette 80e \u00e9dition de la Foire<\/a>. Ce samedi 5 septembre 2026, <strong>Rapha\u00ebl Glucksmann<\/strong> a d\u00e9ambul\u00e9 dans les all\u00e9es du Capitole. Un nouveau <a href=\"https:\/\/www.lunion.fr\/id825881\/article\/2026-09-04\/declares-pressentis-candidats-une-primaire-qui-sont-les-nombreux-candidats-la\" target=\"_blank\" rel=\"nofollow noopener\">candidat \u00e0 la pr\u00e9sidentielle<\/a> et \u00e0 la primaire du Parti socialiste et de Place Publique, apr\u00e8s S\u00e9gol\u00e8ne Royal hier, J\u00e9r\u00f4me Guedj et Philippe Brun plus t\u00f4t dans la semaine. L\u2019ancienne ministre <strong>Najat Vallaud-Belkacem<\/strong> \u00e9tait \u00e9galement pr\u00e9sente.<\/p>\n<p>&#13;<br \/>\n&#13;<\/p>\n<p>&#13;<br \/>\n&#13;<\/p>\n<p>Ce samedi, la F\u00e9d\u00e9ration nationale des transports routiers expose plusieurs poids lourds. Avis aux amateurs de camions\u00a0!<\/p>\n<p>\n    <a href=\"https:\/\/www.lunion.fr\/id817063\/article\/2026-07-11\/foire-de-chalons-2026-julien-dore-mika-m-pokora-une-programmation-digne-dun\" class=\"r-stories-image-link\" rel=\"nofollow noopener\" target=\"_blank\"><\/p>\n<p>  <img decoding=\"async\" data-copyright=\"Archives Remi Wafflart\" class=\"r-img\"  typeof=\"foaf:Image\" src=\"https:\/\/www.europesays.com\/fr\/wp-content\/uploads\/2026\/09\/48446158.jpeg\" alt=\"En 2025, Jean-Louis Aubert avait ravi les fans\u00a0!\"\/><br \/>\n  <\/a><\/p>\n<p>    \u00c0 lire aussi<br \/>\n        <a href=\"https:\/\/www.lunion.fr\/id817063\/article\/2026-07-11\/foire-de-chalons-2026-julien-dore-mika-m-pokora-une-programmation-digne-dun\" class=\"r-stories--link\" rel=\"nofollow noopener\" target=\"_blank\">Concerts \u00e0 la Foire de Ch\u00e2lons : Julien Dor\u00e9, Mika, M. Pokora\u2026 la programmation compl\u00e8te<\/a><\/p>\n<p>Mika de retour \u00e0 Foire en sc\u00e8ne<\/p>\n<p>Il \u00e9tait de retour \u00e0 la Foire de Ch\u00e2lons. Le chanteur <strong>Mika,<\/strong> d\u00e9j\u00e0 de <a href=\"https:\/\/www.lunion.fr\/id519025\/article\/2023-09-10\/revivez-le-concert-survitamine-de-mika-la-foire-de-chalons\" target=\"_blank\" rel=\"nofollow noopener\">passage en 2023,<\/a> a cl\u00f4tur\u00e9 en beaut\u00e9 cette ant\u00e9p\u00e9nulti\u00e8me journ\u00e9e de la 80e \u00e9dition. La fi\u00e8vre d\u2019un samedi de Foire\u00a0!<\/p>\n<p>&#13;<br \/>\n&#13;<\/p>\n<p>Photos, vid\u00e9os, ambiance depuis les all\u00e9es du Capitole\u2026 Revivez cette neuvi\u00e8me journ\u00e9e avec notre direct ci-dessous.<\/p>\n","protected":false},"excerpt":{"rendered":"C\u2019est d\u00e9j\u00e0 le dernier week-end de cette 80e \u00e9dition de la Foire. Ce samedi 5 septembre 2026, Rapha\u00ebl&hellip;\n","protected":false},"author":2,"featured_media":1170049,"comment_status":"","ping_status":"","sticky":false,"template":"","format":"standard","meta":{"footnotes":"","_share_on_mastodon":"0"},"categories":[1355],"tags":[58,59,1011,27,120322,1361,873],"class_list":["post-1170048","post","type-post","status-publish","format-standard","has-post-thumbnail","category-musique","tag-divertissement","tag-entertainment","tag-fr","tag-france","tag-les-politiques-u00e0-la-foire-de-chu00e2lons","tag-music","tag-musique"],"share_on_mastodon":{"url":"https:\/\/pubeurope.com\/@fr\/117221785258735339","error":""},"_links":{"self":[{"href":"https:\/\/www.europesays.com\/fr\/wp-json\/wp\/v2\/posts\/1170048","targetHints":{"allow":["GET"]}}],"collection":[{"href":"https:\/\/www.europesays.com\/fr\/wp-json\/wp\/v2\/posts"}],"about":[{"href":"https:\/\/www.europesays.com\/fr\/wp-json\/wp\/v2\/types\/post"}],"author":[{"embeddable":true,"href":"https:\/\/www.europesays.com\/fr\/wp-json\/wp\/v2\/users\/2"}],"replies":[{"embeddable":true,"href":"https:\/\/www.europesays.com\/fr\/wp-json\/wp\/v2\/comments?post=1170048"}],"version-history":[{"count":0,"href":"https:\/\/www.europesays.com\/fr\/wp-json\/wp\/v2\/posts\/1170048\/revisions"}],"wp:featuredmedia":[{"embeddable":true,"href":"https:\/\/www.europesays.com\/fr\/wp-json\/wp\/v2\/media\/1170049"}],"wp:attachment":[{"href":"https:\/\/www.europesays.com\/fr\/wp-json\/wp\/v2\/media?parent=1170048"}],"wp:term":[{"taxonomy":"category","embeddable":true,"href":"https:\/\/www.europesays.com\/fr\/wp-json\/wp\/v2\/categories?post=1170048"},{"taxonomy":"post_tag","embeddable":true,"href":"https:\/\/www.europesays.com\/fr\/wp-json\/wp\/v2\/tags?post=1170048"}],"curies":[{"name":"wp","href":"https:\/\/api.w.org\/{rel}","templated":true}]}}