{"id":1170064,"date":"2026-09-06T02:48:17","date_gmt":"2026-09-06T02:48:17","guid":{"rendered":"https:\/\/www.europesays.com\/fr\/1170064\/"},"modified":"2026-09-06T02:48:17","modified_gmt":"2026-09-06T02:48:17","slug":"jai-aide-ma-mere-a-vendre-sa-maison-trois-semaines-avant-quelle-emmenage-chez-moi-a-la-caisse-de-retraite-on-ma-explique-ce-qui-sarretait-le-jour-du-demenagement","status":"publish","type":"post","link":"https:\/\/www.europesays.com\/fr\/1170064\/","title":{"rendered":"J&rsquo;ai aid\u00e9 ma m\u00e8re \u00e0 vendre sa maison trois semaines avant qu&rsquo;elle emm\u00e9nage chez moi : \u00e0 la caisse de retraite, on m&rsquo;a expliqu\u00e9 ce qui s&rsquo;arr\u00eatait le jour du d\u00e9m\u00e9nagement"},"content":{"rendered":"<p class=\"gpsb-badge__text\">Vous aimez notre contenu ?<\/p>\n<p><a class=\"gpsb-badge__link no-adv\" data-ad-skip=\"true\" href=\"https:\/\/google.com\/preferences\/source?q=journaldesseniors.20minutes.fr\" target=\"_blank\" rel=\"noopener sponsored nofollow\" aria-label=\"Ajoutez-nous \u00e0 vos favoris Google\">Ajoutez-nous \u00e0 vos<br \/>favoris Google<\/a><\/p>\n<p>Trois semaines. C&rsquo;est le d\u00e9lai entre la signature de l&rsquo;acte de vente et l&#8217;emm\u00e9nagement de ma m\u00e8re chez moi, dans la chambre d&rsquo;amis transform\u00e9e pour l&rsquo;occasion. Un d\u00e9lai qui m&rsquo;a paru raisonnable, presque confortable, jusqu&rsquo;\u00e0 ce rendez-vous \u00e0 la caisse de retraite o\u00f9 j&rsquo;ai compris que j&rsquo;avais d\u00e9clench\u00e9, sans le savoir, une m\u00e9canique administrative bien plus large que le simple changement d&rsquo;adresse.<\/p>\n<p style=\"font-weight:700;font-size:1.05em;margin:0 0 0.7em 0;color:#333;\">\u00c0 retenir<\/p>\n<ul style=\"margin:0;padding-left:1.2em;color:#444;\">\n<li style=\"margin-bottom:0.4em;\">L&rsquo;aide au logement dispara\u00eet imm\u00e9diatement, pas progressivement, d\u00e8s qu&rsquo;on quitte son domicile<\/li>\n<li style=\"margin-bottom:0.4em;\">La vente cr\u00e9e un capital qui modifie le calcul de prestations comme l&rsquo;ASPA, plusieurs ann\u00e9es apr\u00e8s<\/li>\n<li style=\"margin-bottom:0.4em;\">Chaque organisme (CAF, caisse de retraite, mutuelle) doit \u00eatre pr\u00e9venu s\u00e9par\u00e9ment d&rsquo;un changement d&rsquo;adresse<\/li>\n<\/ul>\n<p style=\"font-weight:700;margin:0 0 0.5em 0;color:#333;font-size:0.95em;\">Sommaire<\/p>\n<ol style=\"margin:0;padding-left:1.5em;font-size:0.9em;line-height:1.6;\">\n<li><a href=\"#le-jour-du-demenagement-l-aide-au-logement-s-est-arretee-net\" style=\"color:#444;text-decoration:none;\">Le jour du d\u00e9m\u00e9nagement, l&rsquo;aide au logement s&rsquo;est arr\u00eat\u00e9e net<\/a><\/li>\n<li><a href=\"#la-vente-a-fait-entrer-une-somme-dans-son-patrimoine\" style=\"color:#444;text-decoration:none;\">La vente a fait entrer une somme dans son patrimoine<\/a><\/li>\n<li><a href=\"#ce-que-la-caisse-de-retraite-m-a-explique-sur-la-recuperatio\" style=\"color:#444;text-decoration:none;\">Ce que la caisse de retraite m&rsquo;a expliqu\u00e9 sur la r\u00e9cup\u00e9ration<\/a><\/li>\n<li><a href=\"#le-seuil-qui-change-tout-108-586-euros\" style=\"color:#444;text-decoration:none;\">Le seuil qui change tout : 108 586 euros<\/a><\/li>\n<li><a href=\"#chaque-organisme-doit-etre-prevenu-separement\" style=\"color:#444;text-decoration:none;\">Chaque organisme doit \u00eatre pr\u00e9venu s\u00e9par\u00e9ment<\/a><\/li>\n<li><a href=\"#ce-que-j-aurais-fait-differemment-avant-de-signer\" style=\"color:#444;text-decoration:none;\">Ce que j&rsquo;aurais fait diff\u00e9remment avant de signer<\/a><\/li>\n<\/ol>\n<p>Le jour du d\u00e9m\u00e9nagement, l&rsquo;aide au logement s&rsquo;est arr\u00eat\u00e9e net<\/p>\n<p>Ma m\u00e8re touchait une aide au logement li\u00e9e \u00e0 sa maison. Ce montant, modeste mais r\u00e9gulier, dispara\u00eet automatiquement d\u00e8s qu&rsquo;on quitte son domicile pour s&rsquo;installer chez un proche.<\/p>\n<p>D\u00e9clarer chaque changement d&rsquo;adresse d\u00e8s qu&rsquo;il a lieu s&rsquo;impose, et en cas de retour chez les parents ou chez un enfant sans loyer, l&rsquo;aide au logement s&rsquo;arr\u00eate logiquement. Personne ne m&rsquo;avait pr\u00e9venu que la fin de l&rsquo;aide serait imm\u00e9diate, pas progressive.<\/p>\n<p>La CAF ne fait pas de sentiment sur ce point. Si le logement ne r\u00e9pond plus aux crit\u00e8res de d\u00e9cence ou si la personne vit d\u00e9sormais dans un logement appartenant \u00e0 un proche, l&rsquo;aide dispara\u00eet. Aucun courrier de relance, aucune alerte pr\u00e9ventive : c&rsquo;est \u00e0 la famille de d\u00e9clarer le changement.<\/p>\n<p> La vente a fait entrer une somme dans son patrimoine<\/p>\n<p>Voil\u00e0 ce que je n&rsquo;avais pas anticip\u00e9. Le produit de la vente ne reste pas neutre pour les aides sociales de ma m\u00e8re, il s&rsquo;ajoute \u00e0 son patrimoine et peut modifier le calcul de certaines prestations sous conditions de ressources.<\/p>\n<p>La conseill\u00e8re de la caisse de retraite a \u00e9t\u00e9 directe. Ce capital, m\u00eame plac\u00e9, peut faire basculer un dossier qui semblait stable depuis des ann\u00e9es.<\/p>\n<p>C&rsquo;est l\u00e0 qu&rsquo;est apparu un mot que je ne connaissais pas vraiment : l&rsquo;ASPA, l&rsquo;allocation de solidarit\u00e9 aux personnes \u00e2g\u00e9es, aussi appel\u00e9e minimum vieillesse. Ma m\u00e8re en b\u00e9n\u00e9ficiait depuis sa retraite, pour compl\u00e9ter une pension jug\u00e9e trop faible.<\/p>\n<p> Ce que la caisse de retraite m&rsquo;a expliqu\u00e9 sur la r\u00e9cup\u00e9ration<\/p>\n<p>Contrairement \u00e0 la plupart des prestations sociales, l&rsquo;ASPA vers\u00e9e du vivant du b\u00e9n\u00e9ficiaire peut \u00eatre r\u00e9cup\u00e9r\u00e9e par l&rsquo;\u00c9tat sur sa succession apr\u00e8s son d\u00e9c\u00e8s. Cette r\u00e8gle existe depuis longtemps, mais elle ne s&rsquo;applique qu&rsquo;\u00e0 partir d&rsquo;un certain seuil de patrimoine.<\/p>\n<p>Cette r\u00e8gle, souvent m\u00e9connue dans son d\u00e9tail exact, dissuade des milliers de retrait\u00e9s \u00e9ligibles de faire la demande chaque ann\u00e9e, alors qu&rsquo;elle ne s&rsquo;applique qu&rsquo;au-del\u00e0 d&rsquo;un seuil pr\u00e9cis et selon des plafonds annuels stricts. En clair, vendre une maison peut suffire \u00e0 faire passer une succession de \u00ab sous le seuil \u00bb \u00e0 \u00ab au-dessus \u00bb.<\/p>\n<p>Avant la vente, ma m\u00e8re n&rsquo;avait presque rien \u00e0 son nom. Apr\u00e8s, un capital dort sur un compte, en attendant d&rsquo;\u00eatre utilis\u00e9 ou transmis un jour.<\/p>\n<p>Le seuil qui change tout : 108 586 euros<\/p>\n<p>En 2026, la r\u00e9cup\u00e9ration ne s&rsquo;exerce que si l&rsquo;actif net de la succession d\u00e9passe 108 586,14 \u20ac en France m\u00e9tropolitaine, en dessous de ce seuil, les h\u00e9ritiers ne remboursent rien. Ce montant est revaloris\u00e9 chaque ann\u00e9e selon un d\u00e9cret sp\u00e9cifique.<\/p>\n<p>Le montant r\u00e9cup\u00e9rable fait l&rsquo;objet de plafonds annuels stricts d\u00e9finis par le Code de la s\u00e9curit\u00e9 sociale, et pour une personne seule, la r\u00e9cup\u00e9ration ne peut exc\u00e9der 8 463,42 \u20ac par ann\u00e9e d&rsquo;Aspa per\u00e7ue en 2026. M\u00eame sur quinze ans d&rsquo;allocation, l&rsquo;addition reste plafonn\u00e9e, ce qui limite la casse en th\u00e9orie.<\/p>\n<p>Selon la conseill\u00e8re, plusieurs situations peuvent exon\u00e9rer les h\u00e9ritiers de ce remboursement. L&rsquo;h\u00e9ritier \u00e0 la charge du b\u00e9n\u00e9ficiaire de l&rsquo;Aspa et \u00e2g\u00e9 d&rsquo;au moins 65 ans, ou 60 ans en cas d&rsquo;inaptitude au travail, peut \u00eatre exon\u00e9r\u00e9 du remboursement de l&rsquo;aide. Un point que j&rsquo;ai not\u00e9 sans vraiment savoir s&rsquo;il s&rsquo;appliquerait un jour \u00e0 moi.<\/p>\n<p> Chaque organisme doit \u00eatre pr\u00e9venu s\u00e9par\u00e9ment<\/p>\n<p>Personne ne centralise l&rsquo;information \u00e0 la place de la famille. La caisse de retraite g\u00e8re la pension et l&rsquo;ASPA, la CAF g\u00e8re l&rsquo;aide au logement, la mutuelle et les imp\u00f4ts suivent leurs propres calendriers.<\/p>\n<p>Un changement de r\u00e9sidence ou un h\u00e9bergement chez un proche peut modifier le calcul des droits, et le risque principal reste le d\u00e9calage entre la r\u00e9alit\u00e9 du foyer et les informations enregistr\u00e9es. Ce d\u00e9calage, en g\u00e9n\u00e9ral, se paie plus tard, sous forme de trop-per\u00e7u \u00e0 rembourser.<\/p>\n<p>Si la situation r\u00e9elle donne droit \u00e0 moins d&rsquo;aide, la caisse peut r\u00e9clamer un trop-per\u00e7u, et si elle donne droit \u00e0 plus d&rsquo;aide, le retard de d\u00e9claration peut cr\u00e9er une p\u00e9riode non couverte. Dans les deux cas, c&rsquo;est l&rsquo;aidant qui se retrouve \u00e0 d\u00e9m\u00ealer les papiers, des mois apr\u00e8s le d\u00e9m\u00e9nagement.<\/p>\n<p> Ce que j&rsquo;aurais fait diff\u00e9remment avant de signer<\/p>\n<p>Prendre rendez-vous \u00e0 la caisse de retraite avant la vente, et pas apr\u00e8s, aurait chang\u00e9 la donne. J&rsquo;aurais pu poser la question du seuil, du patrimoine, des exon\u00e9rations possibles, avant que le compte de ma m\u00e8re ne se remplisse.<\/p>\n<p>Le notaire, lui, s&rsquo;occupe de la vente et de la succession future, mais rarement des aides sociales en cours. Personne ne fait le lien spontan\u00e9ment entre un acte notari\u00e9 et une allocation vers\u00e9e chaque mois par une caisse diff\u00e9rente.<\/p>\n<p>Trois semaines, c&rsquo;est court pour comprendre tout \u00e7a. C&rsquo;est pourtant le d\u00e9lai qu&rsquo;ont eu beaucoup de familles avant nous, et qu&rsquo;auront sans doute beaucoup apr\u00e8s, sans que quiconque ne les pr\u00e9vienne \u00e0 l&rsquo;avance.<\/p>\n<p class=\"source-link\">Sources\u00a0: <a href=\"https:\/\/www.aide-sociale.fr\/remboursement-aspa\/\" target=\"_blank\" rel=\"noopener nofollow\">aide-sociale.fr<\/a> | <a href=\"https:\/\/bourseinside.fr\/edito\/aspa-et-succession-ce-detail-qui-oblige-vos-heritiers-a-rembourser-des-milliers-deuros-a-letat-des-que-ce-seuil-est-depasse\/\" target=\"_blank\" rel=\"noopener nofollow\">bourseinside.fr<\/a> | <a href=\"https:\/\/www.capretraite.fr\/blog\/actualites\/aspa-recuperable-sur-succession-le-seuil-de-100-000-est-il-vraiment-protecteur\/\" target=\"_blank\" rel=\"noopener nofollow\">capretraite.fr<\/a><\/p>\n","protected":false},"excerpt":{"rendered":"Vous aimez notre contenu ? Ajoutez-nous \u00e0 vosfavoris Google Trois semaines. C&rsquo;est le d\u00e9lai entre la signature de&hellip;\n","protected":false},"author":2,"featured_media":1170065,"comment_status":"","ping_status":"","sticky":false,"template":"","format":"standard","meta":{"footnotes":"","_share_on_mastodon":"0"},"categories":[4],"tags":[11,49669,18489,1011,27,12,56,39579,25,16667,36279],"class_list":["post-1170064","post","type-post","status-publish","format-standard","has-post-thumbnail","category-france","tag-actualites","tag-aide-au-logement","tag-aides-sociales","tag-fr","tag-france","tag-news","tag-push","tag-push-2","tag-republique-francaise","tag-succession","tag-vente-immobiliere"],"share_on_mastodon":{"url":"https:\/\/pubeurope.com\/@fr\/117221818860943233","error":""},"_links":{"self":[{"href":"https:\/\/www.europesays.com\/fr\/wp-json\/wp\/v2\/posts\/1170064","targetHints":{"allow":["GET"]}}],"collection":[{"href":"https:\/\/www.europesays.com\/fr\/wp-json\/wp\/v2\/posts"}],"about":[{"href":"https:\/\/www.europesays.com\/fr\/wp-json\/wp\/v2\/types\/post"}],"author":[{"embeddable":true,"href":"https:\/\/www.europesays.com\/fr\/wp-json\/wp\/v2\/users\/2"}],"replies":[{"embeddable":true,"href":"https:\/\/www.europesays.com\/fr\/wp-json\/wp\/v2\/comments?post=1170064"}],"version-history":[{"count":0,"href":"https:\/\/www.europesays.com\/fr\/wp-json\/wp\/v2\/posts\/1170064\/revisions"}],"wp:featuredmedia":[{"embeddable":true,"href":"https:\/\/www.europesays.com\/fr\/wp-json\/wp\/v2\/media\/1170065"}],"wp:attachment":[{"href":"https:\/\/www.europesays.com\/fr\/wp-json\/wp\/v2\/media?parent=1170064"}],"wp:term":[{"taxonomy":"category","embeddable":true,"href":"https:\/\/www.europesays.com\/fr\/wp-json\/wp\/v2\/categories?post=1170064"},{"taxonomy":"post_tag","embeddable":true,"href":"https:\/\/www.europesays.com\/fr\/wp-json\/wp\/v2\/tags?post=1170064"}],"curies":[{"name":"wp","href":"https:\/\/api.w.org\/{rel}","templated":true}]}}