{"id":1170074,"date":"2026-09-06T02:53:24","date_gmt":"2026-09-06T02:53:24","guid":{"rendered":"https:\/\/www.europesays.com\/fr\/1170074\/"},"modified":"2026-09-06T02:53:24","modified_gmt":"2026-09-06T02:53:24","slug":"essey-les-nancy-septembre-en-or-lhotel-de-ville-sillumine-contre-le-cancer-pediatrique","status":"publish","type":"post","link":"https:\/\/www.europesays.com\/fr\/1170074\/","title":{"rendered":"Essey-l\u00e8s-Nancy. Septembre en or\u00a0: l\u2019h\u00f4tel de ville s\u2019illumine contre le cancer p\u00e9diatrique"},"content":{"rendered":"<p>Tout au long du mois de septembre, la mairie se pare d\u2019une lumi\u00e8re dor\u00e9e, dans le cadre de la campagne nationale Septembre en or, consacr\u00e9e \u00e0 la sensibilisation aux cancers p\u00e9diatriques et \u00e0 l\u2019accompagnement des jeunes malades. La commune s\u2019associe \u00e0 la mobilisation port\u00e9e par l\u2019Association pour la recherche et les \u00e9tudes dans les maladies infantiles graves. L\u2019h\u00f4tel de ville restera illumin\u00e9 chaque soir du mois.<\/p>\n","protected":false},"excerpt":{"rendered":"Tout au long du mois de septembre, la mairie se pare d\u2019une lumi\u00e8re dor\u00e9e, dans le cadre de&hellip;\n","protected":false},"author":2,"featured_media":1170075,"comment_status":"","ping_status":"","sticky":false,"template":"","format":"standard","meta":{"footnotes":"","_share_on_mastodon":"0"},"categories":[9635],"tags":[1111,11,1704,11361,1777,674,1011,27,775,11362,1702,12,25,801],"class_list":["post-1170074","post","type-post","status-publish","format-standard","has-post-thumbnail","category-nancy","tag-actu","tag-actualites","tag-edition-nancy-et-agglomeration","tag-essey-les-nancy","tag-eu","tag-europe","tag-fr","tag-france","tag-grand-est","tag-metropole-du-grand-nancy-54b3","tag-nancy","tag-news","tag-republique-francaise","tag-social"],"share_on_mastodon":{"url":"https:\/\/pubeurope.com\/@fr\/117221838435368570","error":""},"_links":{"self":[{"href":"https:\/\/www.europesays.com\/fr\/wp-json\/wp\/v2\/posts\/1170074","targetHints":{"allow":["GET"]}}],"collection":[{"href":"https:\/\/www.europesays.com\/fr\/wp-json\/wp\/v2\/posts"}],"about":[{"href":"https:\/\/www.europesays.com\/fr\/wp-json\/wp\/v2\/types\/post"}],"author":[{"embeddable":true,"href":"https:\/\/www.europesays.com\/fr\/wp-json\/wp\/v2\/users\/2"}],"replies":[{"embeddable":true,"href":"https:\/\/www.europesays.com\/fr\/wp-json\/wp\/v2\/comments?post=1170074"}],"version-history":[{"count":0,"href":"https:\/\/www.europesays.com\/fr\/wp-json\/wp\/v2\/posts\/1170074\/revisions"}],"wp:featuredmedia":[{"embeddable":true,"href":"https:\/\/www.europesays.com\/fr\/wp-json\/wp\/v2\/media\/1170075"}],"wp:attachment":[{"href":"https:\/\/www.europesays.com\/fr\/wp-json\/wp\/v2\/media?parent=1170074"}],"wp:term":[{"taxonomy":"category","embeddable":true,"href":"https:\/\/www.europesays.com\/fr\/wp-json\/wp\/v2\/categories?post=1170074"},{"taxonomy":"post_tag","embeddable":true,"href":"https:\/\/www.europesays.com\/fr\/wp-json\/wp\/v2\/tags?post=1170074"}],"curies":[{"name":"wp","href":"https:\/\/api.w.org\/{rel}","templated":true}]}}