{"id":1170076,"date":"2026-09-06T02:55:34","date_gmt":"2026-09-06T02:55:34","guid":{"rendered":"https:\/\/www.europesays.com\/fr\/1170076\/"},"modified":"2026-09-06T02:55:34","modified_gmt":"2026-09-06T02:55:34","slug":"national-1-luf-touraine-et-chateauroux-se-neutralisent-toulon-en-force-chez-le-canet-en-roussillon","status":"publish","type":"post","link":"https:\/\/www.europesays.com\/fr\/1170076\/","title":{"rendered":"National 1 : l&rsquo;UF Touraine et Ch\u00e2teauroux se neutralisent, Toulon en force chez le Canet-en-Roussillon"},"content":{"rendered":"<p>L&rsquo;UF Touraine est en train de r\u00e9ussir ses grands d\u00e9buts en National 1. Une semaine apr\u00e8s avoir remport\u00e9 le premier match de son histoire \u00e0 ce niveau (1-0 \u00e0 Limonest, ndlr), le promu a tenu t\u00eate ce samedi 5 septembre \u00e0 gros morceau de la poule C : son voisin Ch\u00e2teauroux, rel\u00e9gu\u00e9 depuis l&rsquo;\u00e9tage du dessus. Au stade de la Vall\u00e9e du Cher \u00e0 Tours, la Berrichonne est d&rsquo;ailleurs pass\u00e9e par toutes les \u00e9motions. D\u00e8s la vingti\u00e8me minute de jeu, elle a d\u00fb se s\u00e9parer de son gardien de but S\u00e9bastien R\u00e9not, touch\u00e9 au visage \u00e0 la suite d&rsquo;un duel avec un adversaire. Apr\u00e8s huit minutes d&rsquo;arr\u00eat de jeu pour se soigner, le portier castelroussin a finalement c\u00e9d\u00e9 sa place \u00e0 Moussa Ba (20e).<\/p>\n<p>Un premier coup du sort, avant un second : \u00e0 cinq minutes de la pause, Noah Bongo a manqu\u00e9 sa tentative sur penalty, d\u00e9tourn\u00e9e par le dernier rempart local Noa Isambert (40e). Puis, \u00e0 l&rsquo;heure de jeu, Djibril Diarra a laiss\u00e9 ses co\u00e9quipiers \u00e0 dix pour avoir \u00e9cop\u00e9 d&rsquo;un deuxi\u00e8me carton jaune (62e). C&rsquo;est pourtant \u00e0 dix contre onze que Ch\u00e2teauroux, \u00e0 la recherche de sa premi\u00e8re victoire cette saison (1 nul, 1 d\u00e9faite), a ouvert le score.<\/p>\n<p>L&rsquo;UF Touraine et Ch\u00e2teauroux dos \u00e0 dos<\/p>\n<p>Huit minutes apr\u00e8s son entr\u00e9e en jeu, St\u00e9phane Lamb\u00e8se a inscrit le premier but castelroussin cette saison d&rsquo;une frappe \u00e0 ras de terre (70e). Une joie de courte dur\u00e9e pour les visiteurs, repris trois minutes par une \u00e9galisation d&rsquo;Aboubacar Camara (73e, 1-1). C&rsquo;est donc dos \u00e0 dos que l&rsquo;UF Touraine et la Berrichonne ont conclu ce derby du Centre-Val-de-Loire. Prochain rendez-vous \u00e0 Istres le samedi 12 septembre pour l&rsquo;UFT, pendant que son voisin accueillera Limonest la veille (20h).<\/p>\n<p>De son c\u00f4t\u00e9, et toujours dans la poule C, Toulon a frapp\u00e9 fort chez le promu Canet-en-Roussillon. Apr\u00e8s deux matchs nuls pour d\u00e9marrer la saison, le Sporting s&rsquo;est largement impos\u00e9 gr\u00e2ce \u00e0 la premi\u00e8re r\u00e9alisation en match officiel de la recrue Anthony Payet (32e), un but contre son camp (78e) et un dernier pion sign\u00e9 Marius Reymond (79e, 0-3). Un r\u00e9sultat probant pour le SCT, \u00e0 une semaine du derby varois contre Fr\u00e9jus au stade Bon-Rencontre. Pour Canet, le retour en quatri\u00e8me division est pour le moment d\u00e9licat avec un troisi\u00e8me revers de rang et un total de 8 buts encaiss\u00e9s (pour 1 marqu\u00e9). La victoire chez le GOAL FC dans une semaine est d\u00e9j\u00e0 urgente.<\/p>\n<p><a href=\"https:\/\/www.foot-national.com\/actus\/national-1-tous-les-resultats-et-classements-de-la-troisieme-journee-955194\" rel=\"nofollow noopener\" target=\"_blank\">National 1 : tous les r\u00e9sultats et classements de la troisi\u00e8me journ\u00e9e<\/a><\/p>\n<p>Partagez cette info avec vos amis et vos proches en cliquant ici<br \/>Pour r\u00e9sumer<\/p>\n<p>Ce samedi 5 septembre, le choc de la troisi\u00e8me journ\u00e9e de National 1 entre l&rsquo;UF Touraine et Ch\u00e2teauroux s&rsquo;est conclu par un score de parit\u00e9 (1-1). Dans le m\u00eame temps, Toulon s&rsquo;est offert une jolie victoire sur le terrain du Canet-en-Roussillon (3-0).<\/p>\n<p> <img decoding=\"async\" width=\"76\" height=\"76\" loading=\"lazy\" src=\"https:\/\/www.europesays.com\/fr\/wp-content\/uploads\/2025\/04\/logo-florian-sermaise.jpg\" alt=\"Florian Sermaise\"\/><\/p>\n","protected":false},"excerpt":{"rendered":"L&rsquo;UF Touraine est en train de r\u00e9ussir ses grands d\u00e9buts en National 1. Une semaine apr\u00e8s avoir remport\u00e9&hellip;\n","protected":false},"author":2,"featured_media":1170077,"comment_status":"","ping_status":"","sticky":false,"template":"","format":"standard","meta":{"footnotes":"","_share_on_mastodon":"0"},"categories":[9619],"tags":[1111,11,1777,674,1011,27,59645,12,882,25,2310],"class_list":["post-1170076","post","type-post","status-publish","format-standard","has-post-thumbnail","category-toulon","tag-actu","tag-actualites","tag-eu","tag-europe","tag-fr","tag-france","tag-national-actus","tag-news","tag-provence-alpes-cote-dazur","tag-republique-francaise","tag-toulon"],"share_on_mastodon":{"url":"https:\/\/pubeurope.com\/@fr\/117221847625895234","error":""},"_links":{"self":[{"href":"https:\/\/www.europesays.com\/fr\/wp-json\/wp\/v2\/posts\/1170076","targetHints":{"allow":["GET"]}}],"collection":[{"href":"https:\/\/www.europesays.com\/fr\/wp-json\/wp\/v2\/posts"}],"about":[{"href":"https:\/\/www.europesays.com\/fr\/wp-json\/wp\/v2\/types\/post"}],"author":[{"embeddable":true,"href":"https:\/\/www.europesays.com\/fr\/wp-json\/wp\/v2\/users\/2"}],"replies":[{"embeddable":true,"href":"https:\/\/www.europesays.com\/fr\/wp-json\/wp\/v2\/comments?post=1170076"}],"version-history":[{"count":0,"href":"https:\/\/www.europesays.com\/fr\/wp-json\/wp\/v2\/posts\/1170076\/revisions"}],"wp:featuredmedia":[{"embeddable":true,"href":"https:\/\/www.europesays.com\/fr\/wp-json\/wp\/v2\/media\/1170077"}],"wp:attachment":[{"href":"https:\/\/www.europesays.com\/fr\/wp-json\/wp\/v2\/media?parent=1170076"}],"wp:term":[{"taxonomy":"category","embeddable":true,"href":"https:\/\/www.europesays.com\/fr\/wp-json\/wp\/v2\/categories?post=1170076"},{"taxonomy":"post_tag","embeddable":true,"href":"https:\/\/www.europesays.com\/fr\/wp-json\/wp\/v2\/tags?post=1170076"}],"curies":[{"name":"wp","href":"https:\/\/api.w.org\/{rel}","templated":true}]}}