{"id":1170087,"date":"2026-09-06T03:07:16","date_gmt":"2026-09-06T03:07:16","guid":{"rendered":"https:\/\/www.europesays.com\/fr\/1170087\/"},"modified":"2026-09-06T03:07:16","modified_gmt":"2026-09-06T03:07:16","slug":"ivre-un-patient-donne-un-coup-de-poing-a-un-infirmier-hospitalier-a-rennes-2","status":"publish","type":"post","link":"https:\/\/www.europesays.com\/fr\/1170087\/","title":{"rendered":"Ivre, un patient donne un coup de poing \u00e0 un infirmier hospitalier \u00e0 Rennes"},"content":{"rendered":"<p>\n                Article premium,<br \/>\n                    R\u00e9serv\u00e9 aux\u00a0abonn\u00e9s\n            <\/p>\n<p class=\"su-standfirst chapeau\">L\u2019homme s\u2019\u00e9tait pr\u00e9sent\u00e9 au CHU Pontchaillou de Rennes pour une blessure au bras. Il sera convoqu\u00e9 devant la justice \u00e0 l\u2019automne.<\/p>\n<p>                                        <img decoding=\"async\" class=\"su-media\" src=\"https:\/\/media.ouest-france.fr\/v1\/pictures\/MjAyNjA5OTQ0YzFmM2M2YmZlZTkwMTY3M2E0YzQxZjRmMGM1ZjA?width=630&amp;height=354&amp;focuspoint=50%2C25&amp;cropresize=1&amp;client_id=bpeditorial&amp;sign=5afbb2f832ece3c8a8d3b927c6d76862ef900b0064e63a1f8a6d081ccb41ee55\" alt=\"L\u2019entr\u00e9e des urgences du CHU Pontchaillou, \u00e0 Rennes.\"  \/><\/p>\n<p>                            L\u2019entr\u00e9e des urgences du CHU Pontchaillou, \u00e0 Rennes. | MARC OLLIVIER\/OUEST-FRANCE<\/p>\n<p>                            fermer<\/p>\n<ul class=\"su-row su-carrousel-container su-not-list\" data-suswipe=\"{\" rambo=\"\" .carrousel-nav-bas=\"\" .item=\"\">\n<li class=\"su-col-xs-6 su-col-md-24 carrousel-contenu su-carrousel-item\" data-ofvwidth=\"{\" mobileonly=\"\"><img decoding=\"async\" data-ofmaxheight=\"\" class=\"su-media lazyload\" alt=\"L\u2019entr\u00e9e des urgences du CHU Pontchaillou, \u00e0 Rennes.\" src=\"data:image\/png;base64,iVBORw0KGgoAAAANSUhEUgAAABAAAAAJCAYAAAA7KqwyAAAAGXRFWHRTb2Z0d2FyZQBBZG9iZSBJbWFnZVJlYWR5ccllPAAAABhJREFUeNpi\/P\/\/PwMlgHHUgFEDgAAgwAD+lBrvy+NcxAAAAABJRU5ErkJggg==\" data-oflazyload=\"{&quot;srcset&quot;:&quot;https:\/\/media.ouest-france.fr\/v1\/pictures\/MjAyNjA5OTQ0YzFmM2M2YmZlZTkwMTY3M2E0YzQxZjRmMGM1ZjA?width=320&amp;focuspoint=50%2C25&amp;cropresize=1&amp;client_id=bpeditorial&amp;sign=e86288919bc1307c87ed2bd91fe4f7706b39737e614bdb215b44e4955994c044 320w,https:\/\/media.ouest-france.fr\/v1\/pictures\/MjAyNjA5OTQ0YzFmM2M2YmZlZTkwMTY3M2E0YzQxZjRmMGM1ZjA?width=375&amp;focuspoint=50%2C25&amp;cropresize=1&amp;client_id=bpeditorial&amp;sign=c53d24b10db2627ea1836f9198b78a4b7047f4c98e54bdd7e9e88c7aaf19d15f 360w,https:\/\/media.ouest-france.fr\/v1\/pictures\/MjAyNjA5OTQ0YzFmM2M2YmZlZTkwMTY3M2E0YzQxZjRmMGM1ZjA?width=480&amp;focuspoint=50%2C25&amp;cropresize=1&amp;client_id=bpeditorial&amp;sign=f80a6582810fbcca66ef940ab048aaa7fc35f185baae4fea0595e895b3807fc7 480w,https:\/\/media.ouest-france.fr\/v1\/pictures\/MjAyNjA5OTQ0YzFmM2M2YmZlZTkwMTY3M2E0YzQxZjRmMGM1ZjA?width=630&amp;focuspoint=50%2C25&amp;cropresize=1&amp;client_id=bpeditorial&amp;sign=10c50d40e6ec04aa38839a77c88814037872ed11e902ed228a27b68964adeb96 630w,https:\/\/media.ouest-france.fr\/v1\/pictures\/MjAyNjA5OTQ0YzFmM2M2YmZlZTkwMTY3M2E0YzQxZjRmMGM1ZjA?width=940&amp;focuspoint=50%2C25&amp;cropresize=1&amp;client_id=bpeditorial&amp;sign=549eb7d1beb3ae7f49ceaf0613514e62105ba5ef79cbb61710eea76407978007 940w,https:\/\/media.ouest-france.fr\/v1\/pictures\/MjAyNjA5OTQ0YzFmM2M2YmZlZTkwMTY3M2E0YzQxZjRmMGM1ZjA?width=1260&amp;focuspoint=50%2C25&amp;cropresize=1&amp;client_id=bpeditorial&amp;sign=2efd6d1527eb1b78f0b3b71f011881f04a55f55e88ac5ea25b70383cc27e746b 1260w&quot;}\"\/>L\u2019entr\u00e9e des urgences du CHU Pontchaillou, \u00e0 Rennes. | MARC OLLIVIER\/OUEST-FRANCE<\/li>\n<\/ul>\n<p data-ofstats-scroll=\"read_depth_60\">Dans la nuit du vendredi\u00a04 au samedi 5\u00a0septembre 2026, vers 3\u00a0h du matin, un Bretillien de 45\u00a0ans s\u2019est pr\u00e9sent\u00e9 aux urgences du Centre hospitalier universitaire\u00a0(CHU) de Pontchaillou pour une blessure au bras. Alcoolis\u00e9, il commence \u00e0 avoir un comportement empreint de nervosit\u00e9 et d\u2019agressivit\u00e9 envers les personnels qui lui demandent de se calmer.<\/p>\n<p>En vain. Alors qu\u2019il est reconduit \u00e0 l\u2019ext\u00e9rieur des urgences, il aurait port\u00e9 un coup de poing au visage d\u2019un&#8230;<\/p>\n<p style=\"text-align: center; background-color: #dbbe4d; padding-top: 5px; padding-bottom: 5px; font-size: 14px;\"><strong>D\u00e9j\u00e0 abonn\u00e9 ? <\/strong><a data-trkartmonet=\"Identification\" data-trk-sipa=\"{\" blockcategory=\"\" paywall=\"\" href=\"http:\/\/www.ouest-france.fr\/login?redirect=https:\/\/www.ouest-france.fr\/bretagne\/rennes-35000\/ivre-un-patient-donne-un-coup-de-poing-a-un-infirmier-hospitalier-a-rennes-e881bd52-a952-11f1-a3f7-c4f38a0eaa1c\" rel=\"nofollow noopener\" title=\"Se connecter \u00e0 Ouest-France\" class=\"su-link-light\" target=\"_blank\">Connectez-vous<\/a><\/p>\n<p style=\"text-align: center; padding-top: 15px; padding-bottom: 8px; vertical-align: bottom;\">bloqu\u00e9<strong> Pour lire la suite, abonnez-vous<\/strong><\/p>\n<p style=\"text-align: center;\"><strong>1er mois \u00e0 1\u20ac<\/strong><\/p>\n<p style=\"text-align: center; margin-top: -5px;\">Annulable \u00e0 tout moment<\/p>\n<p style=\"text-align: center;\">\u00a0<\/p>\n<p style=\"text-align: center;\"><a data-ida=\"\" data-trkartmonet=\"Tunnel OF+\" data-trk-sipa=\"{&#010;\" blockcategory=\"\" paywall=\"\" :=\"\" m=\"\" of=\"\" class=\"su-button su-subscription\" data-trk-bloc=\"paywall\" href=\"https:\/\/abonnement.ouest-france.fr\/tunnel\/pack-essentiel-article\/122096117101?int_medium=lien&amp;int_campaign=PWFR0225-OF&amp;int_content=page-article-payant_boutonjaune-paywall&amp;marquesource=OF&amp;rt=https:\/\/www.ouest-france.fr\/bretagne\/rennes-35000\/ivre-un-patient-donne-un-coup-de-poing-a-un-infirmier-hospitalier-a-rennes-e881bd52-a952-11f1-a3f7-c4f38a0eaa1c\" rel=\"nofollow noopener\" target=\"_blank\"><strong>Je m&rsquo;abonne<\/strong><\/a><\/p>\n<p style=\"text-align: center; padding-top: 10px; padding-bottom: 10px;\"><img decoding=\"async\" src=\"https:\/\/media.ouest-france.fr\/v1\/fonts\/be7723fcee3f1866f1ce99184077fc6f-carte-bancaire.svg?height=36\" alt=\"CB\"\/>\u00a0\u00a0<img decoding=\"async\" src=\"https:\/\/media.ouest-france.fr\/v1\/fonts\/1819d54c599d8afa64539cfba4ac9dde-rib.svg?height=36\" alt=\"RIB\"\/>\u00a0\u00a0<img decoding=\"async\" src=\"https:\/\/media.ouest-france.fr\/v1\/fonts\/065fc80d7b6a03d14a834c224ce723e1-paypal.svg?height=36\" alt=\"PAYPAL\"\/><\/p>\n","protected":false},"excerpt":{"rendered":"Article premium, R\u00e9serv\u00e9 aux\u00a0abonn\u00e9s L\u2019homme s\u2019\u00e9tait pr\u00e9sent\u00e9 au CHU Pontchaillou de Rennes pour une blessure au bras. Il&hellip;\n","protected":false},"author":2,"featured_media":1170088,"comment_status":"","ping_status":"","sticky":false,"template":"","format":"standard","meta":{"footnotes":"","_share_on_mastodon":"0"},"categories":[2821],"tags":[1111,11,829,1777,674,118,1011,27,848,12,584,25],"class_list":["post-1170087","post","type-post","status-publish","format-standard","has-post-thumbnail","category-rennes","tag-actu","tag-actualites","tag-bretagne","tag-eu","tag-europe","tag-faits-divers","tag-fr","tag-france","tag-ille-et-vilaine","tag-news","tag-rennes","tag-republique-francaise"],"share_on_mastodon":{"url":"https:\/\/pubeurope.com\/@fr\/117221895431237951","error":""},"_links":{"self":[{"href":"https:\/\/www.europesays.com\/fr\/wp-json\/wp\/v2\/posts\/1170087","targetHints":{"allow":["GET"]}}],"collection":[{"href":"https:\/\/www.europesays.com\/fr\/wp-json\/wp\/v2\/posts"}],"about":[{"href":"https:\/\/www.europesays.com\/fr\/wp-json\/wp\/v2\/types\/post"}],"author":[{"embeddable":true,"href":"https:\/\/www.europesays.com\/fr\/wp-json\/wp\/v2\/users\/2"}],"replies":[{"embeddable":true,"href":"https:\/\/www.europesays.com\/fr\/wp-json\/wp\/v2\/comments?post=1170087"}],"version-history":[{"count":0,"href":"https:\/\/www.europesays.com\/fr\/wp-json\/wp\/v2\/posts\/1170087\/revisions"}],"wp:featuredmedia":[{"embeddable":true,"href":"https:\/\/www.europesays.com\/fr\/wp-json\/wp\/v2\/media\/1170088"}],"wp:attachment":[{"href":"https:\/\/www.europesays.com\/fr\/wp-json\/wp\/v2\/media?parent=1170087"}],"wp:term":[{"taxonomy":"category","embeddable":true,"href":"https:\/\/www.europesays.com\/fr\/wp-json\/wp\/v2\/categories?post=1170087"},{"taxonomy":"post_tag","embeddable":true,"href":"https:\/\/www.europesays.com\/fr\/wp-json\/wp\/v2\/tags?post=1170087"}],"curies":[{"name":"wp","href":"https:\/\/api.w.org\/{rel}","templated":true}]}}