{"id":117010,"date":"2025-05-21T13:58:04","date_gmt":"2025-05-21T13:58:04","guid":{"rendered":"https:\/\/www.europesays.com\/fr\/117010\/"},"modified":"2025-05-21T13:58:04","modified_gmt":"2025-05-21T13:58:04","slug":"apres-dix-huit-mois-de-travaux-le-centre-paroissial-laisse-place-a-la-maison-saint-jean-paul-ii-a-sanary","status":"publish","type":"post","link":"https:\/\/www.europesays.com\/fr\/117010\/","title":{"rendered":"Apr\u00e8s dix-huit mois de travaux, le centre paroissial laisse place \u00e0 la Maison Saint Jean-Paul II \u00e0 Sanary"},"content":{"rendered":"<p>Il aura fallu dix-huit mois de travaux pour transformer l\u2019ancien Centre paroissial Saint-Vincent en la Maison paroissiale Saint Jean-Paul II r\u00e9nov\u00e9e et agrandie, inaugur\u00e9e dimanche au cours d\u2019une c\u00e9r\u00e9monie \u00e0 l\u2019esprit \u0153cum\u00e9nique qui a r\u00e9uni le cur\u00e9 de Sanary Gabriel Dabezies, le vicaire Richard Quiroga, l\u2019\u00e9v\u00eaque de Toulon Mgr Fran\u00e7ois Touvet, la pasteur No\u00e9mie Woodward, le maire Daniel Alsters et des \u00e9lus.<\/p>\n<p>\u00ab\u00a0Un lieu de mission, de formation, de rencontres et de fraternit\u00e9\u00a0\u00bb<\/p>\n<p>Ces mots de l\u2019\u00e9v\u00eaque r\u00e9sument bien la philosophie de ce lieu qui r\u00e9unit deux b\u00e2timents sur 700 m\u00b2 autour d\u2019un patio. Leurs fonctions sont multiples, \u00e0 commencer par un presbyt\u00e8re construit pour h\u00e9berger les pr\u00eatres, avec bureaux et chapelle.<\/p>\n<p>Les parties r\u00e9nov\u00e9es comprennent un hall d\u2019accueil, une boutique de produits monastiques et litt\u00e9rature religieuse, des salles d\u00e9di\u00e9es aux activit\u00e9s paroissiales (cat\u00e9chisme, aum\u00f4nerie, formation, \u00e9vang\u00e9lisation&#8230;), aux conf\u00e9rences\/projections et \u00e0 la restauration avec cuisine, id\u00e9ale pour accueillir les Tables ouvertes solidaires du jeudi de l\u2019association Rencontres &amp; \u00c9changes. Ces travaux ont \u00e9t\u00e9 financ\u00e9s \u00e0 hauteur de deux millions d\u2019euros, issus pour les trois quarts de la vente de l\u2019ancien presbyt\u00e8re et compl\u00e9t\u00e9s par la g\u00e9n\u00e9rosit\u00e9 des paroissiens et un pr\u00eat du dioc\u00e8se.<\/p>\n<p><strong>Savoir+<\/strong><br \/>&#13;<br \/>\n\u00a0Maison paroissiale Saint Jean-Paul II, 9 traverse Philippe-Sassoon \u00e0 Sanary (par la mont\u00e9e des S\u0153urs Vincent).<\/p>\n<p>              <img ci-src=\"https:\/\/www.varmatin.com\/vie-locale\/bb0b49cb3b2867f0b731b4v_01191794-5pLEu8Fy.jpg?vh=264450&amp;ci_seal=55ff4eabc6\" alt=\"\"\/><br \/>\n        La plaque inaugurale d\u00e9voil\u00e9e par Monseigneur Touvet en pr\u00e9sence du p\u00e8re Gabriel Debazies et du maire Daniel Alsters.  <strong>Photo DR.<\/strong> <\/p>\n<p>            Un lieu charg\u00e9 d\u2019histoire<\/p>\n<p>Les origines de la Maison Saint Jean-Paul II renvoient \u00e0 un personnage embl\u00e9matique de Sanary, l\u2019homme d\u2019affaires et ancien maire Marius Michel, dit Michel Pacha. Au XIXe si\u00e8cle, il \u0153uvra pour l\u2019empire ottoman o\u00f9 il fit fortune et gagna le titre de Pacha.<\/p>\n<p>Il fit construire une somptueuse maison, mont\u00e9e Notre-Dame, encore visible aujourd\u2019hui. Mais en 1872, il perdit sa fille Am\u00e9lie, \u00e2g\u00e9e de seulement 15 ans&#8230; Accabl\u00e9 de douleur, il ne put continuer \u00e0 vivre dans cette maison, qu\u2019il offrit aux s\u0153urs Saint-Vincent-de-Paul. \u00c0 travers un bail de 99 ans, elle devint hospice et \u00e9cole, avec une chapelle construite \u00e0 l\u2019arri\u00e8re.<\/p>\n<p>\u00c0 la fin du bail, les descendants de Michel Pacha divis\u00e8rent l\u2019h\u00f4tel en appartements et la chapelle fut d\u00e9truite : \u00e0 son emplacement se trouve le nouveau presbyt\u00e8re. Quant \u00e0 l\u2019\u00e9cole, ferm\u00e9e en 1905 et rouverte apr\u00e8s la Seconde Guerre mondiale, elle fut rachet\u00e9e en 1994 par le dioc\u00e8se pour devenir le Centre Saint-Vincent.<\/p>\n<p>Une histoire riche et \u00e9mouvante comme source d\u2019inspiration pour, selon les mots du p\u00e8re Gabriel, \u00ab\u00a0faire rayonner cette maison au service de Dieu et de l\u2019humanit\u00e9\u00a0\u00bb.<\/p>\n<p>\u00a0<\/p>\n","protected":false},"excerpt":{"rendered":"Il aura fallu dix-huit mois de travaux pour transformer l\u2019ancien Centre paroissial Saint-Vincent en la Maison paroissiale Saint&hellip;\n","protected":false},"author":2,"featured_media":117011,"comment_status":"","ping_status":"","sticky":false,"template":"","format":"standard","meta":{"footnotes":""},"categories":[9619],"tags":[1111,11,1777,674,1011,27,12,882,25,2310,3366],"class_list":{"0":"post-117010","1":"post","2":"type-post","3":"status-publish","4":"format-standard","5":"has-post-thumbnail","7":"category-toulon","8":"tag-actu","9":"tag-actualites","10":"tag-eu","11":"tag-europe","12":"tag-fr","13":"tag-france","14":"tag-news","15":"tag-provence-alpes-cote-dazur","16":"tag-republique-francaise","17":"tag-toulon","18":"tag-vie-locale"},"share_on_mastodon":{"url":"https:\/\/pubeurope.com\/@fr\/114546180316065283","error":""},"_links":{"self":[{"href":"https:\/\/www.europesays.com\/fr\/wp-json\/wp\/v2\/posts\/117010","targetHints":{"allow":["GET"]}}],"collection":[{"href":"https:\/\/www.europesays.com\/fr\/wp-json\/wp\/v2\/posts"}],"about":[{"href":"https:\/\/www.europesays.com\/fr\/wp-json\/wp\/v2\/types\/post"}],"author":[{"embeddable":true,"href":"https:\/\/www.europesays.com\/fr\/wp-json\/wp\/v2\/users\/2"}],"replies":[{"embeddable":true,"href":"https:\/\/www.europesays.com\/fr\/wp-json\/wp\/v2\/comments?post=117010"}],"version-history":[{"count":0,"href":"https:\/\/www.europesays.com\/fr\/wp-json\/wp\/v2\/posts\/117010\/revisions"}],"wp:featuredmedia":[{"embeddable":true,"href":"https:\/\/www.europesays.com\/fr\/wp-json\/wp\/v2\/media\/117011"}],"wp:attachment":[{"href":"https:\/\/www.europesays.com\/fr\/wp-json\/wp\/v2\/media?parent=117010"}],"wp:term":[{"taxonomy":"category","embeddable":true,"href":"https:\/\/www.europesays.com\/fr\/wp-json\/wp\/v2\/categories?post=117010"},{"taxonomy":"post_tag","embeddable":true,"href":"https:\/\/www.europesays.com\/fr\/wp-json\/wp\/v2\/tags?post=117010"}],"curies":[{"name":"wp","href":"https:\/\/api.w.org\/{rel}","templated":true}]}}