{"id":117012,"date":"2025-05-21T13:59:08","date_gmt":"2025-05-21T13:59:08","guid":{"rendered":"https:\/\/www.europesays.com\/fr\/117012\/"},"modified":"2025-05-21T13:59:08","modified_gmt":"2025-05-21T13:59:08","slug":"elle-avait-ete-deplacee-a-leur-demande-avant-detre-retiree-les-habitants-de-ce-quartier-de-toulon-lancent-une-petition-pour-le-retour-de-leur-boite-aux-lettres","status":"publish","type":"post","link":"https:\/\/www.europesays.com\/fr\/117012\/","title":{"rendered":"Elle avait \u00e9t\u00e9 d\u00e9plac\u00e9e \u00e0 leur demande avant d&rsquo;\u00eatre retir\u00e9e: les habitants de ce quartier de Toulon lancent une p\u00e9tition pour le retour de leur bo\u00eete aux lettres"},"content":{"rendered":"<p>Les adh\u00e9rents du comit\u00e9 d\u2019int\u00e9r\u00eat local (CIL) Pont Neuf-L\u2019Escaillon sont remont\u00e9s contre les d\u00e9cideurs de la plateforme courrier de la Poste. La raison en est une bo\u00eete aux lettres collective d\u00e9plac\u00e9e en d\u00e9but d\u2019ann\u00e9e 2024, \u00e0 leur demande, de la rue R\u00e9gis-Dussere o\u00f9 elle se trouvait au milieu de poubelles envahissantes, pour \u00eatre install\u00e9e sur le trottoir, devant la pharmacie du boulevard Herriot. <strong>Mal fix\u00e9e, elle s\u2019est couch\u00e9e sur le bitume en juillet 2024.<\/strong> Des techniciens du groupe postal l\u2019ont enlev\u00e9e et depuis&#8230; Un \u00e9change de missives entre les deux parties.<\/p>\n<p>Les postiers argumentent qu\u2019un faible volume de courrier y \u00e9tait d\u00e9pos\u00e9, qu\u2019une bo\u00eete identique est implant\u00e9e \u00e0 280 m, qu\u2019\u00e0 220 m se situe le Tabac du coin, boulevard de l\u2019Escaillon, leur partenaire pour le service colis et affranchissement. Ils pr\u00e9cisent que le facteur peut se d\u00e9placer chez les personnes \u00e2g\u00e9es \u00e0 mobilit\u00e9 r\u00e9duite pour r\u00e9cup\u00e9rer le courrier \u00e0 distribuer. \u00c9ventuellement, ils proposent au CIL de r\u00e9arbitrer la localisation des bo\u00eetes en place.<\/p>\n<p>Le CIL intransigeant <\/p>\n<p>Le pr\u00e9sident Franchito r\u00e9fute ces arguments: du courrier en diminution, certes, mais toujours existant; un bar-tabac partenaire situ\u00e9 de l\u2019autre c\u00f4t\u00e9 de la voie ferr\u00e9e, accessible par la passerelle synonyme de parcours du combattant pour les personnes \u00e0 mobilit\u00e9 r\u00e9duite, les mamans avec poussettes et les seniors. Pas question de changer l\u2019implantation des points de relevage existants, <strong>le CIL milite pour un retour de la bo\u00eete aux lettres devant la pharmacie<\/strong>, et cette fois s\u00e9rieusement fix\u00e9e au sol. Le pr\u00e9sident mentionne qu\u2019une <strong>p\u00e9tition circule dans le quartier pour obtenir satisfaction.<\/strong><\/p>\n","protected":false},"excerpt":{"rendered":"Les adh\u00e9rents du comit\u00e9 d\u2019int\u00e9r\u00eat local (CIL) Pont Neuf-L\u2019Escaillon sont remont\u00e9s contre les d\u00e9cideurs de la plateforme courrier&hellip;\n","protected":false},"author":2,"featured_media":117013,"comment_status":"","ping_status":"","sticky":false,"template":"","format":"standard","meta":{"footnotes":""},"categories":[9619],"tags":[1111,11,1777,674,1011,27,12,882,25,2310,3366],"class_list":{"0":"post-117012","1":"post","2":"type-post","3":"status-publish","4":"format-standard","5":"has-post-thumbnail","7":"category-toulon","8":"tag-actu","9":"tag-actualites","10":"tag-eu","11":"tag-europe","12":"tag-fr","13":"tag-france","14":"tag-news","15":"tag-provence-alpes-cote-dazur","16":"tag-republique-francaise","17":"tag-toulon","18":"tag-vie-locale"},"share_on_mastodon":{"url":"https:\/\/pubeurope.com\/@fr\/114546184296056675","error":""},"_links":{"self":[{"href":"https:\/\/www.europesays.com\/fr\/wp-json\/wp\/v2\/posts\/117012","targetHints":{"allow":["GET"]}}],"collection":[{"href":"https:\/\/www.europesays.com\/fr\/wp-json\/wp\/v2\/posts"}],"about":[{"href":"https:\/\/www.europesays.com\/fr\/wp-json\/wp\/v2\/types\/post"}],"author":[{"embeddable":true,"href":"https:\/\/www.europesays.com\/fr\/wp-json\/wp\/v2\/users\/2"}],"replies":[{"embeddable":true,"href":"https:\/\/www.europesays.com\/fr\/wp-json\/wp\/v2\/comments?post=117012"}],"version-history":[{"count":0,"href":"https:\/\/www.europesays.com\/fr\/wp-json\/wp\/v2\/posts\/117012\/revisions"}],"wp:featuredmedia":[{"embeddable":true,"href":"https:\/\/www.europesays.com\/fr\/wp-json\/wp\/v2\/media\/117013"}],"wp:attachment":[{"href":"https:\/\/www.europesays.com\/fr\/wp-json\/wp\/v2\/media?parent=117012"}],"wp:term":[{"taxonomy":"category","embeddable":true,"href":"https:\/\/www.europesays.com\/fr\/wp-json\/wp\/v2\/categories?post=117012"},{"taxonomy":"post_tag","embeddable":true,"href":"https:\/\/www.europesays.com\/fr\/wp-json\/wp\/v2\/tags?post=117012"}],"curies":[{"name":"wp","href":"https:\/\/api.w.org\/{rel}","templated":true}]}}