{"id":1170120,"date":"2026-09-06T03:34:18","date_gmt":"2026-09-06T03:34:18","guid":{"rendered":"https:\/\/www.europesays.com\/fr\/1170120\/"},"modified":"2026-09-06T03:34:18","modified_gmt":"2026-09-06T03:34:18","slug":"ufc-paris-les-resultats-en-direct","status":"publish","type":"post","link":"https:\/\/www.europesays.com\/fr\/1170120\/","title":{"rendered":"UFC Paris : les r\u00e9sultats en direct"},"content":{"rendered":"<p data-testid=\"wcl-news-perex\" itemprop=\"description\">Suivez en direct la sixi\u00e8me \u00e9dition de l&rsquo;UFC Paris sur Flashscore. Avec en vedette les grands d\u00e9buts attendus de Salahdine Parnasse, et le duel 100% fran\u00e7ais entre Far\u00e8s Ziam.<\/p>\n<p><b>\u00c0 ce sujet &#8211; <a href=\"https:\/\/www.flashscore.fr\/actualites\/mma-ufc-ufc-paris-2026-ou-regarder-horaires-et-carte-des-combats\/YTSV2wxH\/\" data-analytics-element=\"ARTICLE_TEXT_LINK\" data-analytics-alias=\"internal\" rel=\"nofollow noopener\" target=\"_blank\">UFC Paris 2026 : o\u00f9 regarder, horaires et carte des combats<\/a><\/b><\/p>\n<p>\u00a0<\/p>\n<p><b>23h47 : SALAHDINE PARNASSE D\u00c9BUTE PAR UNE VICTOIRE !!! <\/b>D\u00e8s le premier round, le Fran\u00e7ais a fait plier <b>Dan Hooker<\/b> !<\/p>\n<p><b>23h23<\/b> : le duel 100% fran\u00e7ais a tourn\u00e9 court. <b>Axel Sola<\/b> a gratifi\u00e9 le public d&rsquo;un magnifique KO en contre, et s&rsquo;impose contre<b> Far\u00e8s Ziam<\/b>. Le Ni\u00e7ois s&rsquo;affirme \u00e0 l&rsquo;UFC !<\/p>\n<p><b>23h10<\/b> : combat relativement d\u00e9cevant (bis). <b>Michael Page<\/b> a fait le spectacle avant d&rsquo;arriver dans l&rsquo;octogone, mais s&rsquo;impose quand m\u00eame logiquement sur d\u00e9cision unanime contre <b>Nursulton Ruziboev<\/b>.<\/p>\n<p><b>22h36<\/b> : combat relativement d\u00e9cevant entre <b>Daniil Donchenko<\/b> et <b>Punahele Soriano<\/b>, logiquement remport\u00e9 sur d\u00e9cision unanime par l&rsquo;Ukrainien.\u00a0<\/p>\n<p><b>22h00<\/b> : totalement dominateur, <b>Kurtis Campbell<\/b> a fini par placer une soumission sur <b>Trevor Peek<\/b>, et s&rsquo;impose logiquement.<\/p>\n<p><b>21h22<\/b> : On comprend pourquoi <b>Losene Keita <\/b>est consid\u00e9r\u00e9 : KO d\u00e8s le premier round pour le Belge !<\/p>\n<p>C&rsquo;est l&rsquo;heure du d\u00e9but de la carte principale.<b> Losene Keita<\/b>, toujours tenu en haute estime par l&rsquo;UFC, ouvre la marche contre<b> Muhammad Naimo<\/b>.<\/p>\n<p><b>21h01<\/b> : la soir\u00e9e tourne au vinaigre pour les Fran\u00e7ais. <b>Morgan Charri\u00e8re<\/b> a \u00e9t\u00e9 outrageusement domin\u00e9 par <b>Felipe Lima<\/b>, et s&rsquo;incline logiquement sur d\u00e9cision unanime.<\/p>\n<p>C&rsquo;est l&rsquo;heure du dernier combat de la carte pr\u00e9liminaire. Avec un Fran\u00e7ais, <b>Morgan Charri\u00e8re<\/b>, grand habitu\u00e9 de l&rsquo;\u00e9v\u00e8nement, qui sera n\u00e9anmoins en danger contre <b>Felipe Lima<\/b>.\u00a0<\/p>\n<p><b>20h33<\/b> : pour le seul combat poids lourds de la soir\u00e9e, <b>M\u00e1rio Pinto<\/b> \u00e9tait sup\u00e9rieur \u00e0 <b>Ryan Spann<\/b>, et s&rsquo;impose par <b>TKO<\/b>.<\/p>\n<p><b>20h15<\/b> : deuxi\u00e8me d\u00e9faite fran\u00e7aise dans cette soir\u00e9e. <b>Oumar Sy<\/b> avait pourtant domin\u00e9 le premier round, mais il a \u00e9t\u00e9 ensuite renvers\u00e9 par <b>Modestas Bukauskas<\/b>, et s&rsquo;incline par <b>TKO<\/b>.\u00a0<\/p>\n<p><b>20h00<\/b> : Pour le premier combat sans Fran\u00e7ais de la soir\u00e9e, <b>Pavel Andrusca <\/b>a battu sur d\u00e9cision unanime <b>Nathaniel Wood<\/b>. Une belle surprise \u00e9tant donn\u00e9 que le Moldave \u00e9tait en short notice sur ce combat.\u00a0<\/p>\n<p><b>19h32<\/b> : premi\u00e8re d\u00e9faite fran\u00e7aise de la soir\u00e9e. <b>Michael Aljarouj<\/b> a globalement \u00e9t\u00e9 domin\u00e9, notamment dans le 2\u1d49 round, et s&rsquo;est logiquement inclin\u00e9 sur <b>d\u00e9cision unanime<\/b> contre <b>Fabi\u00e0 Sintes<\/b>.<\/p>\n<p>L&rsquo;heure des d\u00e9buts d&rsquo;un autre combattant fran\u00e7ais particuli\u00e8rement attendu : <b>Michael Aljarouj<\/b>, qui va se mesurer \u00e0 <b>Fabi\u00e0 Sintes<\/b>.<\/p>\n<p><b>19h05 : NORA CORNOLLE PROLONGE LA BELLE SOIR\u00c9E FRAN\u00c7AISE !!!<\/b>\u00a0Globalement dominatrice, la Fran\u00e7aise a \u00e9t\u00e9 r\u00e9compens\u00e9e par une victoire sur<b> d\u00e9cision unanime<\/b>.\u00a0<\/p>\n<p>Habitu\u00e9e de l&rsquo;UFC (3v &#8211; 3d),<b> Nora Cornolle<\/b> va tenter de se relancer apr\u00e8s deux d\u00e9faites d&rsquo;affil\u00e9e contre la Polonaise <b>Klaudia Sygula<\/b>.\u00a0<\/p>\n<p><b>18h33 : LA VICTOIRE POUR MATTHIEU LETHO DUCLOS !!!<\/b> En difficult\u00e9, le Fran\u00e7ais a sign\u00e9 un contre magnifique et s&rsquo;impose par <b>KO<\/b>. 2\/2 pour les Bleus.\u00a0<\/p>\n<p>Au tour de <b>Matthieu Letho Duclos<\/b>, qui fait lui aussi ses d\u00e9buts \u00e0 l&rsquo;UFC. Ce sera contre le Br\u00e9silien<b> Luis Felipe Dias<\/b>.\u00a0<\/p>\n<p><b>18h15 : DELPHINE BENOUAICH FRAPPE D&rsquo;ENTR\u00c9E !!!<\/b> Apr\u00e8s avoir mis en sang sa rivale, elle l&rsquo;a endormie avec un \u00e9tranglement arri\u00e8re. Magnifique victoire de la Fran\u00e7aise.\u00a0<\/p>\n<p><b>18h00<\/b> : c&rsquo;est parti pour le premier combat. La premi\u00e8re Fran\u00e7aise de la soir\u00e9e, <b>Delphine<\/b> <b>Benouaich<\/b>, d\u00e9fie <b>Sofia Montenegro<\/b>.<\/p>\n<p>D\u00e9but des combats \u00e0 18h00 avec la carte pr\u00e9liminaire !<\/p>\n<p>Carte de l&rsquo;UFC Paris<\/p>\n<p><b>Carte principale *<\/b><\/p>\n<p>Lightweight &#8211; <a href=\"https:\/\/www.flashscore.fr\/joueur\/hooker-dan\/CM3hLbER\/\" data-analytics-element=\"ARTICLE_TEXT_LINK\" data-analytics-alias=\"internal\" rel=\"nofollow noopener\" target=\"_blank\">Dan Hooker<\/a> v <b><a href=\"https:\/\/www.flashscore.fr\/joueur\/parnasse-salahdine\/dAkRrwHh\/\" data-analytics-element=\"ARTICLE_TEXT_LINK\" data-analytics-alias=\"internal\" rel=\"nofollow noopener\" target=\"_blank\">Salahdine Parnasse<\/a><\/b><\/p>\n<p>Lightweight &#8211; <b><a href=\"https:\/\/www.flashscore.fr\/joueur\/ziam-fares\/Ktngp7wb\/\" data-analytics-element=\"ARTICLE_TEXT_LINK\" data-analytics-alias=\"internal\" rel=\"nofollow noopener\" target=\"_blank\">Far\u00e8s Ziam<\/a><\/b> v <b><a href=\"https:\/\/www.flashscore.fr\/joueur\/sola-axel\/8EJJhSCi\/\" data-analytics-element=\"ARTICLE_TEXT_LINK\" data-analytics-alias=\"internal\" rel=\"nofollow noopener\" target=\"_blank\">Axel Sola<\/a><\/b><\/p>\n<p>Middleweight &#8211; <a href=\"https:\/\/www.flashscore.fr\/joueur\/page-michael\/lSp1wJZ0\/\" data-analytics-element=\"ARTICLE_TEXT_LINK\" data-analytics-alias=\"internal\" rel=\"nofollow noopener\" target=\"_blank\">Michael Page<\/a> v <a href=\"https:\/\/www.flashscore.fr\/joueur\/ruziboev-nursultan\/0h3S2rGQ\/\" data-analytics-element=\"ARTICLE_TEXT_LINK\" data-analytics-alias=\"internal\" rel=\"nofollow noopener\" target=\"_blank\">Nursulton Ruziboev<\/a><\/p>\n<p>Welterweight &#8211; <a href=\"https:\/\/www.flashscore.fr\/joueur\/donchenko-daniel\/IFmoYzHE\/\" data-analytics-element=\"ARTICLE_TEXT_LINK\" data-analytics-alias=\"internal\" rel=\"nofollow noopener\" target=\"_blank\">Daniil Donchenko<\/a> v\u00a0<a href=\"https:\/\/www.flashscore.fr\/joueur\/soriano-punahele\/xS5sEe2r\/\" data-analytics-element=\"ARTICLE_TEXT_LINK\" data-analytics-alias=\"internal\" rel=\"nofollow noopener\" target=\"_blank\">Punahele\u00a0Soriano<\/a> \u00a0 \u00a0 \u00a0 \u00a0 \u00a0 \u00a0 \u00a0 \u00a0<\/p>\n<p>Featherweight &#8211; <a href=\"https:\/\/www.flashscore.fr\/joueur\/campbell-kurtis\/bH5AAdnA\/\" data-analytics-element=\"ARTICLE_TEXT_LINK\" data-analytics-alias=\"internal\" rel=\"nofollow noopener\" target=\"_blank\">Kurtis Campbell<\/a> v <a href=\"https:\/\/www.flashscore.fr\/joueur\/peek-trevor\/MDcM9QXs\/\" data-analytics-element=\"ARTICLE_TEXT_LINK\" data-analytics-alias=\"internal\" rel=\"nofollow noopener\" target=\"_blank\">Trevor Peek<\/a> \u00a0 \u00a0 \u00a0 \u00a0 \u00a0 \u00a0 \u00a0 \u00a0<\/p>\n<p>Featherweight &#8211; <a href=\"https:\/\/www.flashscore.fr\/joueur\/keita-losene\/vuw5a074\/\" data-analytics-element=\"ARTICLE_TEXT_LINK\" data-analytics-alias=\"internal\" rel=\"nofollow noopener\" target=\"_blank\">Losene Keita<\/a> v <a href=\"https:\/\/www.flashscore.fr\/joueur\/naimov-muhammadjon\/A5lXBpig\/\" data-analytics-element=\"ARTICLE_TEXT_LINK\" data-analytics-alias=\"internal\" rel=\"nofollow noopener\" target=\"_blank\">Muhammad Naimov<\/a> \u00a0 \u00a0<\/p>\n<p><b>Carte pr\u00e9liminaire *<\/b><\/p>\n<p>Featherweight &#8211;<b> <a href=\"https:\/\/www.flashscore.fr\/joueur\/charriere-morgan\/xUfi0QZM\/\" data-analytics-element=\"ARTICLE_TEXT_LINK\" data-analytics-alias=\"internal\" rel=\"nofollow noopener\" target=\"_blank\">Morgan Charri\u00e8re<\/a><\/b> v <a href=\"https:\/\/www.flashscore.fr\/joueur\/lima-felipe\/dW9ueSog\/\" data-analytics-element=\"ARTICLE_TEXT_LINK\" data-analytics-alias=\"internal\" rel=\"nofollow noopener\" target=\"_blank\">Felipe Lima<\/a><\/p>\n<p>Heavyweight &#8211; <a href=\"https:\/\/www.flashscore.fr\/joueur\/pinto-mario\/ENbboaC7\/\" data-analytics-element=\"ARTICLE_TEXT_LINK\" data-analytics-alias=\"internal\" rel=\"nofollow noopener\" target=\"_blank\">M\u00e1rio Pinto<\/a> v <a href=\"https:\/\/www.flashscore.fr\/joueur\/spann-ryan\/OMtrZMdH\/\" data-analytics-element=\"ARTICLE_TEXT_LINK\" data-analytics-alias=\"internal\" rel=\"nofollow noopener\" target=\"_blank\">Ryan Spann<\/a><\/p>\n<p>Light Heavyweight &#8211; <b><a href=\"https:\/\/www.flashscore.fr\/joueur\/sy-oumar\/r9Jay03n\/\" data-analytics-element=\"ARTICLE_TEXT_LINK\" data-analytics-alias=\"internal\" rel=\"nofollow noopener\" target=\"_blank\">Oumar Sy<\/a><\/b> v <a href=\"https:\/\/www.flashscore.fr\/joueur\/bukauskas-modestas\/Muc7zZ9I\/\" data-analytics-element=\"ARTICLE_TEXT_LINK\" data-analytics-alias=\"internal\" rel=\"nofollow noopener\" target=\"_blank\">Modestas Bukauskas<\/a><\/p>\n<p>Featherweight &#8211; <a href=\"https:\/\/www.flashscore.fr\/joueur\/wood-nathaniel\/2iMgKDR6\/\" data-analytics-element=\"ARTICLE_TEXT_LINK\" data-analytics-alias=\"internal\" rel=\"nofollow noopener\" target=\"_blank\">Nathaniel Wood<\/a> v <a href=\"https:\/\/www.flashscore.fr\/joueur\/toth-pavel\/rJx4Zeb5\/\" data-analytics-element=\"ARTICLE_TEXT_LINK\" data-analytics-alias=\"internal\" rel=\"nofollow noopener\" target=\"_blank\">Pavel Andrusca<\/a><\/p>\n<p>Flyweight &#8211; <b><a href=\"https:\/\/www.flashscore.fr\/joueur\/aljarouj-michael\/lfYpwqlD\/\" data-analytics-element=\"ARTICLE_TEXT_LINK\" data-analytics-alias=\"internal\" rel=\"nofollow noopener\" target=\"_blank\">Michael Aljarouj<\/a> <\/b>v <a href=\"https:\/\/www.flashscore.fr\/joueur\/sintes-fabia\/KEtUtRll\/\" data-analytics-element=\"ARTICLE_TEXT_LINK\" data-analytics-alias=\"internal\" rel=\"nofollow noopener\" target=\"_blank\">Fabi\u00e0 Sintes<\/a><\/p>\n<p>Women&rsquo;s Bantamweight &#8211; <b><a href=\"https:\/\/www.flashscore.fr\/joueur\/cornolle-nora\/bPcKIBid\/\" data-analytics-element=\"ARTICLE_TEXT_LINK\" data-analytics-alias=\"internal\" rel=\"nofollow noopener\" target=\"_blank\">Nora Cornolle<\/a><\/b> v <a href=\"https:\/\/www.flashscore.fr\/joueur\/sygula-klaudia\/8pp8g9JF\/\" data-analytics-element=\"ARTICLE_TEXT_LINK\" data-analytics-alias=\"internal\" rel=\"nofollow noopener\" target=\"_blank\">Klaudia Sygu\u0142a<\/a><\/p>\n<p>Middleweight &#8211; <b><a href=\"https:\/\/www.flashscore.fr\/joueur\/moya-matthieu\/bc1OsAlT\/\" data-analytics-element=\"ARTICLE_TEXT_LINK\" data-analytics-alias=\"internal\" rel=\"nofollow noopener\" target=\"_blank\">Matthieu Letho Duclos<\/a><\/b> v <a href=\"https:\/\/www.flashscore.fr\/joueur\/dias-luis-felipe\/fZ7PuyGG\/\" data-analytics-element=\"ARTICLE_TEXT_LINK\" data-analytics-alias=\"internal\" rel=\"nofollow noopener\" target=\"_blank\">Luis Felipe Dias<\/a><\/p>\n<p>Women&rsquo;s Strawweight &#8211; <b><a href=\"https:\/\/www.flashscore.fr\/joueur\/benouaich-delphine\/hYyRhtlL\/\" data-analytics-element=\"ARTICLE_TEXT_LINK\" data-analytics-alias=\"internal\" rel=\"nofollow noopener\" target=\"_blank\">Delphine Benouaich<\/a><\/b> v <a href=\"https:\/\/www.flashscore.fr\/joueur\/montenegro-sofia\/YHEE9jSH\/\" data-analytics-element=\"ARTICLE_TEXT_LINK\" data-analytics-alias=\"internal\" rel=\"nofollow noopener\" target=\"_blank\">Sofia Montenegro<\/a><\/p>\n<p><b>* en gras, les combattants fran\u00e7ais au programme.<\/b><\/p>\n","protected":false},"excerpt":{"rendered":"Suivez en direct la sixi\u00e8me \u00e9dition de l&rsquo;UFC Paris sur Flashscore. Avec en vedette les grands d\u00e9buts attendus&hellip;\n","protected":false},"author":2,"featured_media":1170121,"comment_status":"","ping_status":"","sticky":false,"template":"","format":"standard","meta":{"footnotes":"","_share_on_mastodon":"0"},"categories":[1888],"tags":[1111,1928,11,1927,1777,674,1011,27,12,1926,626,1925,25],"class_list":["post-1170120","post","type-post","status-publish","format-standard","has-post-thumbnail","category-paris","tag-actu","tag-actu-paris","tag-actualites","tag-actualites-paris","tag-eu","tag-europe","tag-fr","tag-france","tag-news","tag-news-paris","tag-paris","tag-paris-news","tag-republique-francaise"],"share_on_mastodon":{"url":"https:\/\/pubeurope.com\/@fr\/117221999995715154","error":""},"_links":{"self":[{"href":"https:\/\/www.europesays.com\/fr\/wp-json\/wp\/v2\/posts\/1170120","targetHints":{"allow":["GET"]}}],"collection":[{"href":"https:\/\/www.europesays.com\/fr\/wp-json\/wp\/v2\/posts"}],"about":[{"href":"https:\/\/www.europesays.com\/fr\/wp-json\/wp\/v2\/types\/post"}],"author":[{"embeddable":true,"href":"https:\/\/www.europesays.com\/fr\/wp-json\/wp\/v2\/users\/2"}],"replies":[{"embeddable":true,"href":"https:\/\/www.europesays.com\/fr\/wp-json\/wp\/v2\/comments?post=1170120"}],"version-history":[{"count":0,"href":"https:\/\/www.europesays.com\/fr\/wp-json\/wp\/v2\/posts\/1170120\/revisions"}],"wp:featuredmedia":[{"embeddable":true,"href":"https:\/\/www.europesays.com\/fr\/wp-json\/wp\/v2\/media\/1170121"}],"wp:attachment":[{"href":"https:\/\/www.europesays.com\/fr\/wp-json\/wp\/v2\/media?parent=1170120"}],"wp:term":[{"taxonomy":"category","embeddable":true,"href":"https:\/\/www.europesays.com\/fr\/wp-json\/wp\/v2\/categories?post=1170120"},{"taxonomy":"post_tag","embeddable":true,"href":"https:\/\/www.europesays.com\/fr\/wp-json\/wp\/v2\/tags?post=1170120"}],"curies":[{"name":"wp","href":"https:\/\/api.w.org\/{rel}","templated":true}]}}