{"id":1170160,"date":"2026-09-06T04:06:28","date_gmt":"2026-09-06T04:06:28","guid":{"rendered":"https:\/\/www.europesays.com\/fr\/1170160\/"},"modified":"2026-09-06T04:06:28","modified_gmt":"2026-09-06T04:06:28","slug":"un-concert-de-rap-au-bar-le-regent-de-caen-ce-vendredi-4-septembre","status":"publish","type":"post","link":"https:\/\/www.europesays.com\/fr\/1170160\/","title":{"rendered":"Un concert de rap au bar le R\u00e9gent de Caen ce vendredi 4\u00a0septembre"},"content":{"rendered":"<p class=\"su-standfirst chapeau\">Le caf\u00e9 le R\u00e9gent propose un concert de rap ce vendredi 4\u00a0septembre 2026 \u00e0 Caen\u00a0(Calvados). Au programme\u00a0: deux rappeurs parisiens et deux artistes locaux.<\/p>\n<p>                                        <img decoding=\"async\" class=\"su-media\" src=\"https:\/\/www.europesays.com\/fr\/wp-content\/uploads\/2026\/09\/MjAyNjA5M2IyNDJlN2I4MjM1MGRiMjE0YmUyNmVkMzE3ZTRmNmE.webp\" alt=\"Caf\u00e9 le R\u00e9gent propose un concert de rap le ce vendredi 4\u00a0septembre.\"  \/><\/p>\n<p>                            Caf\u00e9 le R\u00e9gent propose un concert de rap le ce vendredi 4\u00a0septembre. | OUEST-FRANCE<\/p>\n<p>                            fermer<\/p>\n<ul class=\"su-row su-carrousel-container su-not-list\" data-suswipe=\"{\" rambo=\"\" .carrousel-nav-bas=\"\" .item=\"\">\n<li class=\"su-col-xs-6 su-col-md-24 carrousel-contenu su-carrousel-item\" data-ofvwidth=\"{\" mobileonly=\"\"><img decoding=\"async\" data-ofmaxheight=\"\" class=\"su-media lazyload\" alt=\"Caf\u00e9 le R\u00e9gent propose un concert de rap le ce vendredi 4\u00a0septembre.\" src=\"data:image\/png;base64,iVBORw0KGgoAAAANSUhEUgAAABAAAAAJCAYAAAA7KqwyAAAAGXRFWHRTb2Z0d2FyZQBBZG9iZSBJbWFnZVJlYWR5ccllPAAAABhJREFUeNpi\/P\/\/PwMlgHHUgFEDgAAgwAD+lBrvy+NcxAAAAABJRU5ErkJggg==\" data-oflazyload=\"{&quot;srcset&quot;:&quot;https:\/\/media.ouest-france.fr\/v1\/pictures\/MjAyNjA5M2IyNDJlN2I4MjM1MGRiMjE0YmUyNmVkMzE3ZTRmNmE?width=320&amp;focuspoint=50%2C25&amp;cropresize=1&amp;client_id=bpeditorial&amp;sign=4190ffd074d24ce394fa45706ce040bc5504b40b0e654db53eb0361c4c3f709f 320w,https:\/\/media.ouest-france.fr\/v1\/pictures\/MjAyNjA5M2IyNDJlN2I4MjM1MGRiMjE0YmUyNmVkMzE3ZTRmNmE?width=375&amp;focuspoint=50%2C25&amp;cropresize=1&amp;client_id=bpeditorial&amp;sign=3ec3bf27cd79a9bd0d66ee0e4a36a27a23034b35f2a3519ec088b8bf80a5e014 360w,https:\/\/media.ouest-france.fr\/v1\/pictures\/MjAyNjA5M2IyNDJlN2I4MjM1MGRiMjE0YmUyNmVkMzE3ZTRmNmE?width=480&amp;focuspoint=50%2C25&amp;cropresize=1&amp;client_id=bpeditorial&amp;sign=c0dd2a2b5b5930e339e7515408c60437da48546fd7717f6a6758596878623715 480w,https:\/\/media.ouest-france.fr\/v1\/pictures\/MjAyNjA5M2IyNDJlN2I4MjM1MGRiMjE0YmUyNmVkMzE3ZTRmNmE?width=630&amp;focuspoint=50%2C25&amp;cropresize=1&amp;client_id=bpeditorial&amp;sign=9b002844e088e85ec4520260b2d3f46d69ce28da77904add17ee44be0b34d222 630w,https:\/\/media.ouest-france.fr\/v1\/pictures\/MjAyNjA5M2IyNDJlN2I4MjM1MGRiMjE0YmUyNmVkMzE3ZTRmNmE?width=940&amp;focuspoint=50%2C25&amp;cropresize=1&amp;client_id=bpeditorial&amp;sign=2796514b92c804b8e464d47ec2f6ed63ec82591f26252c83ea048ddd21b7335a 940w,https:\/\/media.ouest-france.fr\/v1\/pictures\/MjAyNjA5M2IyNDJlN2I4MjM1MGRiMjE0YmUyNmVkMzE3ZTRmNmE?width=1260&amp;focuspoint=50%2C25&amp;cropresize=1&amp;client_id=bpeditorial&amp;sign=7fbb8fa3dd478b96da9cbf6e2253a8787c9f11bb5751d6fb09305ff6fdbedf41 1260w&quot;}\"\/>Caf\u00e9 le R\u00e9gent propose un concert de rap le ce vendredi 4\u00a0septembre. | OUEST-FRANCE<\/li>\n<\/ul>\n<p data-ofstats-scroll=\"read_depth_90\">Le caf\u00e9 Le R\u00e9gent, au 3 avenue de la Lib\u00e9ration, organise un concert de rap ce vendredi soir 4\u00a0septembre. Au programme\u00a0: deux rappeurs parisiens\u00a0Gr\u00f6dash et le duo Kay Hypman &amp; Ivo. Deux artistes locaux sont \u00e9galement de la partie\u00a0: T\u00e9o The Shy et Nygma.<\/p>\n<\/p>\n<p data-ofstats-scroll=\"read_depth_100\">De 20\u00a0h \u00e0 minuit. Prix libre.<\/p>\n","protected":false},"excerpt":{"rendered":"Le caf\u00e9 le R\u00e9gent propose un concert de rap ce vendredi 4\u00a0septembre 2026 \u00e0 Caen\u00a0(Calvados). Au programme\u00a0: deux&hellip;\n","protected":false},"author":2,"featured_media":1170161,"comment_status":"","ping_status":"","sticky":false,"template":"","format":"standard","meta":{"footnotes":"","_share_on_mastodon":"0"},"categories":[1355],"tags":[5492,58,59,1011,27,1361,873,3616],"class_list":["post-1170160","post","type-post","status-publish","format-standard","has-post-thumbnail","category-musique","tag-caen","tag-divertissement","tag-entertainment","tag-fr","tag-france","tag-music","tag-musique","tag-rap"],"share_on_mastodon":{"url":"https:\/\/pubeurope.com\/@fr\/117222126947936227","error":""},"_links":{"self":[{"href":"https:\/\/www.europesays.com\/fr\/wp-json\/wp\/v2\/posts\/1170160","targetHints":{"allow":["GET"]}}],"collection":[{"href":"https:\/\/www.europesays.com\/fr\/wp-json\/wp\/v2\/posts"}],"about":[{"href":"https:\/\/www.europesays.com\/fr\/wp-json\/wp\/v2\/types\/post"}],"author":[{"embeddable":true,"href":"https:\/\/www.europesays.com\/fr\/wp-json\/wp\/v2\/users\/2"}],"replies":[{"embeddable":true,"href":"https:\/\/www.europesays.com\/fr\/wp-json\/wp\/v2\/comments?post=1170160"}],"version-history":[{"count":0,"href":"https:\/\/www.europesays.com\/fr\/wp-json\/wp\/v2\/posts\/1170160\/revisions"}],"wp:featuredmedia":[{"embeddable":true,"href":"https:\/\/www.europesays.com\/fr\/wp-json\/wp\/v2\/media\/1170161"}],"wp:attachment":[{"href":"https:\/\/www.europesays.com\/fr\/wp-json\/wp\/v2\/media?parent=1170160"}],"wp:term":[{"taxonomy":"category","embeddable":true,"href":"https:\/\/www.europesays.com\/fr\/wp-json\/wp\/v2\/categories?post=1170160"},{"taxonomy":"post_tag","embeddable":true,"href":"https:\/\/www.europesays.com\/fr\/wp-json\/wp\/v2\/tags?post=1170160"}],"curies":[{"name":"wp","href":"https:\/\/api.w.org\/{rel}","templated":true}]}}