{"id":1170166,"date":"2026-09-06T04:10:15","date_gmt":"2026-09-06T04:10:15","guid":{"rendered":"https:\/\/www.europesays.com\/fr\/1170166\/"},"modified":"2026-09-06T04:10:15","modified_gmt":"2026-09-06T04:10:15","slug":"las-rome-simpose-in-extremis-contre-latalanta-leonardo-balerdi-fait-ses-debuts-en-serie-a-lequipe","status":"publish","type":"post","link":"https:\/\/www.europesays.com\/fr\/1170166\/","title":{"rendered":"L&#039;AS Rome s&#039;impose in extremis contre l&#039;Atalanta, Leonardo Balerdi fait ses d\u00e9buts en Serie A &#8211; L&#039;\u00c9quipe"},"content":{"rendered":"<ol>\n<li><a href=\"https:\/\/news.google.com\/rss\/articles\/CBMi2wFBVV95cUxOclg5c19pWHVzN1h1MU5HRDAwWkk1QUtGb05BOU0zbUkxdjlCMjQ2Q2VkQ0d5MlpYYzlwU0FzNWZmT0pDdVMxVFVZZnN5NFZHQVVpOWllRmVGU3pzYTNGU2JPRThJeENlbnhOUmpsSXdvYXpmMkExRGhBU3hSaFRlSmZSSFExMDZqTmg0UVFYZWg0ald4TmFkeG1iWWRiSDd1N0FFNGk4blFIWmpnWks0bHJNbTRMVTNBQWlLR2dzU2hiUmhEVjFEUTIwQTY3V0ZucDFpeDZKbFhYNk0?oc=5\" target=\"_blank\" rel=\"nofollow noopener\">L&rsquo;AS Rome s&rsquo;impose in extremis contre l&rsquo;Atalanta, Leonardo Balerdi fait ses d\u00e9buts en Serie A<\/a>&nbsp;&nbsp;L&rsquo;\u00c9quipe<\/li>\n<li><a href=\"https:\/\/news.google.com\/rss\/articles\/CBMisgFBVV95cUxNcmpjREVYN1RXOFdzS0h0Slc4OTVhaHV2cmVwSjZNOTJDb1d5a1NiblBJdkIzN3hHYjE0VnZELUlURFhHWEYyV19TellvUklOQjhILXBaRk1OQWhXYUVDU1NwbDBlNVh4bHhBWW9abFJ5dG9QQ1R2VHBUOUNNYVVYY2ZUSWlCMFBOSGY4ZTZ6dEZuTHdSVG9acTd3bGt0Qm9ZNVVaaXk5eTFIUzZyTGQtZjV3?oc=5\" target=\"_blank\" rel=\"nofollow noopener\">AS Rome 2-1 Atalanta Bergame, Serie A : match termin\u00e9<\/a>&nbsp;&nbsp;L&rsquo;\u00c9quipe<\/li>\n<li><a href=\"https:\/\/news.google.com\/rss\/articles\/CBMimgFBVV95cUxOMVljZFpPc2VsMVNEQV9HdFVLWEpHWUdrbG1BMzd1eFpSRERLcGNEVnNnMHFBU0pCeXJqTTNuS1lQaUR6Vkw1Nl9SZHNpNUkycnZmWkVQX0tJNjd2c0hWc0dra3AwUjFoTy1rOG96a3BkeFl6OGE1ZzhMRHg4OHJzSlh4LXN2TTBicmM0bDVrbEdxc0lTSEd3MERn?oc=5\" target=\"_blank\" rel=\"nofollow noopener\">Serie A : la Roma renverse l\u2019Atalanta sur le fil<\/a>&nbsp;&nbsp;Foot Mercato<\/li>\n<li><a href=\"https:\/\/news.google.com\/rss\/articles\/CBMijAFBVV95cUxNdWhINWFiMktkSXVhM3Z1YjF0b0VzY2VxNWJ0dVNwTl9sVUlXTUZHVHVFVU52VzJWdUZUWWVnUHZSb0tOd281aHItSnpxWXBqZ0p6VGY4bDV5LU9IVF8xa0ZBaWlUU0h6c3p6Qzl3ZmQ5RlFwMDY3VHM2cmFKdnkwRGZ3UzZEbHBYdk8xMw?oc=5\" target=\"_blank\" rel=\"nofollow noopener\">Serie A: L\u2019AS Rome imite (et d\u00e9passe) l\u2019Inter<\/a>&nbsp;&nbsp;Sports.fr<\/li>\n<li><a href=\"https:\/\/news.google.com\/rss\/articles\/CBMi0AFBVV95cUxPYkZiNG9tN09TbkZSNElnYmc1OUZ2dTRKOHRvY3dYWXJxWW9BM3N2NHJtbmJvUUlDVXlOdDZRYmJsWi1lREFaMlJxb1lvR0NNZXd0T1ZWa2w5eTV5UlBRNzcxT0NiWWMta0tBNFFvVW5EMTd1TDBsdTl6bURNS3RvN0F1Y1g1SGtDSEh4OE0xX0ZoSVNhYkJrcXozdnc0bVI0d3piNnNPTy1ldVdCWHEwa2UydkVCajZkRkIzX3YxVm1Mb2d6d09qT2Y4SnlGTlpJ?oc=5\" target=\"_blank\" rel=\"nofollow noopener\">La folie de l&rsquo;Olimpico : la Roma renverse Bergame en trois minutes apr\u00e8s avoir \u00e9t\u00e9 men\u00e9e<\/a>&nbsp;&nbsp;Goal.com<\/li>\n<\/ol>\n","protected":false},"excerpt":{"rendered":"L&rsquo;AS Rome s&rsquo;impose in extremis contre l&rsquo;Atalanta, Leonardo Balerdi fait ses d\u00e9buts en Serie A&nbsp;&nbsp;L&rsquo;\u00c9quipe AS Rome 2-1&hellip;\n","protected":false},"author":2,"featured_media":1170167,"comment_status":"","ping_status":"","sticky":false,"template":"","format":"standard","meta":{"footnotes":"","_share_on_mastodon":"0"},"categories":[9],"tags":[113753,46966,121196,63485,86638,63,1011,27,98856,86796,105443,60],"class_list":["post-1170166","post","type-post","status-publish","format-standard","has-post-thumbnail","category-sports","tag-aller-3e-journe","tag-as-roma","tag-as-rome-atalanta-bergame","tag-atalanta-bergame","tag-championnat-ditalie","tag-football","tag-fr","tag-france","tag-pierre-alexandre-conte","tag-resumes-et-cr","tag-saison-2026-2027","tag-sports"],"share_on_mastodon":{"url":"https:\/\/pubeurope.com\/@fr\/117222141302780701","error":""},"_links":{"self":[{"href":"https:\/\/www.europesays.com\/fr\/wp-json\/wp\/v2\/posts\/1170166","targetHints":{"allow":["GET"]}}],"collection":[{"href":"https:\/\/www.europesays.com\/fr\/wp-json\/wp\/v2\/posts"}],"about":[{"href":"https:\/\/www.europesays.com\/fr\/wp-json\/wp\/v2\/types\/post"}],"author":[{"embeddable":true,"href":"https:\/\/www.europesays.com\/fr\/wp-json\/wp\/v2\/users\/2"}],"replies":[{"embeddable":true,"href":"https:\/\/www.europesays.com\/fr\/wp-json\/wp\/v2\/comments?post=1170166"}],"version-history":[{"count":0,"href":"https:\/\/www.europesays.com\/fr\/wp-json\/wp\/v2\/posts\/1170166\/revisions"}],"wp:featuredmedia":[{"embeddable":true,"href":"https:\/\/www.europesays.com\/fr\/wp-json\/wp\/v2\/media\/1170167"}],"wp:attachment":[{"href":"https:\/\/www.europesays.com\/fr\/wp-json\/wp\/v2\/media?parent=1170166"}],"wp:term":[{"taxonomy":"category","embeddable":true,"href":"https:\/\/www.europesays.com\/fr\/wp-json\/wp\/v2\/categories?post=1170166"},{"taxonomy":"post_tag","embeddable":true,"href":"https:\/\/www.europesays.com\/fr\/wp-json\/wp\/v2\/tags?post=1170166"}],"curies":[{"name":"wp","href":"https:\/\/api.w.org\/{rel}","templated":true}]}}