{"id":1170180,"date":"2026-09-06T04:19:14","date_gmt":"2026-09-06T04:19:14","guid":{"rendered":"https:\/\/www.europesays.com\/fr\/1170180\/"},"modified":"2026-09-06T04:19:14","modified_gmt":"2026-09-06T04:19:14","slug":"saint-chamond-lhistoire-derriere-la-legende-ravachol-une-enfance-et-une-vie-ouvriere-de-misere","status":"publish","type":"post","link":"https:\/\/www.europesays.com\/fr\/1170180\/","title":{"rendered":"Saint-Chamond. L\u2019histoire derri\u00e8re la l\u00e9gende Ravachol\u00a0: une enfance et une vie ouvri\u00e8re de mis\u00e8re"},"content":{"rendered":"<p>\u00ab\u00a0Dansons la Ravachole, vive le son, vive le son, dansons la Ravachole, vive le son de l\u2019explosion.\u00a0\u00bb Son nom est devenu un chant anarchiste, un synonyme de r\u00e9bellion, Herg\u00e9 en a fait un juron dans la bouche du capitaine Haddock dans Tintin. Il est aussi chant\u00e9 par Renaud ou cit\u00e9 dans Salut \u00e0 toi , l\u2019hymne libertaire des punks de B\u00e9rurier noir.<\/p>\n<p>Ravachol, c\u2019est une l\u00e9gende, un mythe populaire. Son histoire, pleine de rebondissements invraisemblables, lui vaudra le nom de Rocambole de l\u2019anarchisme. Mais, s\u2019il a \u00e9t\u00e9 guillotin\u00e9 \u00e0 Montbrison, c\u2019est bien parce qu\u2019il a tu\u00e9 un homme pour lui voler son argent.<\/p>\n<p>Une naissance rue de l\u2019Oie<\/p>\n<p>Comment ce gamin, n\u00e9 dans la mis\u00e8re \u00e0 Saint-Chamond, est devenu criminel puis poseur de bombe et une figure anarchiste qui a travers\u00e9 les si\u00e8cles\u00a0? Ravachol lui-m\u00eame le raconte, dans ses m\u00e9moires, dict\u00e9es \u00e0 ses ge\u00f4liers alors qu\u2019il est incarc\u00e9r\u00e9. Une source pr\u00e9cieuse* qui, associ\u00e9e aux donn\u00e9es des archives, permet de retracer son itin\u00e9raire.<\/p>\n<p>Tout commence un matin&#8230;<\/p>\n","protected":false},"excerpt":{"rendered":"\u00ab\u00a0Dansons la Ravachole, vive le son, vive le son, dansons la Ravachole, vive le son de l\u2019explosion.\u00a0\u00bb Son&hellip;\n","protected":false},"author":2,"featured_media":1170181,"comment_status":"","ping_status":"","sticky":false,"template":"","format":"standard","meta":{"footnotes":"","_share_on_mastodon":"0"},"categories":[9653],"tags":[1111,11,2430,271,272,7539,1777,674,274,107,1011,27,937,3367,12,25,9669,9670,4001,104],"class_list":["post-1170180","post","type-post","status-publish","format-standard","has-post-thumbnail","category-saint-etienne","tag-actu","tag-actualites","tag-auvergne-rhone-alpes","tag-crime","tag-delit-et-contravention","tag-edition-loire-sud","tag-eu","tag-europe","tag-faits-divers-justice","tag-fil-info","tag-fr","tag-france","tag-histoire","tag-loire","tag-news","tag-republique-francaise","tag-saint-chamond","tag-saint-chamond-ville","tag-saint-etienne","tag-societe"],"share_on_mastodon":{"url":"","error":""},"_links":{"self":[{"href":"https:\/\/www.europesays.com\/fr\/wp-json\/wp\/v2\/posts\/1170180","targetHints":{"allow":["GET"]}}],"collection":[{"href":"https:\/\/www.europesays.com\/fr\/wp-json\/wp\/v2\/posts"}],"about":[{"href":"https:\/\/www.europesays.com\/fr\/wp-json\/wp\/v2\/types\/post"}],"author":[{"embeddable":true,"href":"https:\/\/www.europesays.com\/fr\/wp-json\/wp\/v2\/users\/2"}],"replies":[{"embeddable":true,"href":"https:\/\/www.europesays.com\/fr\/wp-json\/wp\/v2\/comments?post=1170180"}],"version-history":[{"count":0,"href":"https:\/\/www.europesays.com\/fr\/wp-json\/wp\/v2\/posts\/1170180\/revisions"}],"wp:featuredmedia":[{"embeddable":true,"href":"https:\/\/www.europesays.com\/fr\/wp-json\/wp\/v2\/media\/1170181"}],"wp:attachment":[{"href":"https:\/\/www.europesays.com\/fr\/wp-json\/wp\/v2\/media?parent=1170180"}],"wp:term":[{"taxonomy":"category","embeddable":true,"href":"https:\/\/www.europesays.com\/fr\/wp-json\/wp\/v2\/categories?post=1170180"},{"taxonomy":"post_tag","embeddable":true,"href":"https:\/\/www.europesays.com\/fr\/wp-json\/wp\/v2\/tags?post=1170180"}],"curies":[{"name":"wp","href":"https:\/\/api.w.org\/{rel}","templated":true}]}}