{"id":1170188,"date":"2026-09-06T04:24:26","date_gmt":"2026-09-06T04:24:26","guid":{"rendered":"https:\/\/www.europesays.com\/fr\/1170188\/"},"modified":"2026-09-06T04:24:26","modified_gmt":"2026-09-06T04:24:26","slug":"aviron-bayonnais-on-avait-pas-mal-la-pression-il-fallait-gagner-ce-premier-match-les-declas-apres-toulon","status":"publish","type":"post","link":"https:\/\/www.europesays.com\/fr\/1170188\/","title":{"rendered":"Aviron Bayonnais\u00a0: \u00ab\u00a0On avait pas mal la pression, il fallait gagner ce premier match\u00a0\u00bb, les d\u00e9clas apr\u00e8s Toulon"},"content":{"rendered":"<p>Apr\u00e8s la victoire de l&rsquo;Aviron Bayonnais \u00e0 l&rsquo;occasion de la 1\u00e8re journ\u00e9e de Top 14 ce samedi 5 septembre, retrouvez les r\u00e9actions bayonnaises et toulonnaises.<\/p>\n<p>L&rsquo;Aviron Bayonnais s&rsquo;offre le Rugby Club Toulonnais d&rsquo;un petit point (27-26) dans cette premi\u00e8re journ\u00e9e du Top 14, ce samedi 5 septembre. Une victoire sur le fil mais m\u00e9rit\u00e9e apr\u00e8s une seconde p\u00e9riode plus offensive de la part des Bleu et Blanc, men\u00e9s de six longueurs (10-16) \u00e0 la 46e minute, apr\u00e8s la perte de Coly sur blessure (d\u00e8s la 4e) et la sortie de Rob Du Preez sur protocole commotion. \u00ab\u00a0Il faut avoir l&rsquo;avis m\u00e9dical. Mais bon, \u00e7a semble musculaire, expliquait Jean Monribot, entraineur de la touche, \u00e0 la fin du match. C&rsquo;est vrai que l\u00e0, maintenant, on va se creuser un petit t\u00eate.\u00a0\u00bb Puisqu&rsquo;Herschel Jantjies est toujours bloqu\u00e9 avec l&rsquo;Afrique du Sud. Retrouvez les d\u00e9clarations d&rsquo;apr\u00e8s-match de Lucas Martin, Jean Monribot pour les Bayonnais, puis Franck Az\u00e9ma, le manager de Toulon.<\/p>\n<p>Lucas Martin (talonneur de Bayonne) :<\/p>\n<p>\u00ab\u00a0On est habitu\u00e9s, oui. Apr\u00e8s, j&rsquo;ai envie de dire malheureusement, parce qu&rsquo;on a l&rsquo;occasion depuis un moment&#8230; mais on a l&rsquo;occasion de tuer des fois les matchs et on a tendance \u00e0 jouer avec cette pression. On a eu quand m\u00eame des sc\u00e9narios compliqu\u00e9s dans le match, notamment perdre le capitaine L\u00e9o (Coly) d\u00e8s le d\u00e9but (4e minute, sur blessure) . Mais je suis content de l&rsquo;\u00e9tat d&rsquo;esprit du groupe parce qu&rsquo;il fallait le gagner. C&rsquo;est un vrai match. Je sais qu&rsquo;on a pas mal de changements et on se reconstruit sur beaucoup de choses, mais le plus important pour nous au d\u00e9but, c&rsquo;est l&rsquo;\u00e9tat d&rsquo;esprit, et aujourd&rsquo;hui il y \u00e9tait. On n&rsquo;a pas parl\u00e9 de bonus ou je ne sais quoi, on a parl\u00e9 de victoire \u00e0 domicile. Il y \u00e9videmment beaucoup de choses \u00e0 revoir, mais je suis content parce qu&rsquo;on montre un beau visage sur les port\u00e9s, sur l&rsquo;agressivit\u00e9 en m\u00eal\u00e9e. On a \u00e9t\u00e9 plut\u00f4t propre dans la partie&#8230; on avance. Apr\u00e8s, c&rsquo;est une journ\u00e9e, il y en a 26.\u00a0\u00bb<\/p>\n<p>Jean Monribot (entraineur de Bayonne) :<\/p>\n<p>\u00ab\u00a0Satisfait oui parce qu&rsquo;en d\u00e9but de saison, en fait tu ne sais pas \u00e0 quoi t&rsquo;attendre. Quand tu vois que Montpellier s&rsquo;incline \u00e0 domicile contre Pau (19-27). L\u00e0, \u00e0 quatre minutes de la fin, on pouvait chercher le bonus offensif et au final on se retrouve pratiquement \u00e0 peut-\u00eatre perdre le match. Donc \u00e7a va tr\u00e8s tr\u00e8s vite, et je pense que dans quelques mois, on sera satisfait d&rsquo;avoir pris quatre points contre Toulon \u00e0 domicile. Il y avait un joueur \u00e0 ne pas p\u00e9ter, on le flingue \u00e0 trois minutes de jeu (L\u00e9o Coly). Mais bon, il faut f\u00e9liciter aussi Baptiste (Tilloles) qui a fait une belle rentr\u00e9e et une belle performance, c&rsquo;est plut\u00f4t bien, un enfant du club, c&rsquo;est important. \u00c0 la mi-temps, surtout ce qu&rsquo;on s&rsquo;est dit, c&rsquo;est qu&rsquo;il fallait vraiment se resserrer, jouer beaucoup plus simple. En terme d&rsquo;occupation, de possession, je pense qu&rsquo;on a domin\u00e9 le match. Mais voil\u00e0, \u00e0 un moment donn\u00e9, il aurait fallu scorer. On n&rsquo;a pas r\u00e9ussi vraiment \u00e0 creuser un \u00e9cart pour pouvoir en fait se mettre \u00e0 l&rsquo;abri plus facilement. Donc il faut vraiment travailler par rapport \u00e0 \u00e7a, dans les moments forts, il faut qu&rsquo;on concr\u00e9tise et l\u00e0 on a p\u00e9ch\u00e9.\u00a0\u00bb<\/p>\n<p>\u00c0 lire aussi   <img decoding=\"async\" src=\"https:\/\/www.europesays.com\/fr\/wp-content\/uploads\/2026\/09\/1788668666_583_400x400.jpeg\" alt=\"\" style=\"--_image-preview:url('data:image\/jpeg;base64,\/9j\/2wBDACgcHiMeGSgjISMtKygwPGRBPDc3PHtYXUlkkYCZlo+AjIqgtObDoKrarYqMyP\/L2u71\/\/\/\/m8H\/\/\/\/6\/+b9\/\/j\/2wBDASstLTw1PHZBQXb4pYyl+Pj4+Pj4+Pj4+Pj4+Pj4+Pj4+Pj4+Pj4+Pj4+Pj4+Pj4+Pj4+Pj4+Pj4+Pj4+Pj4+Pj\/wAARCAAXACoDASIAAhEBAxEB\/8QAFwAAAwEAAAAAAAAAAAAAAAAAAAECA\/\/EABcQAQEBAQAAAAAAAAAAAAAAAAABEQL\/xAAWAQEBAQAAAAAAAAAAAAAAAAAAAQL\/xAAVEQEBAAAAAAAAAAAAAAAAAAAAEf\/aAAwDAQACEQMRAD8ACp1NKgOJOIrXmr1lzV6tGVqaAwyRwAVUp6AD\/9k=');\" loading=\"lazy\" fetchpriority=\"low\" aria-hidden=\"true\" class=\"svelte-1cksh76 rounded\" onload=\"this.__e=event\" onerror=\"this.__e=event\"\/>Franck Az\u00e9ma (manager de Toulon) :<\/p>\n<p>\u00ab\u00a0C&rsquo;est m\u00e9rit\u00e9 de revenir avec un point. \u00c7a aurait \u00e9t\u00e9 \u00e0 deux ou trois minutes de la fin, on ne l&rsquo;avait pas, mais il y a de la frustration quand m\u00eame dans ce qu&rsquo;on a livr\u00e9, m\u00eame si en terme d&rsquo;\u00e9tat d&rsquo;esprit, j&rsquo;ai trouv\u00e9 qu&rsquo;on a \u00e9t\u00e9 l\u00e0 de bout en bout. Mais on n&rsquo;a pas su tenir le ballon, mettre sous pression cette \u00e9quipe en le portant, en la possession. Sur la premi\u00e8re mi-temps, on a deux ou trois turn-over o\u00f9 on se d\u00e9barrasse tr\u00e8s tr\u00e8s vite du ballon, on ne porte pas, et seconde mi-temps, sur les deux premiers actes, on perd syst\u00e9matiquement le ballon, donc on n&rsquo;a pas pu s&rsquo;exprimer l\u00e0-dedans. Si tu veux mettre l&rsquo;adversaire sous pression, c&rsquo;est difficile. Il y a un comportement. On aurait pu \u00e0 un moment donn\u00e9, justement quand on a perdu ce momentum-l\u00e0, baisser la t\u00eate et accepter et subir, et on ne l\u00e2che pas. On d\u00e9fend pr\u00e8s de nos lignes, on r\u00e9cup\u00e8re les ballons, on provoque des en-avant et on va jusqu&rsquo;\u00e0 aller chercher un essai, ce qui va nous permettre d&rsquo;aller chercher ce point. \u00c7a veut dire qu&rsquo;on est rest\u00e9 constant et qu&rsquo;on n&rsquo;a pas abandonn\u00e9. \u00c7a, c&rsquo;est important.\u00a0\u00bb<\/p>\n<p>loading<\/p>\n<p>loading<\/p>\n","protected":false},"excerpt":{"rendered":"Apr\u00e8s la victoire de l&rsquo;Aviron Bayonnais \u00e0 l&rsquo;occasion de la 1\u00e8re journ\u00e9e de Top 14 ce samedi 5&hellip;\n","protected":false},"author":2,"featured_media":1170189,"comment_status":"","ping_status":"","sticky":false,"template":"","format":"standard","meta":{"footnotes":"","_share_on_mastodon":"0"},"categories":[9619],"tags":[1111,11,1777,674,1011,27,12,882,25,2310],"class_list":["post-1170188","post","type-post","status-publish","format-standard","has-post-thumbnail","category-toulon","tag-actu","tag-actualites","tag-eu","tag-europe","tag-fr","tag-france","tag-news","tag-provence-alpes-cote-dazur","tag-republique-francaise","tag-toulon"],"share_on_mastodon":{"url":"https:\/\/pubeurope.com\/@fr\/117222197561500181","error":""},"_links":{"self":[{"href":"https:\/\/www.europesays.com\/fr\/wp-json\/wp\/v2\/posts\/1170188","targetHints":{"allow":["GET"]}}],"collection":[{"href":"https:\/\/www.europesays.com\/fr\/wp-json\/wp\/v2\/posts"}],"about":[{"href":"https:\/\/www.europesays.com\/fr\/wp-json\/wp\/v2\/types\/post"}],"author":[{"embeddable":true,"href":"https:\/\/www.europesays.com\/fr\/wp-json\/wp\/v2\/users\/2"}],"replies":[{"embeddable":true,"href":"https:\/\/www.europesays.com\/fr\/wp-json\/wp\/v2\/comments?post=1170188"}],"version-history":[{"count":0,"href":"https:\/\/www.europesays.com\/fr\/wp-json\/wp\/v2\/posts\/1170188\/revisions"}],"wp:featuredmedia":[{"embeddable":true,"href":"https:\/\/www.europesays.com\/fr\/wp-json\/wp\/v2\/media\/1170189"}],"wp:attachment":[{"href":"https:\/\/www.europesays.com\/fr\/wp-json\/wp\/v2\/media?parent=1170188"}],"wp:term":[{"taxonomy":"category","embeddable":true,"href":"https:\/\/www.europesays.com\/fr\/wp-json\/wp\/v2\/categories?post=1170188"},{"taxonomy":"post_tag","embeddable":true,"href":"https:\/\/www.europesays.com\/fr\/wp-json\/wp\/v2\/tags?post=1170188"}],"curies":[{"name":"wp","href":"https:\/\/api.w.org\/{rel}","templated":true}]}}