{"id":1170196,"date":"2026-09-06T04:34:26","date_gmt":"2026-09-06T04:34:26","guid":{"rendered":"https:\/\/www.europesays.com\/fr\/1170196\/"},"modified":"2026-09-06T04:34:26","modified_gmt":"2026-09-06T04:34:26","slug":"grenoble-plus-dun-kilo-de-cocaine-retrouve-sur-une-moto-un-homme-condamne-a-un-an-de-prison","status":"publish","type":"post","link":"https:\/\/www.europesays.com\/fr\/1170196\/","title":{"rendered":"Grenoble : plus d\u2019un kilo de coca\u00efne retrouv\u00e9 sur une moto, un homme condamn\u00e9 \u00e0 un an de prison"},"content":{"rendered":"<p itemprop=\"description\"><strong>Interpell\u00e9 peu apr\u00e8s la fuite d\u2019un motard dans le quartier Hoche \u00e0 Grenoble, un jeune homme a \u00e9t\u00e9 condamn\u00e9 \u00e0 un an de prison ferme.<\/strong><\/p>\n<p>Les faits remontent au mardi 1er septembre, vers 23h30, dans le quartier Hoche \u00e0 Grenoble. Selon Le Dauphin\u00e9 Lib\u00e9r\u00e9, des policiers ont voulu contr\u00f4ler un homme circulant sans casque sur une moto \u00e9lectrique. \u00c0 leur vue, il a abandonn\u00e9 son deux-roues place Andr\u00e9-Malraux avant de s\u2019enfuir \u00e0 pied. Sur la moto, les policiers ont d\u00e9couvert un sac contenant 1,125 kg de coca\u00efne.<\/p>\n<p>Quelques minutes plus tard, un homme de 21 ans a \u00e9t\u00e9 interpell\u00e9 dans le secteur. Sa tenue et sa coiffure correspondaient au signalement du fuyard, mais il a toujours ni\u00e9 \u00eatre le conducteur de la moto. Il \u00e9tait par ailleurs d\u00e9j\u00e0 interdit de para\u00eetre dans le quartier Hoche.<\/p>\n<p>Dans sa voiture, gar\u00e9e \u00e0 proximit\u00e9, les enqu\u00eateurs ont retrouv\u00e9 des sachets similaires \u00e0 celui contenant la drogue.<\/p>\n<p>Le jeune homme, sans activit\u00e9 d\u00e9clar\u00e9e, avait \u00e9galement 3 065 euros en liquide sur lui. Il a expliqu\u00e9 avoir obtenu cet argent apr\u00e8s la vente d\u2019une trottinette \u00e0 un ami, sans donner son identit\u00e9.<\/p>\n<p>Condamn\u00e9 \u00e0 un an de prison ferme cette semaine, il a \u00e9t\u00e9 maintenu en d\u00e9tention. La justice a \u00e9galement confisqu\u00e9 la moto, son t\u00e9l\u00e9phone et l\u2019argent, et lui interdit de para\u00eetre \u00e0 Hoche pendant trois ans.<\/p>\n","protected":false},"excerpt":{"rendered":"Interpell\u00e9 peu apr\u00e8s la fuite d\u2019un motard dans le quartier Hoche \u00e0 Grenoble, un jeune homme a \u00e9t\u00e9&hellip;\n","protected":false},"author":2,"featured_media":1170197,"comment_status":"","ping_status":"","sticky":false,"template":"","format":"standard","meta":{"footnotes":"","_share_on_mastodon":"0"},"categories":[9566],"tags":[1111,11,2813,2430,1109,251,1112,2811,1777,674,118,1011,27,21780,2731,14004,1922,1110,1114,108,12,316,25,2812,517,800],"class_list":["post-1170196","post","type-post","status-publish","format-standard","has-post-thumbnail","category-grenoble","tag-actu","tag-actualites","tag-article","tag-auvergne-rhone-alpes","tag-breves","tag-culture","tag-depeches","tag-economique","tag-eu","tag-europe","tag-faits-divers","tag-fr","tag-france","tag-gf38","tag-grenoble","tag-grenoblemag","tag-info","tag-informations","tag-infos","tag-isere","tag-news","tag-politique","tag-republique-francaise","tag-sociale","tag-sport","tag-transports"],"share_on_mastodon":{"url":"https:\/\/pubeurope.com\/@fr\/117222235640089382","error":""},"_links":{"self":[{"href":"https:\/\/www.europesays.com\/fr\/wp-json\/wp\/v2\/posts\/1170196","targetHints":{"allow":["GET"]}}],"collection":[{"href":"https:\/\/www.europesays.com\/fr\/wp-json\/wp\/v2\/posts"}],"about":[{"href":"https:\/\/www.europesays.com\/fr\/wp-json\/wp\/v2\/types\/post"}],"author":[{"embeddable":true,"href":"https:\/\/www.europesays.com\/fr\/wp-json\/wp\/v2\/users\/2"}],"replies":[{"embeddable":true,"href":"https:\/\/www.europesays.com\/fr\/wp-json\/wp\/v2\/comments?post=1170196"}],"version-history":[{"count":0,"href":"https:\/\/www.europesays.com\/fr\/wp-json\/wp\/v2\/posts\/1170196\/revisions"}],"wp:featuredmedia":[{"embeddable":true,"href":"https:\/\/www.europesays.com\/fr\/wp-json\/wp\/v2\/media\/1170197"}],"wp:attachment":[{"href":"https:\/\/www.europesays.com\/fr\/wp-json\/wp\/v2\/media?parent=1170196"}],"wp:term":[{"taxonomy":"category","embeddable":true,"href":"https:\/\/www.europesays.com\/fr\/wp-json\/wp\/v2\/categories?post=1170196"},{"taxonomy":"post_tag","embeddable":true,"href":"https:\/\/www.europesays.com\/fr\/wp-json\/wp\/v2\/tags?post=1170196"}],"curies":[{"name":"wp","href":"https:\/\/api.w.org\/{rel}","templated":true}]}}