{"id":1170198,"date":"2026-09-06T04:36:30","date_gmt":"2026-09-06T04:36:30","guid":{"rendered":"https:\/\/www.europesays.com\/fr\/1170198\/"},"modified":"2026-09-06T04:36:30","modified_gmt":"2026-09-06T04:36:30","slug":"feu-dappartement-a-rennes-12-personnes-evacuees","status":"publish","type":"post","link":"https:\/\/www.europesays.com\/fr\/1170198\/","title":{"rendered":"Feu d\u2019appartement \u00e0 Rennes\u00a0: 12 personnes \u00e9vacu\u00e9es"},"content":{"rendered":"<p>Les secours ont \u00e9t\u00e9 alert\u00e9s vers 14 h pour un feu d\u2019appartement dans un immeuble de quatre \u00e9tages situ\u00e9 28 square des Hauts-Chalais. Le feu, qui a pris \u00e0 la hauteur d\u2019un appartement du deuxi\u00e8me \u00e9tage, s\u2019est propag\u00e9 \u00e0 la fa\u00e7ade de l\u2019appartement du troisi\u00e8me. Rapidement, 36 pompiers ont \u00e9t\u00e9 mobilis\u00e9s avec, notamment, une grande \u00e9chelle. \u00c0 leur arriv\u00e9e, les occupants de l\u2019immeuble avaient \u00e9vacu\u00e9 les lieux par eux-m\u00eames. Seules deux personnes, une m\u00e8re et un enfant, ont \u00e9t\u00e9 \u00e9vacu\u00e9es du troisi\u00e8me \u00e9tage par les secours \u00e0 l\u2019aide d\u2019une \u00e9chelle manuelle t\u00e9lescopique. Les logements du personnel de la caserne Guillaudot jouxtant les lieux, deux gendarmes en civil, dont l\u2019un de Guingamp (22), ont particip\u00e9 avec deux voisins \u00e0 faire \u00e9vacuer les habitants de l\u2019immeuble sinistr\u00e9 avant l\u2019arriv\u00e9e des secours.<\/p>\n<p><img decoding=\"async\" src=\"https:\/\/www.europesays.com\/fr\/wp-content\/uploads\/2026\/09\/6a9c4297c992fb231b00c6ae.1.jpeg\" width=\"480\" height=\"300\" class=\"web_golden_m\" loading=\"lazy\" alt=\"Feu d\u2019appartement \u00e0 Rennes\u00a0: 12 personnes \u00e9vacu\u00e9es\"\/> (Le T\u00e9l\u00e9gramme\/Erwan Miloux)Trottinette \u00e9lectrique<\/p>\n<p>Au total, 12 personnes ont d\u00fb quitter leur logement. Toutes, en plus des quatre personnes intervenues pour donner l\u2019alerte, ont \u00e9t\u00e9 incommod\u00e9es par le d\u00e9gagement de fum\u00e9e. Prises en charge par les pompiers sur place, leur \u00e9tat n\u2019a pas n\u00e9cessit\u00e9 de transport vers le centre hospitalier. \u00ab L\u2019intervention rapide des pompiers a permis d\u2019\u00e9viter la propagation \u00e0 d\u2019autres appartements \u00bb, souligne le commandant S\u00e9bastien Durdux, responsable des op\u00e9rations de secours sur place. Selon les premiers \u00e9l\u00e9ments recueillis, trois fr\u00e8res, un adulte et deux mineurs, se trouvaient dans l\u2019appartement d\u2019o\u00f9 le feu a d\u00e9marr\u00e9 au moment des faits. Une trottinette \u00e9lectrique en charge serait, semble-t-il, \u00e0 l\u2019origine du sinistre. Quatre appartements ayant subi des d\u00e9g\u00e2ts n\u2019\u00e9taient plus habitables selon les secours. Vers 16 h, des pompiers \u00e9taient encore sur place pour proc\u00e9der \u00e0 des op\u00e9rations de d\u00e9blaiement. Une enqu\u00eate de police a \u00e9t\u00e9 ouverte sur ces faits.<\/p>\n","protected":false},"excerpt":{"rendered":"Les secours ont \u00e9t\u00e9 alert\u00e9s vers 14 h pour un feu d\u2019appartement dans un immeuble de quatre \u00e9tages&hellip;\n","protected":false},"author":2,"featured_media":1170199,"comment_status":"","ping_status":"","sticky":false,"template":"","format":"standard","meta":{"footnotes":"","_share_on_mastodon":"0"},"categories":[2821],"tags":[1111,11,829,765,1777,674,1011,27,848,12,584,25],"class_list":["post-1170198","post","type-post","status-publish","format-standard","has-post-thumbnail","category-rennes","tag-actu","tag-actualites","tag-bretagne","tag-en-continu","tag-eu","tag-europe","tag-fr","tag-france","tag-ille-et-vilaine","tag-news","tag-rennes","tag-republique-francaise"],"share_on_mastodon":{"url":"https:\/\/pubeurope.com\/@fr\/117222244803563653","error":""},"_links":{"self":[{"href":"https:\/\/www.europesays.com\/fr\/wp-json\/wp\/v2\/posts\/1170198","targetHints":{"allow":["GET"]}}],"collection":[{"href":"https:\/\/www.europesays.com\/fr\/wp-json\/wp\/v2\/posts"}],"about":[{"href":"https:\/\/www.europesays.com\/fr\/wp-json\/wp\/v2\/types\/post"}],"author":[{"embeddable":true,"href":"https:\/\/www.europesays.com\/fr\/wp-json\/wp\/v2\/users\/2"}],"replies":[{"embeddable":true,"href":"https:\/\/www.europesays.com\/fr\/wp-json\/wp\/v2\/comments?post=1170198"}],"version-history":[{"count":0,"href":"https:\/\/www.europesays.com\/fr\/wp-json\/wp\/v2\/posts\/1170198\/revisions"}],"wp:featuredmedia":[{"embeddable":true,"href":"https:\/\/www.europesays.com\/fr\/wp-json\/wp\/v2\/media\/1170199"}],"wp:attachment":[{"href":"https:\/\/www.europesays.com\/fr\/wp-json\/wp\/v2\/media?parent=1170198"}],"wp:term":[{"taxonomy":"category","embeddable":true,"href":"https:\/\/www.europesays.com\/fr\/wp-json\/wp\/v2\/categories?post=1170198"},{"taxonomy":"post_tag","embeddable":true,"href":"https:\/\/www.europesays.com\/fr\/wp-json\/wp\/v2\/tags?post=1170198"}],"curies":[{"name":"wp","href":"https:\/\/api.w.org\/{rel}","templated":true}]}}