{"id":117020,"date":"2025-05-21T14:03:36","date_gmt":"2025-05-21T14:03:36","guid":{"rendered":"https:\/\/www.europesays.com\/fr\/117020\/"},"modified":"2025-05-21T14:03:36","modified_gmt":"2025-05-21T14:03:36","slug":"a-luniversite-de-rouen-une-machine-surpuissante-unique-en-europe-revolutionne-la-traque-des-pfas-et-autres-polluants","status":"publish","type":"post","link":"https:\/\/www.europesays.com\/fr\/117020\/","title":{"rendered":"\u00c0 l\u2019universit\u00e9 de Rouen, une machine surpuissante unique en Europe r\u00e9volutionne la traque des PFAS et autres polluants"},"content":{"rendered":"<p>Lorsque l\u2019on traque les polluants dans l\u2019environnement, il existe un adage bien connu\u00a0: \u00abOn ne trouve que ce qu\u2019on cherche.\u00bb Cette limite des techniques de d\u00e9tection des contaminants oblige \u00e0 avancer avec des \u0153ill\u00e8res, dans une Europe o\u00f9 <a href=\"https:\/\/www.assemblee-nationale.fr\/dyn\/15\/rapports\/micendocri\/l15b2483_rapport-information#\" rel=\"nofollow noopener\" target=\"_blank\">pr\u00e8s de 150\u00a0000 substances (pas toutes toxiques) sont inventori\u00e9es<\/a> \u2013 et seulement quelques centaines surveill\u00e9es r\u00e9guli\u00e8rement.<\/p>\n<p>Depuis quelques ann\u00e9es, la progression des connaissances et des technologies de mesure a rendu visibles des contaminations \u00e0 grande \u00e9chelle de l\u2019eau potable par des r\u00e9sidus de pesticides et des PFAS, qui \u00e9taient jusqu\u2019ici pass\u00e9es sous les radars des autorit\u00e9s sanitaires. Toutefois, aujourd\u2019hui, 20\u00a0\u00abpolluants \u00e9ternels\u00bb \u2013 ultra-persistants dans l\u2019environnement et toxiques pour les humains \u2013 sont activement scrut\u00e9s, alors que cette famille de mol\u00e9cules <a href=\"https:\/\/www.academie-sciences.fr\/sites\/default\/files\/2025-03\/Rapport%20PFAS%20-Version%20d%C3%A9f_1.pdf\" rel=\"nofollow noopener\" target=\"_blank\">compte au moins 12\u00a0000 membres<\/a>. Une goutte d\u2019eau dans un oc\u00e9an.<\/p>\n<p><img fetchpriority=\"high\" decoding=\"async\" width=\"1024\" height=\"771\" src=\"https:\/\/www.europesays.com\/fr\/wp-content\/uploads\/2025\/05\/IMG_20250422_103120978_HDR-1024x771.jpg\" alt=\"\" class=\"wp-image-42018\"  \/>Le spectrom\u00e8tre de masse, install\u00e9 \u00e0 l\u2019universit\u00e9 de Rouen, est d\u00e9cor\u00e9 de motifs multicolores repr\u00e9sentant certains projets scientifiques du laboratoire CARMeN. Ils ont \u00e9t\u00e9 dessin\u00e9s par l\u2019artiste local Simon Le Cieux. \u00a9\u00a0Nicolas Cossic\/Vert<\/p>\n<p>Mais la partie immerg\u00e9e de l\u2019iceberg pourrait bien \u00eatre r\u00e9v\u00e9l\u00e9e au grand jour. D\u00e9but 2025, l\u2019universit\u00e9 de Rouen (Seine-Maritime) s\u2019est dot\u00e9e <a href=\"https:\/\/www.univ-rouen.fr\/actualites\/spectrometre-de-masse-inauguration-dun-equipement-de-pointe-unique-au-monde\/\" rel=\"nofollow noopener\" target=\"_blank\">d\u2019un spectrom\u00e8tre de masse \u00e0 transform\u00e9e de Fourier<\/a>, \u00e9quip\u00e9 d\u2019un aimant supraconducteur [qui permet d\u2019obtenir un champ magn\u00e9tique \u00e9lev\u00e9 et stable, NDLR] de 18 teslas \u2013 l\u2019unit\u00e9 de mesure des champs magn\u00e9tiques. Un nom barbare qui d\u00e9signe un instrument de mesure surpuissant, capable de d\u00e9tecter l\u2019int\u00e9gralit\u00e9 des substances pr\u00e9sentes dans un m\u00e9lange comme l\u2019eau ou le sol. Unique en Europe \u2013 et quasiment sans pareil dans le monde \u2013, cet outil \u00absera \u00e0 la chimie mol\u00e9culaire ce que le t\u00e9lescope James Webb est \u00e0 l\u2019exploration spatiale\u00bb, assure l\u2019\u00e9tablissement.<\/p>\n<p>L\u2019engin, de pr\u00e8s de huit tonnes, financ\u00e9 \u00e0 hauteur de 7,5 millions d\u2019euros par des fonds publics et priv\u00e9s, tr\u00f4ne sur le campus de Mont-Saint-Aignan, une commune de l\u2019agglom\u00e9ration rouennaise, au sein de l\u2019institut CARMeN. Des chercheur\u00b7ses membres de ce laboratoire normand ont \u00e9t\u00e9 parmi les premier\u00b7es \u00e0 enqu\u00eater sur les cons\u00e9quences de <a href=\"https:\/\/www.seine-maritime.gouv.fr\/Actions-de-l-Etat\/Securite-et-Defense\/Securite-civile\/Risques-naturels-et-technologiques\/Risque-industriel\/Incendie-Lubrizol-et-NL-Logistique-du-26-septembre-2019\/Incendie-Lubrizol-et-NL-Logistique-du-26-septembre-2019\" rel=\"nofollow noopener\" target=\"_blank\">l\u2019incendie du site industriel de Lubrizol<\/a>, class\u00e9 Seveso seuil haut, dans lequel 10\u00a0000 tonnes de produits chimiques sont parties en fum\u00e9e, le 26 septembre 2019, \u00e0 Rouen.<\/p>\n<p>Comprendre les impacts des m\u00e9gafeux<\/p>\n<p>Ce type d\u2019accident industriel est un bon exemple des applications possibles du spectrom\u00e8tre. \u00c0 l\u2019\u00e9poque de l\u2019incendie, l\u2019universit\u00e9 disposait d\u00e9j\u00e0 d\u2019une sorte de version miniature de l\u2019instrument de mesure ultra-performant. \u00abEn analysant les suies retomb\u00e9es sur des ballons d\u2019enfants, on s\u2019est vite rendu compte qu\u2019il y avait une quantit\u00e9 de compos\u00e9s organiques qu\u2019on ne connaissait pas, retrace Carlos Afonso, enseignant-chercheur \u00e0 l\u2019universit\u00e9 de Rouen au sein de l\u2019institut CARMeN.<\/p>\n<p>Avec les m\u00e9thodes classiques, on ne retrouvait pas beaucoup d\u2019hydrocarbures aromatiques polycycliques (HAP) [des polluants chimiques produits lors d\u2019une combustion incompl\u00e8te, NDLR]. Mais nos analyses ont montr\u00e9 la pr\u00e9sence de beaucoup d\u2019autres HAP, inconnus, cr\u00e9\u00e9s lors de l\u2019incendie par recombinaison des mol\u00e9cules des additifs chimiques incendi\u00e9s.\u00bb \u00c0 pr\u00e9sent, le tout nouveau spectrom\u00e8tre rendra ce travail plus exhaustif, plus pr\u00e9cis et, surtout, beaucoup plus rapide. L\u2019outil sera notamment mobilis\u00e9 pour l\u2019analyse des r\u00e9sidus de m\u00e9gafeux et leur impact sur l\u2019eau potable.<\/p>\n<p>\u00abChercher une aiguille dans une botte de foin\u00bb<\/p>\n<p>Cette ouverture du champ des possibles permettra d\u2019am\u00e9liorer les connaissances sur la pr\u00e9sence de contaminants dans l\u2019environnement. Parmi les d\u00e9fis\u00a0: l\u2019identification des substances per- et polyfluoroalkyl\u00e9es \u2013 les fameux PFAS. \u00abOn parle de 12\u00a0000 substances, mais si on ajoute leurs produits de d\u00e9gradation dans la nature, cela pourrait \u00eatre beaucoup plus\u00bb, note Carlos Afonso. Pour les traquer, le spectrom\u00e8tre peut diff\u00e9rencier les PFAS des autres mol\u00e9cules uniquement via leur poids, ce qui \u00e9tait impossible jusqu\u2019alors.<\/p>\n<p>\u00abAvec les analyses cibl\u00e9es de routine, toute pollution inconnue au pr\u00e9alable passe inaper\u00e7u et n\u2019est pas d\u00e9tect\u00e9e. Alors que, l\u00e0, on trouve tout \u00e0 la fois, gr\u00e2ce \u00e0 une r\u00e9solution extr\u00eame\u00bb, r\u00e9sume le scientifique. Une avanc\u00e9e majeure qui peut aussi faciliter la mise en \u00e9vidence \u00abde traces de pesticides dans le sol \u2013 un milieu extr\u00eamement complexe dans lequel il existe des millions de mol\u00e9cules. C\u2019est comme chercher une aiguille dans une botte de foin\u00bb, illustre-t-il.<\/p>\n<p>Une vigie<\/p>\n<p>Dans le domaine de la surveillance environnementale, le spectrom\u00e8tre jouera un r\u00f4le de vigie. \u00abC\u2019est un instrument unique. Aucune r\u00e9glementation ne demandera d\u2019utiliser un appareil aussi cher pour les analyses de routine, compl\u00e8te le scientifique de l\u2019institut CARMeN. Mais, avec cet outil, nous pourrons dresser un \u00e9tat des lieux des substances pr\u00e9sentes dans des \u00e9chantillons d\u2019eau ou de sol. [\u2026] Notre objectif est aussi de d\u00e9velopper de nouvelles m\u00e9thodes d\u2019analyse qui pourront ensuite \u00eatre reproduites par d\u2019autres laboratoires. Y compris avec des appareils moins performants.\u00bb<\/p>\n<p>Au-del\u00e0 de ses applications environnementales, le spectrom\u00e8tre servira aussi pour la recherche sur les \u00e9nergies renouvelables, la sant\u00e9 et m\u00eame la plan\u00e9tologie. Son utilisation sera accessible, sur demande, \u00e0 la communaut\u00e9 scientifique \u2013 bien au-del\u00e0 des fronti\u00e8res normandes.<\/p>\n","protected":false},"excerpt":{"rendered":"Lorsque l\u2019on traque les polluants dans l\u2019environnement, il existe un adage bien connu\u00a0: \u00abOn ne trouve que ce&hellip;\n","protected":false},"author":2,"featured_media":117021,"comment_status":"","ping_status":"","sticky":false,"template":"","format":"standard","meta":{"footnotes":""},"categories":[9587],"tags":[1111,11,1777,674,1011,27,23737,12,5161,13885,25,9590,23738],"class_list":{"0":"post-117020","1":"post","2":"type-post","3":"status-publish","4":"format-standard","5":"has-post-thumbnail","7":"category-rouen","8":"tag-actu","9":"tag-actualites","10":"tag-eu","11":"tag-europe","12":"tag-fr","13":"tag-france","14":"tag-laboratoire-carmen","15":"tag-news","16":"tag-normandie","17":"tag-pfas","18":"tag-republique-francaise","19":"tag-rouen","20":"tag-spectrometre"},"share_on_mastodon":{"url":"https:\/\/pubeurope.com\/@fr\/114546200280616090","error":""},"_links":{"self":[{"href":"https:\/\/www.europesays.com\/fr\/wp-json\/wp\/v2\/posts\/117020","targetHints":{"allow":["GET"]}}],"collection":[{"href":"https:\/\/www.europesays.com\/fr\/wp-json\/wp\/v2\/posts"}],"about":[{"href":"https:\/\/www.europesays.com\/fr\/wp-json\/wp\/v2\/types\/post"}],"author":[{"embeddable":true,"href":"https:\/\/www.europesays.com\/fr\/wp-json\/wp\/v2\/users\/2"}],"replies":[{"embeddable":true,"href":"https:\/\/www.europesays.com\/fr\/wp-json\/wp\/v2\/comments?post=117020"}],"version-history":[{"count":0,"href":"https:\/\/www.europesays.com\/fr\/wp-json\/wp\/v2\/posts\/117020\/revisions"}],"wp:featuredmedia":[{"embeddable":true,"href":"https:\/\/www.europesays.com\/fr\/wp-json\/wp\/v2\/media\/117021"}],"wp:attachment":[{"href":"https:\/\/www.europesays.com\/fr\/wp-json\/wp\/v2\/media?parent=117020"}],"wp:term":[{"taxonomy":"category","embeddable":true,"href":"https:\/\/www.europesays.com\/fr\/wp-json\/wp\/v2\/categories?post=117020"},{"taxonomy":"post_tag","embeddable":true,"href":"https:\/\/www.europesays.com\/fr\/wp-json\/wp\/v2\/tags?post=117020"}],"curies":[{"name":"wp","href":"https:\/\/api.w.org\/{rel}","templated":true}]}}