{"id":1170225,"date":"2026-09-06T05:00:19","date_gmt":"2026-09-06T05:00:19","guid":{"rendered":"https:\/\/www.europesays.com\/fr\/1170225\/"},"modified":"2026-09-06T05:00:19","modified_gmt":"2026-09-06T05:00:19","slug":"quand-une-ancienne-savonnerie-devient-un-temple-du-graffiti-et-du-hip-hop-a-marseille","status":"publish","type":"post","link":"https:\/\/www.europesays.com\/fr\/1170225\/","title":{"rendered":"Quand une ancienne savonnerie devient un temple du graffiti et du hip-hop \u00e0 Marseille"},"content":{"rendered":"<p>Le b\u00e2timent central est orn\u00e9 d\u2019une mosa\u00efque portant l\u2019inscription : La Tulipe, t\u00e9moin du temps o\u00f9 celui-ci \u00e9tait occup\u00e9 par l\u2019ancienne savonnerie du m\u00eame nom, fond\u00e9e en 1865 et ferm\u00e9e depuis 1987. On lui pr\u00eate \u00e9galement un pass\u00e9 de b\u00e2timent EDF, des \u00e9crits en attestent. <\/p>\n<p>\u00c0 ce jour, il reste encore une autre inscription \u00e0 d\u00e9coder sur cette fa\u00e7ade principale : La Micheline Emilie. Situ\u00e9 \u00e0 quelques centaines de m\u00e8tres du m\u00e9tro Bougainville et des nouveaux arr\u00eats de tramway Salengro, dans le quartier des Crottes, le b\u00e2timent s\u2019appr\u00eate \u00e0 vivre sa prochaine mue. <\/p>\n<p>C\u2019est ici, le 12 septembre, que rena\u00eet <a href=\"https:\/\/laerosol.com\/aerosol-marseille\" target=\"_blank\" rel=\"noopener noreferrer nofollow\" data-tooltip-url=\"https:\/\/laerosol.com\/aerosol-marseille\">L\u2019A\u00e9rosol, un grand festival de cultures urbaines.<\/a><\/p>\n<\/p>\n<p><strong>La Tulipe en chiffres :<\/strong><\/p>\n<ul>\n<li>3 nefs de 61 m de long<\/li>\n<li>9 m\u00e8tres de haut pour la nef principale<\/li>\n<li>1200 litres de peinture pour la premi\u00e8re exposition<\/li>\n<li>+ 60 artistes pour la premi\u00e8re exposition.<\/li>\n<\/ul>\n","protected":false},"excerpt":{"rendered":"Le b\u00e2timent central est orn\u00e9 d\u2019une mosa\u00efque portant l\u2019inscription : La Tulipe, t\u00e9moin du temps o\u00f9 celui-ci \u00e9tait&hellip;\n","protected":false},"author":2,"featured_media":1170226,"comment_status":"","ping_status":"","sticky":false,"template":"","format":"standard","meta":{"footnotes":"","_share_on_mastodon":"0"},"categories":[2814],"tags":[1111,11,1777,674,1011,27,884,12,882,25],"class_list":["post-1170225","post","type-post","status-publish","format-standard","has-post-thumbnail","category-marseille","tag-actu","tag-actualites","tag-eu","tag-europe","tag-fr","tag-france","tag-marseille","tag-news","tag-provence-alpes-cote-dazur","tag-republique-francaise"],"share_on_mastodon":{"url":"https:\/\/pubeurope.com\/@fr\/117222337766404718","error":""},"_links":{"self":[{"href":"https:\/\/www.europesays.com\/fr\/wp-json\/wp\/v2\/posts\/1170225","targetHints":{"allow":["GET"]}}],"collection":[{"href":"https:\/\/www.europesays.com\/fr\/wp-json\/wp\/v2\/posts"}],"about":[{"href":"https:\/\/www.europesays.com\/fr\/wp-json\/wp\/v2\/types\/post"}],"author":[{"embeddable":true,"href":"https:\/\/www.europesays.com\/fr\/wp-json\/wp\/v2\/users\/2"}],"replies":[{"embeddable":true,"href":"https:\/\/www.europesays.com\/fr\/wp-json\/wp\/v2\/comments?post=1170225"}],"version-history":[{"count":0,"href":"https:\/\/www.europesays.com\/fr\/wp-json\/wp\/v2\/posts\/1170225\/revisions"}],"wp:featuredmedia":[{"embeddable":true,"href":"https:\/\/www.europesays.com\/fr\/wp-json\/wp\/v2\/media\/1170226"}],"wp:attachment":[{"href":"https:\/\/www.europesays.com\/fr\/wp-json\/wp\/v2\/media?parent=1170225"}],"wp:term":[{"taxonomy":"category","embeddable":true,"href":"https:\/\/www.europesays.com\/fr\/wp-json\/wp\/v2\/categories?post=1170225"},{"taxonomy":"post_tag","embeddable":true,"href":"https:\/\/www.europesays.com\/fr\/wp-json\/wp\/v2\/tags?post=1170225"}],"curies":[{"name":"wp","href":"https:\/\/api.w.org\/{rel}","templated":true}]}}