{"id":1170232,"date":"2026-09-06T05:06:22","date_gmt":"2026-09-06T05:06:22","guid":{"rendered":"https:\/\/www.europesays.com\/fr\/1170232\/"},"modified":"2026-09-06T05:06:22","modified_gmt":"2026-09-06T05:06:22","slug":"piratage-du-fisc-lun-des-pirates-presumes-place-en-detention","status":"publish","type":"post","link":"https:\/\/www.europesays.com\/fr\/1170232\/","title":{"rendered":"Piratage du fisc : l&rsquo;un des pirates pr\u00e9sum\u00e9s plac\u00e9 en d\u00e9tention"},"content":{"rendered":"<p>                    Par<br \/>\n        <strong><br \/>\n            <a href=\"https:\/\/actu.fr\/auteur\/clemence-apetogbor\" title=\"Consulter tous les articles de Cl\u00e9mence Apetogbor\" rel=\"nofollow noopener\" target=\"_blank\">Cl\u00e9mence Apetogbor<\/a><br \/>\n                    <\/strong><\/p>\n<p>        Publi\u00e9 le<\/p>\n<p>            4 sept. 2026 \u00e0 20h24<br \/>\n        ; mis \u00e0 jour le 4 sept. 2026 \u00e0 20h39    <\/p>\n<p>Nouveau rebondissement dans le dossier du <strong>piratage massif du fisc<\/strong>, survenu fin juin et fin juillet. Un membre pr\u00e9sum\u00e9 du <strong>groupe de pirates Zerobytes<\/strong>, \u00e2g\u00e9 de 18 ans \u00e0 peine, a \u00e9t\u00e9 mis en examen et plac\u00e9 en d\u00e9tention provisoire \u00e0 Paris.\u00a0<\/p>\n<p class=\" wall-content\">Un deuxi\u00e8me suspect, \u00e2g\u00e9 de moins de 16 ans, a \u00e9galement \u00e9t\u00e9 interpell\u00e9 et plac\u00e9 en garde \u00e0 vue, mais lib\u00e9r\u00e9 ensuite, a pr\u00e9cis\u00e9 le parquet, apr\u00e8s des informations de Franceinfo et du Monde. Les enqu\u00eateurs vont d\u00e9sormais exploiter son mat\u00e9riel informatique.<\/p>\n<p class=\" wall-content\">Interrog\u00e9 par l\u2019AFP, l\u2019avocat de ce dernier, Me Reda Ghilaci, n\u2019a pas souhait\u00e9 commenter.<br \/>Le piratage du fisc a entra\u00een\u00e9 le vol de donn\u00e9es d\u2019au moins 678 000 particuliers et professionnels, selon la direction g\u00e9n\u00e9rale des finances publiques (DGFiP). Il n\u2019a \u00e9t\u00e9 port\u00e9 \u00e0 la connaissance du grand public que mi-ao\u00fbt, lorsqu\u2019un groupe de pirates informatiques baptis\u00e9 Zerobytes, et se pr\u00e9sentant comme un duo, l\u2019a revendiqu\u00e9.<\/p>\n<p>Le ministre des Comptes pr\u00e9sente ses excuses<\/p>\n<p class=\" wall-content\">Le gouvernement s\u2019est saisi du dossier, S\u00e9bastien Lecornu demandant un audit \u00e0 l\u2019agence nationale de la s\u00e9curit\u00e9 des syst\u00e8mes d\u2019information (Anssi) et le ministre des Comptes publics, David Amiel, pr\u00e9sentant ses excuses aux contribuables touch\u00e9s. Sans attendre, la justice avait ouvert en toute discr\u00e9tion une enqu\u00eate, a-t-on appris aupr\u00e8s du parquet vendredi. D\u00e8s la \u00ab\u00a0r\u00e9ception des premi\u00e8res plaintes\u00a0\u00bb, le 31 juillet, et donc avant la revendication de l\u2019attaque, l\u2019affaire, sensible, a \u00e9t\u00e9 confi\u00e9e \u00e0 l\u2019Office anti-cybercriminalit\u00e9 (Ofac).<\/p>\n<p class=\" wall-content\">L\u2019homme de 18 ans, qui r\u00e9side en r\u00e9gion parisienne, a \u00e9t\u00e9 arr\u00eat\u00e9 d\u00e8s le 18 ao\u00fbt et mis en examen deux jours plus tard. Il s\u2019agit d\u2019un <strong>pirate chevronn\u00e9<\/strong>, connu de la police. Et de la justice : il avait \u00e9t\u00e9 mis en examen d\u00e9j\u00e0 deux fois, dans deux dossiers d\u2019attaques informatiques commises en 2023 et 2024, alors qu\u2019il \u00e9tait encore mineur. Il \u00e9tait sous contr\u00f4le judiciaire depuis.<\/p>\n<p>De plus en plus de mineurs auteurs d\u2019infractions<\/p>\n<p class=\" wall-content\">Dans le dossier du fisc, il encourt une peine de 10 ans d\u2019emprisonnement et de 300 000 euros d\u2019amende pour une s\u00e9rie de cyberinfractions, ainsi que pour association de malfaiteurs. Sollicit\u00e9es, ses avocates, Mes Camille Lucotte et Sofia Massou, n\u2019ont pas souhait\u00e9 s\u2019exprimer.<\/p>\n<p class=\" wall-content\">D\u2019une mani\u00e8re g\u00e9n\u00e9rale, le parquet charg\u00e9 de la lutte anticybercriminalit\u00e9 a constat\u00e9 ces derniers mois \u00ab\u00a0une recrudescence des mineurs commettant des infractions\u00a0\u00bb dans ce domaine, avait expliqu\u00e9 Johanna Brousse, la magistrate qui le dirige, appelant \u00e0 \u00ab\u00a0d\u00e9construire le mythe du h\u00e9ros hacker\u00a0\u00bb, dans une interview \u00e0 l\u2019AFP lundi.<\/p>\n<p class=\" wall-content\">Personnalisez votre actualit\u00e9 en ajoutant vos villes et m\u00e9dias en favori avec <a href=\"https:\/\/moncompte.actu.fr\" title=\"D\u00e9couvez Mon Actu\" rel=\"nofollow noopener\" data-trk=\"{&quot;cta&quot;:{&quot;action&quot;:&quot;https:\\\/\\\/moncompte.actu.fr&quot;,&quot;category&quot;:&quot;mon compte&quot;,&quot;from&quot;:&quot;article footer&quot;,&quot;name&quot;:&quot;Mon actu&quot;,&quot;type&quot;:&quot;cta&quot;}}\" target=\"_blank\">Mon Actu<\/a>.<\/p>\n","protected":false},"excerpt":{"rendered":"Par Cl\u00e9mence Apetogbor Publi\u00e9 le 4 sept. 2026 \u00e0 20h24 ; mis \u00e0 jour le 4 sept. 2026&hellip;\n","protected":false},"author":2,"featured_media":1170233,"comment_status":"","ping_status":"","sticky":false,"template":"","format":"standard","meta":{"footnotes":"","_share_on_mastodon":"0"},"categories":[1888],"tags":[1111,1928,11,1927,2481,1777,674,1011,27,12,1926,626,1925,25,104],"class_list":["post-1170232","post","type-post","status-publish","format-standard","has-post-thumbnail","category-paris","tag-actu","tag-actu-paris","tag-actualites","tag-actualites-paris","tag-cyberattaque","tag-eu","tag-europe","tag-fr","tag-france","tag-news","tag-news-paris","tag-paris","tag-paris-news","tag-republique-francaise","tag-societe"],"share_on_mastodon":{"url":"https:\/\/pubeurope.com\/@fr\/117222361172291369","error":""},"_links":{"self":[{"href":"https:\/\/www.europesays.com\/fr\/wp-json\/wp\/v2\/posts\/1170232","targetHints":{"allow":["GET"]}}],"collection":[{"href":"https:\/\/www.europesays.com\/fr\/wp-json\/wp\/v2\/posts"}],"about":[{"href":"https:\/\/www.europesays.com\/fr\/wp-json\/wp\/v2\/types\/post"}],"author":[{"embeddable":true,"href":"https:\/\/www.europesays.com\/fr\/wp-json\/wp\/v2\/users\/2"}],"replies":[{"embeddable":true,"href":"https:\/\/www.europesays.com\/fr\/wp-json\/wp\/v2\/comments?post=1170232"}],"version-history":[{"count":0,"href":"https:\/\/www.europesays.com\/fr\/wp-json\/wp\/v2\/posts\/1170232\/revisions"}],"wp:featuredmedia":[{"embeddable":true,"href":"https:\/\/www.europesays.com\/fr\/wp-json\/wp\/v2\/media\/1170233"}],"wp:attachment":[{"href":"https:\/\/www.europesays.com\/fr\/wp-json\/wp\/v2\/media?parent=1170232"}],"wp:term":[{"taxonomy":"category","embeddable":true,"href":"https:\/\/www.europesays.com\/fr\/wp-json\/wp\/v2\/categories?post=1170232"},{"taxonomy":"post_tag","embeddable":true,"href":"https:\/\/www.europesays.com\/fr\/wp-json\/wp\/v2\/tags?post=1170232"}],"curies":[{"name":"wp","href":"https:\/\/api.w.org\/{rel}","templated":true}]}}