{"id":117024,"date":"2025-05-21T14:05:10","date_gmt":"2025-05-21T14:05:10","guid":{"rendered":"https:\/\/www.europesays.com\/fr\/117024\/"},"modified":"2025-05-21T14:05:10","modified_gmt":"2025-05-21T14:05:10","slug":"le-fc-grenoble-organise-un-stage-a-aix-les-bains-avant-sa-demi-finale-de-pro-d2","status":"publish","type":"post","link":"https:\/\/www.europesays.com\/fr\/117024\/","title":{"rendered":"le FC Grenoble organise un stage \u00e0 Aix-les-Bains avant sa demi-finale de Pro D2"},"content":{"rendered":"<p>\t\t\t\t\t\t\t\t\t\t\t<img loading=\"lazy\" decoding=\"async\" width=\"1110\" title=\"Rugby\u00a0: le FC Grenoble organise un stage \u00e0 Aix-les-Bains avant sa demi-finale de Pro D2\" class=\"img-fluid not_lzld mb-3\" src=\"https:\/\/www.europesays.com\/fr\/wp-content\/uploads\/2025\/05\/1110x624_rugby-le-fc-grenoble-organise-un-stage-a-aix-les-bains-avant-sa-demi-finale-de-pro-d2_682dd\" alt=\"Rugby\u00a0: le FC Grenoble organise un stage \u00e0 Aix-les-Bains avant sa demi-finale de Pro D2\" itemprop=\"image\" height=\"624\"\/>\t\t\t\t\t\t\t\t\t\t\t\t<\/p>\n<p>Rugby\u00a0: le FC Grenoble organise un stage \u00e0 Aix-les-Bains avant sa demi-finale de Pro D2 &#8211; DR<\/p>\n<p itemprop=\"description\"><strong>Pour pr\u00e9parer au mieux sa demi-finale de Pro D2, le FCG s\u2019est d\u00e9plac\u00e9 \u00e0 Aix-les-Bains (Savoie) ce mercredi 21 mai.<\/strong><\/p>\n<p class=\"MsoNormal\" style=\"caret-color: #212121; color: #212121; font-size: 12pt; font-style: normal; font-variant-caps: normal; font-weight: 400; letter-spacing: normal; orphans: auto; text-align: start; text-indent: 0px; text-transform: none; white-space: normal; widows: auto; word-spacing: 0px; -webkit-text-stroke-width: 0px; text-decoration: none; margin: 0cm 0cm 8pt; line-height: 18.4px; font-family: Calibri, sans-serif;\">Leader de la phase r\u00e9guli\u00e8re de Pro D2, le FC Grenoble Rugby va prochainement disputer sa demi-finale de playoffs. Ce sera le jeudi 29 mai \u00e0 21h, au Stade des Alpes, contre le vainqueur de la rencontre entre le Provence Rugby et Soyaux-Angoul\u00eame. En \u00e9vitant de passer par les barrages, les Is\u00e9rois disposent d\u2019une semaine et demie de pr\u00e9paration.<\/p>\n<p class=\"MsoNormal\" style=\"caret-color: #212121; color: #212121; font-size: 12pt; font-style: normal; font-variant-caps: normal; font-weight: 400; letter-spacing: normal; orphans: auto; text-align: start; text-indent: 0px; text-transform: none; white-space: normal; widows: auto; word-spacing: 0px; -webkit-text-stroke-width: 0px; text-decoration: none; margin: 0cm 0cm 8pt; line-height: 18.4px; font-family: Calibri, sans-serif;\">Pour cela, le staff, emmen\u00e9 par Aubin Hueber, a d\u00e9cid\u00e9 d\u2019emmener toute l\u2019\u00e9quipe en stage \u00e0 Aix-les-Bains. D\u00e8s ce mercredi, les joueurs s\u2019entra\u00eeneront pendant trois jours en Savoie. \u00ab\u00a0La premi\u00e8re id\u00e9e de ce stage, c\u2019est de vivre ensemble (&#8230;) Une \u00e9quipe a besoin de faire des activit\u00e9s et de bien vivre ensemble (\u2026) Le deuxi\u00e8me objectif sera de gommer tout ce qui n\u2019a pas \u00e9t\u00e9 bon dans notre dernier match\u00a0\u00bb, a expliqu\u00e9 Nicolas Nadau, co-entra\u00eeneur du FCG, \u00e0 nos confr\u00e8res du Dauphin\u00e9 Lib\u00e9r\u00e9.<\/p>\n<p class=\"MsoNormal\" style=\"caret-color: #212121; color: #212121; font-size: 12pt; font-style: normal; font-variant-caps: normal; font-weight: 400; letter-spacing: normal; orphans: auto; text-align: start; text-indent: 0px; text-transform: none; white-space: normal; widows: auto; word-spacing: 0px; -webkit-text-stroke-width: 0px; text-decoration: none; margin: 0cm 0cm 8pt; line-height: 18.4px; font-family: Calibri, sans-serif;\">M\u00eame si les Grenoblois sont au lac du Bourget, leurs esprits sont tourn\u00e9s vers la finale de Pro D2, programm\u00e9e le 7 juin prochain, \u00e0 Toulouse.<\/p>\n","protected":false},"excerpt":{"rendered":"Rugby\u00a0: le FC Grenoble organise un stage \u00e0 Aix-les-Bains avant sa demi-finale de Pro D2 &#8211; DR Pour&hellip;\n","protected":false},"author":2,"featured_media":117025,"comment_status":"","ping_status":"","sticky":false,"template":"","format":"standard","meta":{"footnotes":""},"categories":[9566],"tags":[1111,11,7733,8279,2430,7736,650,7734,2889,2263,1777,674,1011,27,2731,8280,6417,1114,108,4662,12,3725,1825,25,7737],"class_list":{"0":"post-117024","1":"post","2":"type-post","3":"status-publish","4":"format-standard","5":"has-post-thumbnail","7":"category-grenoble","8":"tag-actu","9":"tag-actualites","10":"tag-alpes","11":"tag-alpes1","12":"tag-auvergne-rhone-alpes","13":"tag-cds","14":"tag-cinema","15":"tag-ecoute","16":"tag-emission","17":"tag-equipe","18":"tag-eu","19":"tag-europe","20":"tag-fr","21":"tag-france","22":"tag-grenoble","23":"tag-haute","24":"tag-information","25":"tag-infos","26":"tag-isere","27":"tag-journal","28":"tag-news","29":"tag-podcast","30":"tag-radio","31":"tag-republique-francaise","32":"tag-winamp"},"share_on_mastodon":{"url":"https:\/\/pubeurope.com\/@fr\/114546207937034330","error":""},"_links":{"self":[{"href":"https:\/\/www.europesays.com\/fr\/wp-json\/wp\/v2\/posts\/117024","targetHints":{"allow":["GET"]}}],"collection":[{"href":"https:\/\/www.europesays.com\/fr\/wp-json\/wp\/v2\/posts"}],"about":[{"href":"https:\/\/www.europesays.com\/fr\/wp-json\/wp\/v2\/types\/post"}],"author":[{"embeddable":true,"href":"https:\/\/www.europesays.com\/fr\/wp-json\/wp\/v2\/users\/2"}],"replies":[{"embeddable":true,"href":"https:\/\/www.europesays.com\/fr\/wp-json\/wp\/v2\/comments?post=117024"}],"version-history":[{"count":0,"href":"https:\/\/www.europesays.com\/fr\/wp-json\/wp\/v2\/posts\/117024\/revisions"}],"wp:featuredmedia":[{"embeddable":true,"href":"https:\/\/www.europesays.com\/fr\/wp-json\/wp\/v2\/media\/117025"}],"wp:attachment":[{"href":"https:\/\/www.europesays.com\/fr\/wp-json\/wp\/v2\/media?parent=117024"}],"wp:term":[{"taxonomy":"category","embeddable":true,"href":"https:\/\/www.europesays.com\/fr\/wp-json\/wp\/v2\/categories?post=117024"},{"taxonomy":"post_tag","embeddable":true,"href":"https:\/\/www.europesays.com\/fr\/wp-json\/wp\/v2\/tags?post=117024"}],"curies":[{"name":"wp","href":"https:\/\/api.w.org\/{rel}","templated":true}]}}