{"id":1170254,"date":"2026-09-06T05:18:34","date_gmt":"2026-09-06T05:18:34","guid":{"rendered":"https:\/\/www.europesays.com\/fr\/1170254\/"},"modified":"2026-09-06T05:18:34","modified_gmt":"2026-09-06T05:18:34","slug":"les-corps-des-deux-marins-retrouves-apres-le-naufrage-dun-chalutier-francais-3","status":"publish","type":"post","link":"https:\/\/www.europesays.com\/fr\/1170254\/","title":{"rendered":"Les corps des deux marins retrouv\u00e9s apr\u00e8s le naufrage d\u2019un chalutier fran\u00e7ais"},"content":{"rendered":"<p>Les corps des deux p\u00eacheurs bretons emport\u00e9s dans <a href=\"https:\/\/www.20minutes.fr\/faits_divers\/4241684-20260830-manche-chalutier-francais-fait-naufrage-large-angleterre-deux-marins-disparus\" class=\"c-link c-link--is-underlined\" rel=\"nofollow noopener\" target=\"_blank\">le naufrage du chalutier fran\u00e7ais Maranello<\/a> au large du Royaume-Uni ont \u00e9t\u00e9 retrouv\u00e9s, a annonc\u00e9 ce samedi le parquet de Saint-Brieuc. L\u2019\u00e9pave du chalutier, qui a coul\u00e9 le 29\u00a0ao\u00fbt au large de Plymouth (Royaume-Uni), <a href=\"https:\/\/www.20minutes.fr\/faits_divers\/4242352-20260902-epave-chalutier-francais-coule-manche-retrouvee\" class=\"c-link c-link--is-underlined\" rel=\"nofollow noopener\" target=\"_blank\">avait \u00e9t\u00e9 localis\u00e9e en milieu de semaine<\/a>.<\/p>\n<p>\u00ab\u00a0Les conditions m\u00e9t\u00e9o ont permis de reprendre les recherches aujourd\u2019hui\u00a0\u00bb, a fait savoir Alex Dehays, substitut du procureur de la R\u00e9publique de <a href=\"https:\/\/www.20minutes.fr\/dossier\/saint_brieuc\" class=\"c-link c-link--is-underlined\" rel=\"nofollow noopener\" target=\"_blank\">Saint-Brieuc<\/a> (C\u00f4tes-d\u2019Armor).<\/p>\n<p>\u00ab\u00a0Apr\u00e8s une premi\u00e8re plong\u00e9e ce matin ayant permis de rep\u00e9rer les lieux et d\u2019appr\u00e9cier la faisabilit\u00e9 de l\u2019op\u00e9ration\u00a0\u00bb, des plongeurs \u00ab\u00a0ont pu remonter ce soir les corps des deux marins\u00a0\u00bb, a-t-il ajout\u00e9. \u00ab\u00a0L\u2019enqu\u00eate, toujours confi\u00e9e \u00e0 la section de recherches de la gendarmerie maritime de Brest, bascule donc ce soir en enqu\u00eate en recherche des causes de la mort\u00a0\u00bb, a pr\u00e9cis\u00e9 le substitut du procureur.<\/p>\n<\/p>\n<p>Un appel de d\u00e9tresse le 29\u00a0ao\u00fbt<\/p>\n<p>Le chalutier Maranello, immatricul\u00e9 \u00e0 Saint-Brieuc, avait lanc\u00e9 un appel de d\u00e9tresse le 29\u00a0ao\u00fbt au large du port anglais, invoquant des probl\u00e8mes avec ses engins de p\u00eache.<\/p>\n<p>Un autre chalutier se trouvant \u00e0 proximit\u00e9, le Stradale, avait pu secourir trois des cinq membres d\u2019\u00e9quipage avant que le Maranello ne coule. Mais deux p\u00eacheurs, le commandant et le ma\u00eetre d\u2019\u00e9quipage du navire, \u00e9taient port\u00e9s disparus.<\/p>\n<p>Un important dispositif de recherches avait \u00e9t\u00e9 lanc\u00e9 imm\u00e9diatement par les autorit\u00e9s britanniques, avant de prendre fin lundi matin. Plusieurs navires de p\u00eache fran\u00e7ais naviguant dans la zone, ainsi qu\u2019un b\u00e2timent de la marine nationale, y avaient pris part.<\/p>\n","protected":false},"excerpt":{"rendered":"Les corps des deux p\u00eacheurs bretons emport\u00e9s dans le naufrage du chalutier fran\u00e7ais Maranello au large du Royaume-Uni&hellip;\n","protected":false},"author":2,"featured_media":1170255,"comment_status":"","ping_status":"","sticky":false,"template":"","format":"standard","meta":{"footnotes":"","_share_on_mastodon":"0"},"categories":[2],"tags":[47,11,829,2171,118,1011,27,567,12,25,473,4937],"class_list":["post-1170254","post","type-post","status-publish","format-standard","has-post-thumbnail","category-actualites","tag-actualite","tag-actualites","tag-bretagne","tag-cotes-darmor","tag-faits-divers","tag-fr","tag-france","tag-marine-nationale","tag-news","tag-republique-francaise","tag-royaume-uni","tag-saint-brieuc"],"share_on_mastodon":{"url":"https:\/\/pubeurope.com\/@fr\/117222408371236195","error":""},"_links":{"self":[{"href":"https:\/\/www.europesays.com\/fr\/wp-json\/wp\/v2\/posts\/1170254","targetHints":{"allow":["GET"]}}],"collection":[{"href":"https:\/\/www.europesays.com\/fr\/wp-json\/wp\/v2\/posts"}],"about":[{"href":"https:\/\/www.europesays.com\/fr\/wp-json\/wp\/v2\/types\/post"}],"author":[{"embeddable":true,"href":"https:\/\/www.europesays.com\/fr\/wp-json\/wp\/v2\/users\/2"}],"replies":[{"embeddable":true,"href":"https:\/\/www.europesays.com\/fr\/wp-json\/wp\/v2\/comments?post=1170254"}],"version-history":[{"count":0,"href":"https:\/\/www.europesays.com\/fr\/wp-json\/wp\/v2\/posts\/1170254\/revisions"}],"wp:featuredmedia":[{"embeddable":true,"href":"https:\/\/www.europesays.com\/fr\/wp-json\/wp\/v2\/media\/1170255"}],"wp:attachment":[{"href":"https:\/\/www.europesays.com\/fr\/wp-json\/wp\/v2\/media?parent=1170254"}],"wp:term":[{"taxonomy":"category","embeddable":true,"href":"https:\/\/www.europesays.com\/fr\/wp-json\/wp\/v2\/categories?post=1170254"},{"taxonomy":"post_tag","embeddable":true,"href":"https:\/\/www.europesays.com\/fr\/wp-json\/wp\/v2\/tags?post=1170254"}],"curies":[{"name":"wp","href":"https:\/\/api.w.org\/{rel}","templated":true}]}}