{"id":117026,"date":"2025-05-21T14:06:08","date_gmt":"2025-05-21T14:06:08","guid":{"rendered":"https:\/\/www.europesays.com\/fr\/117026\/"},"modified":"2025-05-21T14:06:08","modified_gmt":"2025-05-21T14:06:08","slug":"a-rennes-ce-bar-restaurant-lance-une-cagnotte-pour-maintenir-la-tete-hors-de-leau","status":"publish","type":"post","link":"https:\/\/www.europesays.com\/fr\/117026\/","title":{"rendered":"\u00c0 Rennes, ce bar-restaurant lance une cagnotte pour \u00ab\u00a0maintenir la t\u00eate hors de l\u2019eau\u00a0\u00bb"},"content":{"rendered":"<p>            Par<br \/>\n        <strong><br \/>\n            <a href=\"https:\/\/actu.fr\/auteur\/lou-batteux\" title=\"Consulter tous les articles de Lou Batteux\" rel=\"nofollow noopener\" target=\"_blank\">Lou Batteux<\/a><br \/>\n        <\/strong><\/p>\n<p>        Publi\u00e9 le<\/p>\n<p>            21 mai 2025 \u00e0 14h57        <\/p>\n<p>Restaurant le midi et bar le soir, <a href=\"https:\/\/actu.fr\/bretagne\/rennes_35238\/baud-chardonnet-desordre-nouveau-bar-restaurant-remplace-la-rescousse_59401718.html\" rel=\"nofollow noopener\" target=\"_blank\">D\u00e9sordre est install\u00e9 au 18, rue Georges Charpak<\/a>, dans le quartier de Baud-Chardonnet, \u00e0 Rennes, depuis plus de deux ans maintenant.<\/p>\n<p class=\" wall-content\">\u00c0 travers son slogan \u00ab\u00a0<strong>Trinquer, D\u00e9guster, s\u2019Agiter\u00a0\u00bb<\/strong>, Donovan Briand, fondateur et patron de D\u00e9sordre, cherche \u00e0 refl\u00e9ter la dynamique d\u2019un lieu \u00ab\u00a0vivant\u00a0\u00bb et musical <strong>qui accueille chaque semaine divers \u00e9v\u00e9nements<\/strong> : concerts, blind test drag, karaok\u00e9, ou encore cabaret d\u2019improvisation.<\/p>\n<p class=\" wall-content\">De plus, le restaurant propose\u00a0<strong>des produits locaux et de saison<\/strong>\u00a0en travaillant \u00ab\u00a0main dans la main avec des producteurs bretons\u00a0\u00bb, explique Donovan.<\/p>\n<p>Un lieu \u00ab\u00a0convivial\u00a0\u00bb qui a besoin d\u2019aide<\/p>\n<p class=\" wall-content\">Cependant, ce mardi 20 mai sur <a href=\"https:\/\/www.instagram.com\/desordre_rennes\/\" rel=\"nofollow noopener\" target=\"_blank\">Instagram<\/a>, le g\u00e9rant indique que leur <strong>\u00ab\u00a0tr\u00e9sorerie est au plus bas\u00a0\u00bb<\/strong>.<\/p>\n<p class=\" wall-content\"><a href=\"https:\/\/www.instagram.com\/p\/DJ4llPJs_tQ\/embed\" title=\"Ouvrir le lien sur Instagram\" rel=\"nofollow noopener\" target=\"_blank\">Visualiser le contenu sur Instagram<\/a><\/p>\n<p class=\" wall-content\">Pour \u00ab\u00a0p\u00e9renniser ce lieu\u00a0\u00bb, il demande donc de l\u2019aide aux Rennaises et Rennais \u00e0 travers un <strong>financement participatif<\/strong>. Ce dernier servira d\u2019abord \u00e0 \u00ab\u00a0maintenir la t\u00eate hors de l\u2019eau\u00a0\u00bb pour faire face aux charges, mais aussi \u00e0 continuer de proposer \u00ab\u00a0des \u00e9v\u00e9nements et une cuisine de qualit\u00e9\u00a0\u00bb, tout en pr\u00e9parant l\u2019avenir \u00ab\u00a0en investissant dans du mat\u00e9riel, en renfor\u00e7ant l\u2019\u00e9quipe, et en r\u00eavant un peu plus loin\u00a0\u00bb, selon les propos de Donovan.<\/p>\n<p>Vid\u00e9os : en ce moment sur Actu<\/p>\n<p class=\" wall-content\">En effet, 80\u2009% des dons serviront \u00e0 renforcer la tr\u00e9sorerie affaiblie, 10 % d\u2019entre eux \u00e0 r\u00e9gler le retard de paiement des fournisseurs, et les 10 % restants seront investis dans de petits travaux.<\/p>\n<p class=\" wall-content\">Si vous souhaitez \u00ab\u00a0donner un coup de pouce\u00a0\u00bb \u00e0 travers une <strong>contribution libre<\/strong>, rendez-vous sur <a href=\"https:\/\/fr.ulule.com\/desordre-bar\/\" rel=\"nofollow noopener\" target=\"_blank\">la collecte en ligne<\/a>, qui a r\u00e9colt\u00e9 pour l\u2019instant 814 euros. En plus, <strong>le bar offre des contreparties<\/strong> selon le montant du soutien financier que vous apporterez \u00e0 l\u2019\u00e9tablissement.<\/p>\n<p>Le bar-restaurant D\u00e9sordre, au 18, rue Georges Charpak, \u00e0 Rennes, est ouvert du lundi au vendredi, de 11h \u00e0 1h, et le samedi, de 16h \u00e0 1h.\u00a0<\/p>\n<p class=\" wall-content\">Suivez toute l\u2019actualit\u00e9 de vos villes et m\u00e9dias favoris en vous inscrivant \u00e0 <a href=\"https:\/\/moncompte.actu.fr\" title=\"D\u00e9couvez Mon Actu\" rel=\"nofollow noopener\" data-trk=\"{&quot;cta&quot;:{&quot;action&quot;:&quot;https:\\\/\\\/moncompte.actu.fr&quot;,&quot;category&quot;:&quot;mon compte&quot;,&quot;from&quot;:&quot;article footer&quot;,&quot;name&quot;:&quot;Mon actu&quot;,&quot;type&quot;:&quot;cta&quot;}}\" target=\"_blank\">Mon Actu<\/a>.<\/p>\n<p>                    <script async src=\"\/\/www.instagram.com\/embed.js\"><\/script><\/p>\n","protected":false},"excerpt":{"rendered":"Par Lou Batteux Publi\u00e9 le 21 mai 2025 \u00e0 14h57 Restaurant le midi et bar le soir, D\u00e9sordre&hellip;\n","protected":false},"author":2,"featured_media":117027,"comment_status":"","ping_status":"","sticky":false,"template":"","format":"standard","meta":{"footnotes":""},"categories":[2821],"tags":[1111,11,829,215,1777,674,1011,27,12,584,25,1340,104],"class_list":{"0":"post-117026","1":"post","2":"type-post","3":"status-publish","4":"format-standard","5":"has-post-thumbnail","7":"category-rennes","8":"tag-actu","9":"tag-actualites","10":"tag-bretagne","11":"tag-commerce","12":"tag-eu","13":"tag-europe","14":"tag-fr","15":"tag-france","16":"tag-news","17":"tag-rennes","18":"tag-republique-francaise","19":"tag-restaurant","20":"tag-societe"},"share_on_mastodon":{"url":"https:\/\/pubeurope.com\/@fr\/114546211794509486","error":""},"_links":{"self":[{"href":"https:\/\/www.europesays.com\/fr\/wp-json\/wp\/v2\/posts\/117026","targetHints":{"allow":["GET"]}}],"collection":[{"href":"https:\/\/www.europesays.com\/fr\/wp-json\/wp\/v2\/posts"}],"about":[{"href":"https:\/\/www.europesays.com\/fr\/wp-json\/wp\/v2\/types\/post"}],"author":[{"embeddable":true,"href":"https:\/\/www.europesays.com\/fr\/wp-json\/wp\/v2\/users\/2"}],"replies":[{"embeddable":true,"href":"https:\/\/www.europesays.com\/fr\/wp-json\/wp\/v2\/comments?post=117026"}],"version-history":[{"count":0,"href":"https:\/\/www.europesays.com\/fr\/wp-json\/wp\/v2\/posts\/117026\/revisions"}],"wp:featuredmedia":[{"embeddable":true,"href":"https:\/\/www.europesays.com\/fr\/wp-json\/wp\/v2\/media\/117027"}],"wp:attachment":[{"href":"https:\/\/www.europesays.com\/fr\/wp-json\/wp\/v2\/media?parent=117026"}],"wp:term":[{"taxonomy":"category","embeddable":true,"href":"https:\/\/www.europesays.com\/fr\/wp-json\/wp\/v2\/categories?post=117026"},{"taxonomy":"post_tag","embeddable":true,"href":"https:\/\/www.europesays.com\/fr\/wp-json\/wp\/v2\/tags?post=117026"}],"curies":[{"name":"wp","href":"https:\/\/api.w.org\/{rel}","templated":true}]}}