{"id":1170264,"date":"2026-09-06T05:28:32","date_gmt":"2026-09-06T05:28:32","guid":{"rendered":"https:\/\/www.europesays.com\/fr\/1170264\/"},"modified":"2026-09-06T05:28:32","modified_gmt":"2026-09-06T05:28:32","slug":"la-vuelta-a-espana-2026-%f0%9f%87%aa%f0%9f%87%b8-11","status":"publish","type":"post","link":"https:\/\/www.europesays.com\/fr\/1170264\/","title":{"rendered":"La Vuelta a Espana 2026 \ud83c\uddea\ud83c\uddf8"},"content":{"rendered":"<p>La Vuelta a Espana 2026 \ud83c\uddea\ud83c\uddf8 &#8211; \u00c9tape 15 : parcours modifi\u00e9 et favoris \u00e0 la C\u00f3rdoba<\/p>\n<p>top of page<\/p>\n<p><img loading=\"lazy\" decoding=\"async\" src=\"https:\/\/www.europesays.com\/fr\/wp-content\/uploads\/2025\/06\/7b1592_d99c3ee1973449a0999888a41cfcdc85~mv2.png\" alt=\"\" style=\"width:100%;height:100%;object-fit:cover;object-position:50% 50%\" width=\"1920\" height=\"1920\"\/><\/p>\n<p>bottom of page<\/p>\n","protected":false},"excerpt":{"rendered":"La Vuelta a Espana 2026 \ud83c\uddea\ud83c\uddf8 &#8211; \u00c9tape 15 : parcours modifi\u00e9 et favoris \u00e0 la C\u00f3rdoba top&hellip;\n","protected":false},"author":2,"featured_media":1170265,"comment_status":"","ping_status":"","sticky":false,"template":"","format":"standard","meta":{"footnotes":"","_share_on_mastodon":"0"},"categories":[1411],"tags":[1154,207,1011,27,60],"class_list":["post-1170264","post","type-post","status-publish","format-standard","has-post-thumbnail","category-cyclisme","tag-cycling","tag-cyclisme","tag-fr","tag-france","tag-sports"],"share_on_mastodon":{"url":"https:\/\/pubeurope.com\/@fr\/117222449402724816","error":""},"_links":{"self":[{"href":"https:\/\/www.europesays.com\/fr\/wp-json\/wp\/v2\/posts\/1170264","targetHints":{"allow":["GET"]}}],"collection":[{"href":"https:\/\/www.europesays.com\/fr\/wp-json\/wp\/v2\/posts"}],"about":[{"href":"https:\/\/www.europesays.com\/fr\/wp-json\/wp\/v2\/types\/post"}],"author":[{"embeddable":true,"href":"https:\/\/www.europesays.com\/fr\/wp-json\/wp\/v2\/users\/2"}],"replies":[{"embeddable":true,"href":"https:\/\/www.europesays.com\/fr\/wp-json\/wp\/v2\/comments?post=1170264"}],"version-history":[{"count":0,"href":"https:\/\/www.europesays.com\/fr\/wp-json\/wp\/v2\/posts\/1170264\/revisions"}],"wp:featuredmedia":[{"embeddable":true,"href":"https:\/\/www.europesays.com\/fr\/wp-json\/wp\/v2\/media\/1170265"}],"wp:attachment":[{"href":"https:\/\/www.europesays.com\/fr\/wp-json\/wp\/v2\/media?parent=1170264"}],"wp:term":[{"taxonomy":"category","embeddable":true,"href":"https:\/\/www.europesays.com\/fr\/wp-json\/wp\/v2\/categories?post=1170264"},{"taxonomy":"post_tag","embeddable":true,"href":"https:\/\/www.europesays.com\/fr\/wp-json\/wp\/v2\/tags?post=1170264"}],"curies":[{"name":"wp","href":"https:\/\/api.w.org\/{rel}","templated":true}]}}