{"id":1170274,"date":"2026-09-06T05:34:21","date_gmt":"2026-09-06T05:34:21","guid":{"rendered":"https:\/\/www.europesays.com\/fr\/1170274\/"},"modified":"2026-09-06T05:34:21","modified_gmt":"2026-09-06T05:34:21","slug":"tous-les-jours-jecoute-au-moins-15-chansons-de-celine-dion-rudy-linconditionnel-fan-belge-de-la-diva","status":"publish","type":"post","link":"https:\/\/www.europesays.com\/fr\/1170274\/","title":{"rendered":"\u00ab\u00a0Tous les jours, j&rsquo;\u00e9coute au moins 15 chansons de C\u00e9line Dion\u00a0\u00bb: Rudy, l&rsquo;inconditionnel fan belge de la diva"},"content":{"rendered":"<p><a href=\"https:\/\/www.dhnet.be\/medias\/musique\/2026\/09\/01\/elle-a-lair-tellement-triste-si-fatiguee-celine-dion-sest-adressee-a-ses-fans-devant-son-hotel-parisien-hier-soir-PFX7BEOM2JAVHA5X6CYU5THYWU\/\" target=\"_self\" class=\"ap-StoryInterstitialLink ap-StoryElement ap-StoryElement--mb js-paywall-target\" rel=\"nofollow noopener\">\u00ab\u00a0Elle a l&rsquo;air tellement triste\u2026\u00a0\u00bb ; \u00ab\u00a0Si fatigu\u00e9e\u00a0\u00bb : C\u00e9line Dion s&rsquo;est adress\u00e9e \u00e0 ses fans devant son h\u00f4tel parisien hier soir<\/a><\/p>\n<p class=\"ap-StoryElement ap-StoryElement--mb ap-StoryText\">Pour Rudy Hanicq, malheureusement, il n&rsquo;y aura pas de p\u00e9riple \u00e0 Paname. Fan hardcore, il n&rsquo;a pas pu se procurer un ticket pour aller voir son idole sur sc\u00e8ne.<\/p>\n<p class=\"ap-StoryElement ap-StoryElement--mb ap-StoryText\">Cela ne l&#8217;emp\u00eache pas d&rsquo;avoir re\u00e7u la DH pour \u00e9voquer celle \u00e0 qui il voue une v\u00e9ritable passion depuis pr\u00e8s de 40 ans : C\u00e9line Dion.<\/p>\n<p class=\"ap-StoryElement ap-StoryElement--mb ap-StoryText\">Quand on pousse la porte du salon de coiffure de Rudy \u00e0 Ecaussinnes, on est directement dans l&rsquo;ambiance. Dans les haut-parleurs r\u00e9sonne \u00ab\u00a0I&rsquo;m Alive\u00a0\u00bb, l&rsquo;un des tubes de C\u00e9line. Le coiffeur belge est bien plus qu&rsquo;un simple admirateur : c&rsquo;est un vrai passionn\u00e9 de la diva qu\u00e9b\u00e9coise.<\/p>\n<p class=\"ap-StoryElement ap-StoryElement--mb ap-StoryText\">\u00c0 l&rsquo;arri\u00e8re de son salon, il nous ouvre les portes de son univers et d\u00e9voile une impressionnante collection r\u00e9unie au fil des ann\u00e9es : vinyles d\u00e9dicac\u00e9s, PLV (Publicit\u00e9 sur Lieu de Vente), affiches, livres mais aussi photos souvenirs de sa rencontre avec C\u00e9line Dion \u00e0 Las Vegas, en 2003. Un moment inoubliable et un v\u00e9ritable r\u00eave devenu r\u00e9alit\u00e9 pour cet inconditionnel qui n&rsquo;a malheureusement pas pu d\u00e9crocher son billet pour la tourn\u00e9e parisienne de la chanteuse qui commence samedi prochain.<\/p>\n<p><a href=\"https:\/\/www.dhnet.be\/medias\/musique\/2026\/08\/28\/surprise-stromae-collaborera-avec-celine-dion-pour-son-nouvel-album-prevu-en-2027-O3NBJQ6TLBFA7PVP4D6WN4WP4Y\/\" target=\"_self\" class=\"ap-StoryInterstitialLink ap-StoryElement ap-StoryElement--mb\" rel=\"nofollow noopener\">Surprise : Stromae collaborera avec C\u00e9line Dion pour son nouvel album pr\u00e9vu en 2027<\/a><\/p>\n<p class=\"ap-StoryElement ap-StoryElement--mb ap-StoryText\">D\u00e9\u00e7u, forc\u00e9ment, Rudy compte d\u00e9j\u00e0 se rattraper. Il esp\u00e8re pouvoir la voir \u00e0 Qu\u00e9bec en 2028. Une occasion r\u00eav\u00e9e pour lui de f\u00eater ses 60 ans au son de la voix de celle qu&rsquo;il admire depuis tant d&rsquo;ann\u00e9es.<\/p>\n<p class=\"ap-StoryElement ap-StoryElement--mb ap-StoryText\"><b>Quand votre passion pour C\u00e9line Dion est-elle n\u00e9e<\/b> <b>?<\/b><\/p>\n<p class=\"ap-StoryElement ap-StoryElement--mb ap-StoryText\">\u00ab\u00a0Je connaissais un peu l&rsquo;histoire de la chanson D&rsquo;Amour ou d&rsquo;amiti\u00e9 qu&rsquo;elle avait chant\u00e9e sur le plateau de Michel Drucker. Mais, mon coup de foudre r\u00e9el, c&rsquo;est pour la chanson La Religieuse. J&rsquo;\u00e9tais subjugu\u00e9 par la performance vocale de ce titre. Quand elle a particip\u00e9 \u00e0 l&rsquo;Eurovision par la suite, je n&rsquo;\u00e9tais pas tr\u00e8s convaincu, j&rsquo;avoue. Mais, apr\u00e8s, j&rsquo;ai continu\u00e9 \u00e0 l&rsquo;\u00e9couter et \u00e0 appr\u00e9cier ce qu&rsquo;elle faisait.\u00a0\u00bb<\/p>\n<p class=\"ap-StoryElement ap-StoryElement--mb ap-StoryText\"><b>Est-ce que vous \u00eates attach\u00e9 \u00e0 la voix de C\u00e9line Dion, mais \u00e9galement au personnage<\/b> <b>?<\/b><\/p>\n<p class=\"ap-StoryElement ap-StoryElement--mb ap-StoryText\">\u00ab\u00a0Je ne la connais pas personnellement mais c&rsquo;est quelqu&rsquo;un qui me semble tr\u00e8s humain. Elle le dit souvent : C&rsquo;est un livre ouvert. Elle a toujours \u00e9t\u00e9 franche, sinc\u00e8re, honn\u00eate.\u00a0\u00bb<\/p>\n<p class=\"ap-StoryElement ap-StoryElement--mb ap-StoryText\"><b>Quelle place prend C\u00e9line Dion dans votre quotidien<\/b> <b>?<\/b><\/p>\n<p class=\"ap-StoryElement ap-StoryElement--mb ap-StoryText\">\u00ab\u00a0Tous les jours, j&rsquo;\u00e9coute au moins 15 chansons de C\u00e9line Dion. Et, pour moi, c&rsquo;est toujours la m\u00eame \u00e9motion, peu importe l&rsquo;album.\u00a0\u00bb<\/p>\n<p class=\"ap-StoryElement ap-StoryElement--mb ap-StoryText\"><b>\u00c0 une \u00e9poque, C\u00e9line Dion se retrouvait partout dans votre salon de coiffure\u2026<\/b><\/p>\n<p class=\"ap-StoryElement ap-StoryElement--mb ap-StoryText\">\u00ab\u00a0Tout \u00e0 fait ! Mais, avec les ann\u00e9es, j&rsquo;ai tout retir\u00e9. J&rsquo;aime toujours C\u00e9line Dion mais je me suis calm\u00e9 niveau d\u00e9coration. (rires) Le soleil fait aussi beaucoup de d\u00e9g\u00e2ts donc j&rsquo;ai voulu mettre ma collection \u00e0 l&rsquo;abri.\u00a0\u00bb<\/p>\n<p class=\"ap-StoryElement ap-StoryElement--mb ap-StoryText\"><b>Quelle est la chose la plus folle que vous ayez faite pour C\u00e9line Dion<\/b> <b>?<\/b><\/p>\n<p class=\"ap-StoryElement ap-StoryElement--mb ap-StoryText\">\u00ab\u00a0Lors de sa premi\u00e8re venue \u00e0 Forest National, \u00e7a remonte \u00e0 plusieurs ann\u00e9es, je lui ai offert un bouquet de fleurs d&rsquo;une valeur de 6000 francs belges (environ 150 euros, NdlR.) Il \u00e9tait immense. J&rsquo;\u00e9tais juste devant la sc\u00e8ne. Je lui ai offert. Elle s&rsquo;est arr\u00eat\u00e9e et m&rsquo;a serr\u00e9 la main. Puis, dans une interview accord\u00e9e \u00e0 Paris Match, elle a parl\u00e9 de mon bouquet. C&rsquo;\u00e9tait un moment fort pour moi.\u00a0\u00bb<\/p>\n<p><a href=\"https:\/\/www.dhnet.be\/medias\/musique\/2026\/08\/28\/il-y-a-une-prise-de-risque-celine-dion-vient-datterrir-a-paris-voici-son-hotel-et-les-mesures-de-sa-neurologue-pour-ne-pas-annuler-sa-tournee-LFL5HZFH6VGHBKQREOVF3TOV4E\/\" target=\"_self\" class=\"ap-StoryInterstitialLink ap-StoryElement ap-StoryElement--mb\" rel=\"nofollow noopener\">\u00ab\u00a0Il y a une prise de risque\u00a0\u00bb : C\u00e9line Dion vient d&rsquo;atterrir \u00e0 Paris, voici son h\u00f4tel et les mesures de sa neurologue pour ne pas annuler sa tourn\u00e9e<\/a><\/p>\n<p class=\"ap-StoryElement ap-StoryElement--mb ap-StoryText\"><b>Est-ce que vous faites partie de ces fans qui attendent leur idole \u00e0 la sortie des h\u00f4tels<\/b> <b>?<\/b><\/p>\n<p class=\"ap-StoryElement ap-StoryElement--mb ap-StoryText\">\u00ab\u00a0Oh oui. Des heures et des heures d&rsquo;attente. Puis, la voiture passe. On est content parce qu&rsquo;elle fait un petit signe. Pour nous, c&rsquo;est une grande joie.\u00a0\u00bb<\/p>\n<p class=\"ap-StoryElement ap-StoryElement--mb ap-StoryText\"><b>Comment vos proches vivent-ils cette passion<\/b> <b>? Trouvent-ils parfois que c&rsquo;est<\/b> <b>\u00ab\u00a0too much\u00a0\u00bb<\/b> <b>?<\/b><\/p>\n<p class=\"ap-StoryElement ap-StoryElement--mb ap-StoryText\">\u00ab\u00a0Ils ne le prennent pas mal. Je ne me suis pas impos\u00e9. Avec mon amoureux, on aime faire la f\u00eate et C\u00e9line Dion est toujours pr\u00e9sente dans ces moments-l\u00e0. Tous les samedis, on danse sur ses chansons avec nos amis.\u00a0\u00bb<\/p>\n<p class=\"ap-StoryElement ap-StoryElement--mb ap-StoryText\"><b>Quelle est votre chanson pr\u00e9f\u00e9r\u00e9e<\/b> <b>?<\/b><\/p>\n<p class=\"ap-StoryElement ap-StoryElement--mb ap-StoryText\">\u00ab\u00a0The Colour of my love est celle qui me touche encore aujourd&rsquo;hui. C&rsquo;est une d\u00e9claration d&rsquo;amour. Elle dit : \u00ab\u00a0Je t&rsquo;offre ce qu&rsquo;on ne peut acheter. Un amour sinc\u00e8re et d\u00e9vou\u00e9 et ce, jusqu&rsquo;\u00e0 ma mort.\u00a0\u00bb<\/p>\n<p class=\"ap-StoryElement ap-StoryElement--mb ap-StoryText\"><b>Est-ce qu&rsquo;il y a des choix artistiques de C\u00e9line Dion qui vous ont plut\u00f4t d\u00e9\u00e7u<\/b> <b>?<\/b><\/p>\n<p class=\"ap-StoryElement ap-StoryElement--mb ap-StoryText\">\u00ab\u00a0Il y a des chansons que j&rsquo;ai moins aim\u00e9es comme \u00ab\u00a0Zora sourit\u00a0\u00bb, par exemple. Je n&rsquo;ai pas compris cette chanson. Je n&rsquo;ai pas non plus compris la chanson Dansons. C&rsquo;\u00e9tait un rien trop doux. Ce n&rsquo;est pas une critique mais une simple remarque.\u00a0\u00bb<\/p>\n<p class=\"ap-StoryElement ap-StoryElement--mb ap-StoryText\"><b>Comment s&rsquo;est pass\u00e9e votre rencontre avec elle \u00e0 Las Vegas<\/b> <b>?<\/b><\/p>\n<p class=\"ap-StoryElement ap-StoryElement--mb ap-StoryText\">\u00ab\u00a0Franco Dragone a re\u00e7u une cassette vid\u00e9o via Antenne Centre dans laquelle je dis qu&rsquo;elle est pass\u00e9e \u00e0 La Louvi\u00e8re et que je n&rsquo;avais pas vu la rencontrer. Il m&rsquo;a donc t\u00e9l\u00e9phon\u00e9 un jour. Au d\u00e9but, je pensais que c&rsquo;\u00e9tait une blague. Puis, j&rsquo;ai compris que c&rsquo;\u00e9tait vraiment lui. On a discut\u00e9 et il m&rsquo;a promis que je rencontrerai C\u00e9line Dion. Il m&rsquo;avait offert des places pour son concert \u00e0 Las Vegas. C&rsquo;\u00e9tait un grand moment dans ma vie. Je suis all\u00e9 faire du shopping juste avant ma rencontre avec C\u00e9line Dion pour avoir la tenue parfaite. Je l&rsquo;ai rencontr\u00e9e et on a parl\u00e9 une quinzaine de minutes. Il y avait de l&rsquo;\u00e9motion. C&rsquo;\u00e9tait magique. Son \u00e9l\u00e9gance m&rsquo;a frapp\u00e9. C&rsquo;est une grande dame.\u00a0\u00bb<\/p>\n<p class=\"ap-StoryElement ap-StoryElement--mb ap-StoryText\"><b>Quelle a \u00e9t\u00e9 votre r\u00e9action quand vous avez appris qu&rsquo;elle repartait en tourn\u00e9e<\/b> <b>?<\/b><\/p>\n<p class=\"ap-StoryElement ap-StoryElement--mb ap-StoryText\">\u00ab\u00a0Quatre amis ont essay\u00e9 d&rsquo;avoir des tickets pendant plus de quatre heures sur un ordinateur mais aucun d&rsquo;entre eux a r\u00e9ussi \u00e0 avoir une place. Quand j&rsquo;ai su que je n&rsquo;allais pas y aller, ma joie a \u00e9t\u00e9 coup\u00e9e. J&rsquo;\u00e9tais d\u00e9go\u00fbt\u00e9. Mais bon, voil\u00e0, c&rsquo;est comme \u00e7a. J&rsquo;aurai d&rsquo;autres occasions de la voir.\u00a0\u00bb<\/p>\n<p class=\"ap-StoryElement ap-StoryElement--mb ap-StoryText\"><b>Seriez-vous pr\u00eat \u00e0 aller \u00e0 Paris pour trouver des reventes de billets<\/b> <b>?<\/b><\/p>\n<p class=\"ap-StoryElement ap-StoryElement--mb ap-StoryText\">\u00ab\u00a0Non parce que si un ticket vaut 100 euros, je l&rsquo;ach\u00e8terai 100 euros, pas plus. J&rsquo;ai vu des personnes payer plus de 1000 euros pour un billet. Moi, je ne le ferai pas m\u00eame si je suis un grand fan.\u00a0\u00bb<\/p>\n<p class=\"ap-StoryElement ap-StoryElement--mb ap-StoryText\"><b>Si vous deviez d\u00e9livrer un message \u00e0 C\u00e9line Dion aujourd&rsquo;hui, lequel serait-il<\/b> <b>?<\/b><\/p>\n<p class=\"ap-StoryElement ap-StoryElement--mb ap-StoryText\">\u00ab\u00a0Bonjour, pardon, merci, et je t&rsquo;aime, comme la chanson. Tout est dit dans cette chanson (il est \u00e9mu). Il n&rsquo;y a qu&rsquo;une chose au monde, c&rsquo;est l&rsquo;amour.\u00a0\u00bb<\/p>\n","protected":false},"excerpt":{"rendered":"\u00ab\u00a0Elle a l&rsquo;air tellement triste\u2026\u00a0\u00bb ; \u00ab\u00a0Si fatigu\u00e9e\u00a0\u00bb : C\u00e9line Dion s&rsquo;est adress\u00e9e \u00e0 ses fans devant son&hellip;\n","protected":false},"author":2,"featured_media":1170275,"comment_status":"","ping_status":"","sticky":false,"template":"","format":"standard","meta":{"footnotes":"","_share_on_mastodon":"0"},"categories":[1355],"tags":[7043,1697,58,59,28189,1011,27,1361,873,4441],"class_list":["post-1170274","post","type-post","status-publish","format-standard","has-post-thumbnail","category-musique","tag-celine-dion","tag-concert","tag-divertissement","tag-entertainment","tag-fan","tag-fr","tag-france","tag-music","tag-musique","tag-tournee"],"share_on_mastodon":{"url":"https:\/\/pubeurope.com\/@fr\/117222471415451475","error":""},"_links":{"self":[{"href":"https:\/\/www.europesays.com\/fr\/wp-json\/wp\/v2\/posts\/1170274","targetHints":{"allow":["GET"]}}],"collection":[{"href":"https:\/\/www.europesays.com\/fr\/wp-json\/wp\/v2\/posts"}],"about":[{"href":"https:\/\/www.europesays.com\/fr\/wp-json\/wp\/v2\/types\/post"}],"author":[{"embeddable":true,"href":"https:\/\/www.europesays.com\/fr\/wp-json\/wp\/v2\/users\/2"}],"replies":[{"embeddable":true,"href":"https:\/\/www.europesays.com\/fr\/wp-json\/wp\/v2\/comments?post=1170274"}],"version-history":[{"count":0,"href":"https:\/\/www.europesays.com\/fr\/wp-json\/wp\/v2\/posts\/1170274\/revisions"}],"wp:featuredmedia":[{"embeddable":true,"href":"https:\/\/www.europesays.com\/fr\/wp-json\/wp\/v2\/media\/1170275"}],"wp:attachment":[{"href":"https:\/\/www.europesays.com\/fr\/wp-json\/wp\/v2\/media?parent=1170274"}],"wp:term":[{"taxonomy":"category","embeddable":true,"href":"https:\/\/www.europesays.com\/fr\/wp-json\/wp\/v2\/categories?post=1170274"},{"taxonomy":"post_tag","embeddable":true,"href":"https:\/\/www.europesays.com\/fr\/wp-json\/wp\/v2\/tags?post=1170274"}],"curies":[{"name":"wp","href":"https:\/\/api.w.org\/{rel}","templated":true}]}}