{"id":117028,"date":"2025-05-21T14:07:08","date_gmt":"2025-05-21T14:07:08","guid":{"rendered":"https:\/\/www.europesays.com\/fr\/117028\/"},"modified":"2025-05-21T14:07:08","modified_gmt":"2025-05-21T14:07:08","slug":"de-la-drogue-et-un-couteau-retrouves-neuf-personnes-verbalisees","status":"publish","type":"post","link":"https:\/\/www.europesays.com\/fr\/117028\/","title":{"rendered":"de la drogue et un couteau retrouv\u00e9s, neuf personnes verbalis\u00e9es"},"content":{"rendered":"<p>            Par<br \/>\n        <strong><br \/>\n            <a href=\"https:\/\/actu.fr\/auteur\/brian-legoff\" title=\"Consulter tous les articles de Brian Le Goff\" target=\"_blank\" rel=\"noopener\">Brian Le Goff<\/a><br \/>\n        <\/strong><\/p>\n<p>        Publi\u00e9 le<\/p>\n<p>            21 mai 2025 \u00e0 15h37        <\/p>\n<p><strong>Occuper le terrain est un ma\u00eetre-mot<\/strong> pour les <a href=\"https:\/\/actu.fr\/tag\/police\" target=\"_blank\" rel=\"noopener\">policiers<\/a> de la capitale bretonne. Apr\u00e8s des <strong>op\u00e9rations de s\u00e9curisation<\/strong> aupr\u00e8s de <a href=\"https:\/\/actu.fr\/bretagne\/rennes_35238\/50-verbalisations-en-une-heure-voici-les-infractions-les-plus-relevees-par-la-police-de-rennes_61986166.html\" target=\"_blank\" rel=\"noopener\">cyclistes<\/a> ou <a href=\"https:\/\/actu.fr\/bretagne\/rennes_35238\/a-rennes-plus-de-80-automobilistes-controles-a-la-sortie-des-boites-de-nuit-voici-les-infractions-relevees_62557345.html\" target=\"_blank\" rel=\"noopener\">en sortie de discoth\u00e8ques<\/a>, les agents ont cette fois organis\u00e9 des contr\u00f4les <strong>aupr\u00e8s des usagers des transports en commun<\/strong> (bus, m\u00e9tro, train) \u00e0 la <a href=\"https:\/\/actu.fr\/tag\/gare-de-rennes\" target=\"_blank\" rel=\"noopener\">gare de Rennes<\/a> et aux alentours.<\/p>\n<p>Une centaine de contr\u00f4les<\/p>\n<p class=\" wall-content\">Ainsi, <strong>105 contr\u00f4les d\u2019identit\u00e9<\/strong> ont eu lieu. En recherchant des infractions, les <strong>18 policiers<\/strong> mobilis\u00e9s ont saisi un couteau et des stup\u00e9fiants.<\/p>\n<p class=\" wall-content\">\n<p class=\" wall-content\">Les<strong> neuf personnes concern\u00e9es<\/strong> ont \u00e9t\u00e9 verbalis\u00e9es d\u2019une <strong>amande forfaitaire d\u00e9lictuelle<\/strong> au vu de la faible quantit\u00e9 de drogue trouv\u00e9e.<\/p>\n<p class=\" wall-content\">Suivez toute l\u2019actualit\u00e9 de vos villes et m\u00e9dias favoris en vous inscrivant \u00e0 <a href=\"https:\/\/moncompte.actu.fr\" title=\"D\u00e9couvez Mon Actu\" rel=\"nofollow noopener\" data-trk=\"{&quot;cta&quot;:{&quot;action&quot;:&quot;https:\\\/\\\/moncompte.actu.fr&quot;,&quot;category&quot;:&quot;mon compte&quot;,&quot;from&quot;:&quot;article footer&quot;,&quot;name&quot;:&quot;Mon actu&quot;,&quot;type&quot;:&quot;cta&quot;}}\" target=\"_blank\">Mon Actu<\/a>.<\/p>\n","protected":false},"excerpt":{"rendered":"Par Brian Le Goff Publi\u00e9 le 21 mai 2025 \u00e0 15h37 Occuper le terrain est un ma\u00eetre-mot pour&hellip;\n","protected":false},"author":2,"featured_media":117029,"comment_status":"","ping_status":"","sticky":false,"template":"","format":"standard","meta":{"footnotes":""},"categories":[2821],"tags":[1111,11,829,1777,674,118,1011,27,23119,5000,12,1072,584,25],"class_list":{"0":"post-117028","1":"post","2":"type-post","3":"status-publish","4":"format-standard","5":"has-post-thumbnail","7":"category-rennes","8":"tag-actu","9":"tag-actualites","10":"tag-bretagne","11":"tag-eu","12":"tag-europe","13":"tag-faits-divers","14":"tag-fr","15":"tag-france","16":"tag-gare-de-rennes","17":"tag-metro-de-rennes","18":"tag-news","19":"tag-police","20":"tag-rennes","21":"tag-republique-francaise"},"share_on_mastodon":{"url":"https:\/\/pubeurope.com\/@fr\/114546215721019926","error":""},"_links":{"self":[{"href":"https:\/\/www.europesays.com\/fr\/wp-json\/wp\/v2\/posts\/117028","targetHints":{"allow":["GET"]}}],"collection":[{"href":"https:\/\/www.europesays.com\/fr\/wp-json\/wp\/v2\/posts"}],"about":[{"href":"https:\/\/www.europesays.com\/fr\/wp-json\/wp\/v2\/types\/post"}],"author":[{"embeddable":true,"href":"https:\/\/www.europesays.com\/fr\/wp-json\/wp\/v2\/users\/2"}],"replies":[{"embeddable":true,"href":"https:\/\/www.europesays.com\/fr\/wp-json\/wp\/v2\/comments?post=117028"}],"version-history":[{"count":0,"href":"https:\/\/www.europesays.com\/fr\/wp-json\/wp\/v2\/posts\/117028\/revisions"}],"wp:featuredmedia":[{"embeddable":true,"href":"https:\/\/www.europesays.com\/fr\/wp-json\/wp\/v2\/media\/117029"}],"wp:attachment":[{"href":"https:\/\/www.europesays.com\/fr\/wp-json\/wp\/v2\/media?parent=117028"}],"wp:term":[{"taxonomy":"category","embeddable":true,"href":"https:\/\/www.europesays.com\/fr\/wp-json\/wp\/v2\/categories?post=117028"},{"taxonomy":"post_tag","embeddable":true,"href":"https:\/\/www.europesays.com\/fr\/wp-json\/wp\/v2\/tags?post=117028"}],"curies":[{"name":"wp","href":"https:\/\/api.w.org\/{rel}","templated":true}]}}