{"id":1170293,"date":"2026-09-06T05:48:11","date_gmt":"2026-09-06T05:48:11","guid":{"rendered":"https:\/\/www.europesays.com\/fr\/1170293\/"},"modified":"2026-09-06T05:48:11","modified_gmt":"2026-09-06T05:48:11","slug":"saint-etienne-neuf-nouveaux-magistrats-au-tribunal-leffectif-presque-complet","status":"publish","type":"post","link":"https:\/\/www.europesays.com\/fr\/1170293\/","title":{"rendered":"Saint-Etienne. Neuf nouveaux magistrats au tribunal, l\u2019effectif presque complet"},"content":{"rendered":"<p>\u00ab Je regarde avec satisfaction ces treize chaises du premier rang o\u00f9 si\u00e8gent nos nouveaux arrivants, venus en force dans notre juridiction st\u00e9phanoise. \u00bb Jeudi, lors de l\u2019audience d\u2019installation des nouveaux magistrats, la procureure de la R\u00e9publique Anne Gaches avait de quoi se r\u00e9jouir : quatre nouveaux membres rejoignent son \u00e9quipe cette ann\u00e9e.<\/p>\n<p>Il s\u2019agit de Carole Asaro, Laurianne Dechamp-Guillaume, Margaux Rinkenbach et Jules Pr\u00e9vost-Sansac de Traversay. Du sang tout neuf puisque ces substituts du procureur prennent pour l\u2019occasion leur premier poste. \u00ab Vous \u00eates quatre membres d\u2019une \u00e9quipe, celle du parquet de Saint-Etienne, dont la dimension collective, la loyaut\u00e9 et la solidarit\u00e9 vous serviront de guide \u00bb.<\/p>\n<p>C\u00f4t\u00e9 si\u00e8ge, le pr\u00e9sident Fran\u00e7ois-Xavier Manteaux se f\u00e9licite. \u00ab <a href=\"https:\/\/www.leprogres.fr\/faits-divers-justice\/2026\/01\/20\/tribunal-judiciaire-des-effectifs-stables-et-des-vacances-de-postes-limitees\" target=\"_blank\" rel=\"nofollow noopener\">Apr\u00e8s des ann\u00e9es de sous-effectif chronique<\/a> , nous notons une \u00e9volution positive de l\u2019effectif avec cette ann\u00e9e 38 postes pourvus sur 39. Cette hausse devrait \u00e0 terme se traduire par une am\u00e9lioration de la qualit\u00e9 du traitement des proc\u00e9dures et des d\u00e9lais de traitement. \u00bb<\/p>\n<p>  Un cinqui\u00e8me juge d\u2019instruction ?<\/p>\n<p>Le tribunal judiciaire salue l\u2019arriv\u00e9e de V\u00e9ronique Drahi (premi\u00e8re vice-pr\u00e9sidente, affaires familiales), V\u00e9ronique Labbe (application des peines), Anne-Sophie Tondeux et Sarah Hatry (juges du contentieux de la protection). Enfin, Romane Arcos et Lauriane Valluy sont nomm\u00e9es en qualit\u00e9 de juges d\u2019instruction.<\/p>\n<p>Elles d\u00e9butent toutes les deux dans cette fonction. L\u2019occasion pour le pr\u00e9sident Manteaux de relever que \u00ab nos cabinets d\u2019instruction travaillent chacun sur 110 \u00e0 130 dossiers, soit nettement au-del\u00e0 des normes de la Chancellerie. Le travail ne manque pas, d\u2019autant que de nombreuses informations judiciaires ont \u00e9t\u00e9 ouvertes durant l\u2019\u00e9t\u00e9 concernant <a href=\"https:\/\/www.leprogres.fr\/d\/mort-de-lyhanna-une-vague-d-indignation-62cd5b2d-7a06-4c4d-908f-f92577052e43\" target=\"_blank\" rel=\"nofollow noopener\">les affaires de violences sexuelles sur mineur<\/a>. La question de recr\u00e9er le cinqui\u00e8me poste de juge d\u2019instruction \u00e0 Saint-Etienne se posera dans les mois \u00e0 venir \u00bb.<\/p>\n<p>Deux greffi\u00e8res et une directrice de greffe viennent compl\u00e9ter l\u2019effectif du tribunal judiciaire de Saint-Etienne.<\/p>\n","protected":false},"excerpt":{"rendered":"\u00ab Je regarde avec satisfaction ces treize chaises du premier rang o\u00f9 si\u00e8gent nos nouveaux arrivants, venus en&hellip;\n","protected":false},"author":2,"featured_media":1170294,"comment_status":"","ping_status":"","sticky":false,"template":"","format":"standard","meta":{"footnotes":"","_share_on_mastodon":"0"},"categories":[9653],"tags":[1111,11,2430,7539,1777,674,274,1011,27,3367,12,25,4001,7538],"class_list":["post-1170293","post","type-post","status-publish","format-standard","has-post-thumbnail","category-saint-etienne","tag-actu","tag-actualites","tag-auvergne-rhone-alpes","tag-edition-loire-sud","tag-eu","tag-europe","tag-faits-divers-justice","tag-fr","tag-france","tag-loire","tag-news","tag-republique-francaise","tag-saint-etienne","tag-saint-etienne-ville"],"share_on_mastodon":{"url":"https:\/\/pubeurope.com\/@fr\/117222526479874364","error":""},"_links":{"self":[{"href":"https:\/\/www.europesays.com\/fr\/wp-json\/wp\/v2\/posts\/1170293","targetHints":{"allow":["GET"]}}],"collection":[{"href":"https:\/\/www.europesays.com\/fr\/wp-json\/wp\/v2\/posts"}],"about":[{"href":"https:\/\/www.europesays.com\/fr\/wp-json\/wp\/v2\/types\/post"}],"author":[{"embeddable":true,"href":"https:\/\/www.europesays.com\/fr\/wp-json\/wp\/v2\/users\/2"}],"replies":[{"embeddable":true,"href":"https:\/\/www.europesays.com\/fr\/wp-json\/wp\/v2\/comments?post=1170293"}],"version-history":[{"count":0,"href":"https:\/\/www.europesays.com\/fr\/wp-json\/wp\/v2\/posts\/1170293\/revisions"}],"wp:featuredmedia":[{"embeddable":true,"href":"https:\/\/www.europesays.com\/fr\/wp-json\/wp\/v2\/media\/1170294"}],"wp:attachment":[{"href":"https:\/\/www.europesays.com\/fr\/wp-json\/wp\/v2\/media?parent=1170293"}],"wp:term":[{"taxonomy":"category","embeddable":true,"href":"https:\/\/www.europesays.com\/fr\/wp-json\/wp\/v2\/categories?post=1170293"},{"taxonomy":"post_tag","embeddable":true,"href":"https:\/\/www.europesays.com\/fr\/wp-json\/wp\/v2\/tags?post=1170293"}],"curies":[{"name":"wp","href":"https:\/\/api.w.org\/{rel}","templated":true}]}}