{"id":117030,"date":"2025-05-21T14:08:08","date_gmt":"2025-05-21T14:08:08","guid":{"rendered":"https:\/\/www.europesays.com\/fr\/117030\/"},"modified":"2025-05-21T14:08:08","modified_gmt":"2025-05-21T14:08:08","slug":"a-la-spa-de-strasbourg-les-benevoles-ont-cree-un-lieu-pour-rendre-hommage-aux-animaux-decedes","status":"publish","type":"post","link":"https:\/\/www.europesays.com\/fr\/117030\/","title":{"rendered":"\u00c0 la SPA de Strasbourg, les b\u00e9n\u00e9voles ont cr\u00e9\u00e9 un lieu pour rendre hommage aux\u00a0animaux\u00a0d\u00e9c\u00e9d\u00e9s"},"content":{"rendered":"<p>            Par<br \/>\n        <strong><br \/>\n            <a href=\"https:\/\/actu.fr\/auteur\/ivan-capecchi\" title=\"Consulter tous les articles de Ivan CAPECCHI\" target=\"_blank\" rel=\"noopener\">Ivan CAPECCHI<\/a><br \/>\n        <\/strong><\/p>\n<p>        Publi\u00e9 le<\/p>\n<p>            21 mai 2025 \u00e0 16h01        <\/p>\n<p>\u00c0 la <strong>SPA de Strasbourg<\/strong>, deux \u00ab\u00a0<strong>arbres souvenirs<\/strong>\u00a0\u00bb permettent de <strong>rendre hommage \u00e0 certains pensionnaires d\u00e9c\u00e9d\u00e9s<\/strong> (<a href=\"https:\/\/actu.fr\/tag\/chien\" target=\"_blank\" rel=\"noopener\">chiens<\/a>, chats ou nouveaux animaux de compagnie).<\/p>\n<p class=\" wall-content\">Une initiative lanc\u00e9e il y a quelques ann\u00e9es par les <strong>b\u00e9n\u00e9voles<\/strong> de la structure, qui souhaitaient avoir un<strong> lieu de recueillement<\/strong>.<\/p>\n<p>\u00ab\u00a0On veut garder une trace d\u2019eux\u00a0\u00bb<\/p>\n<p class=\" wall-content\">\u00ab\u00a0Quand l\u2019un de nos pensionnaires d\u00e9c\u00e8de \u2013 un pensionnaire qui est rest\u00e9 longtemps chez nous et auquel nous \u00e9tions particuli\u00e8rement attach\u00e9s \u2013 alors nous mettons un petit <strong>c\u0153ur<\/strong> sur un des arbres, ou nous cotisons pour mettre une petite <strong>plaque<\/strong>\u00ab\u00a0, raconte Catherine Bronner, salari\u00e9e \u00e0 la SPA de Strasbourg.<\/p>\n<p class=\" wall-content\">\u00ab\u00a0<strong>On veut garder une trace d\u2019eux<\/strong>\u00ab\u00a0, ajoute-t-elle.<\/p>\n<p>A la m\u00e9moire du berger allemand Luggy et de l\u2019american staff D\u00e9d\u00e9<\/p>\n<p class=\" wall-content\">Parmi les m\u00e9moires honor\u00e9es, il y a celle de <strong>Luggy<\/strong>, un <strong>berger allemand<\/strong> d\u00e9c\u00e9d\u00e9 il y a un peu moins d\u2019un mois. \u00ab\u00a0Il \u00e9tait entr\u00e9 chez nous en 2019. Il\u00a0\u00e9tait un peu pointilleux dans le choix des personnes qu\u2019il appr\u00e9ciait, <strong>ce qui fait que son adoption a \u00e9t\u00e9 rendue difficile, voire impossible<\/strong>. Il a fait une <strong>torsion d\u2019estomac<\/strong>, qui est tr\u00e8s souvent fatale. Malgr\u00e9 la rapidit\u00e9 de notre intervention, <strong>nous ne sommes pas parvenus \u00e0 le sauver<\/strong>\u00ab\u00a0, t\u00e9moigne Mme Bronner.<\/p>\n<p>Vid\u00e9os : en ce moment sur Actu<\/p>\n<p class=\" wall-content\">D\u00e9d\u00e9, un<strong> american staff<\/strong>, \u00e9tait lui aussi, \u00ab\u00a0un peu compliqu\u00e9\u00a0\u00bb et \u00ab\u00a0choisissait\u00a0\u00bb sa compagnie. <strong>Il est mort d\u2019une tumeur un 24 d\u00e9cembre<\/strong>. \u00ab\u00a0On l\u2019a accompagn\u00e9 jusqu\u2019au bout\u00a0\u00bb, confie la salari\u00e9e de la SPA.\u00a0<\/p>\n<p>Rex, dont l\u2019histoire avait \u00e9mu le monde, a aussi droit \u00e0 sa photo<\/p>\n<p class=\" wall-content\">Cette derni\u00e8re \u00e9voque aussi \u00ab\u00a0<strong>Koka\u00efne<\/strong>, une <strong>rottweiler<\/strong> qui, \u00e0 peine plac\u00e9e, a eu une <strong>tumeur au cerveau<\/strong> qui l\u2019a emport\u00e9 en tr\u00e8s peu de temps\u00a0\u00bb.\u00a0<\/p>\n<p class=\" wall-content\">Sous l\u2019un des arbres, on trouve aussi la photo de <a href=\"https:\/\/actu.fr\/grand-est\/strasbourg_67482\/strasbourg-la-belle-histoire-de-rex-un-chien-maltraite-des-annees-qui-connait-enfin-le-bonheur_49830011.html\" target=\"_blank\" rel=\"noopener\">Rex<\/a>, un chien maltrait\u00e9 et oblig\u00e9 de dormir dans ses excr\u00e9ments pendant des ann\u00e9es, dont l\u2019histoire avait <a href=\"https:\/\/actu.fr\/grand-est\/strasbourg_67482\/strasbourg-l-histoire-de-rex-un-chien-maltraite-et-oblige-de-dormir-dans-ses-excrements-a-emu-le-monde-entier_39765464.html\" target=\"_blank\" rel=\"noopener\">\u00e9mu le monde entier<\/a>.<\/p>\n<p class=\" wall-content\">Suivez toute l\u2019actualit\u00e9 de vos villes et m\u00e9dias favoris en vous inscrivant \u00e0 <a href=\"https:\/\/moncompte.actu.fr\" title=\"D\u00e9couvez Mon Actu\" rel=\"nofollow noopener\" data-trk=\"{&quot;cta&quot;:{&quot;action&quot;:&quot;https:\\\/\\\/moncompte.actu.fr&quot;,&quot;category&quot;:&quot;mon compte&quot;,&quot;from&quot;:&quot;article footer&quot;,&quot;name&quot;:&quot;Mon actu&quot;,&quot;type&quot;:&quot;cta&quot;}}\" target=\"_blank\">Mon Actu<\/a>.<\/p>\n","protected":false},"excerpt":{"rendered":"Par Ivan CAPECCHI Publi\u00e9 le 21 mai 2025 \u00e0 16h01 \u00c0 la SPA de Strasbourg, deux \u00ab\u00a0arbres souvenirs\u00a0\u00bb&hellip;\n","protected":false},"author":2,"featured_media":117031,"comment_status":"","ping_status":"","sticky":false,"template":"","format":"standard","meta":{"footnotes":""},"categories":[2820],"tags":[1111,11,1867,7654,4850,1777,674,1011,27,775,12,25,104,640],"class_list":{"0":"post-117030","1":"post","2":"type-post","3":"status-publish","4":"format-standard","5":"has-post-thumbnail","7":"category-strasbourg","8":"tag-actu","9":"tag-actualites","10":"tag-animaux","11":"tag-chat","12":"tag-chien","13":"tag-eu","14":"tag-europe","15":"tag-fr","16":"tag-france","17":"tag-grand-est","18":"tag-news","19":"tag-republique-francaise","20":"tag-societe","21":"tag-strasbourg"},"share_on_mastodon":{"url":"https:\/\/pubeurope.com\/@fr\/114546219756837695","error":""},"_links":{"self":[{"href":"https:\/\/www.europesays.com\/fr\/wp-json\/wp\/v2\/posts\/117030","targetHints":{"allow":["GET"]}}],"collection":[{"href":"https:\/\/www.europesays.com\/fr\/wp-json\/wp\/v2\/posts"}],"about":[{"href":"https:\/\/www.europesays.com\/fr\/wp-json\/wp\/v2\/types\/post"}],"author":[{"embeddable":true,"href":"https:\/\/www.europesays.com\/fr\/wp-json\/wp\/v2\/users\/2"}],"replies":[{"embeddable":true,"href":"https:\/\/www.europesays.com\/fr\/wp-json\/wp\/v2\/comments?post=117030"}],"version-history":[{"count":0,"href":"https:\/\/www.europesays.com\/fr\/wp-json\/wp\/v2\/posts\/117030\/revisions"}],"wp:featuredmedia":[{"embeddable":true,"href":"https:\/\/www.europesays.com\/fr\/wp-json\/wp\/v2\/media\/117031"}],"wp:attachment":[{"href":"https:\/\/www.europesays.com\/fr\/wp-json\/wp\/v2\/media?parent=117030"}],"wp:term":[{"taxonomy":"category","embeddable":true,"href":"https:\/\/www.europesays.com\/fr\/wp-json\/wp\/v2\/categories?post=117030"},{"taxonomy":"post_tag","embeddable":true,"href":"https:\/\/www.europesays.com\/fr\/wp-json\/wp\/v2\/tags?post=117030"}],"curies":[{"name":"wp","href":"https:\/\/api.w.org\/{rel}","templated":true}]}}