{"id":1170301,"date":"2026-09-06T05:53:25","date_gmt":"2026-09-06T05:53:25","guid":{"rendered":"https:\/\/www.europesays.com\/fr\/1170301\/"},"modified":"2026-09-06T05:53:25","modified_gmt":"2026-09-06T05:53:25","slug":"toulon-stephane-rambaud-honore-les-400-ans-de-la-marine","status":"publish","type":"post","link":"https:\/\/www.europesays.com\/fr\/1170301\/","title":{"rendered":"Toulon : St\u00e9phane Rambaud honore les 400 ans de la Marine"},"content":{"rendered":"<p><strong>\u00c0 l\u2019occasion des 400 ans de la Marine nationale, le d\u00e9put\u00e9 du Var a assist\u00e9 \u00e0 la comm\u00e9moration de la bataille de la Chesapeake \u00e0 Toulon.<\/strong><\/p>\n<p>En images<img src=\"https:\/\/www.europesays.com\/fr\/wp-content\/uploads\/2026\/09\/reaction-toulon-stephane-rambaud-salue-la-marine-nationale-1.webp\" alt=\"TOULON : St\u00e9phane Rambaud salue la Marine nationale, engag\u00e9e pour \u00ab servir, prot\u00e9ger et d\u00e9fendre \u00bb\" loading=\"lazy\" decoding=\"async\"\/><img src=\"https:\/\/www.europesays.com\/fr\/wp-content\/uploads\/2026\/09\/reaction-toulon-stephane-rambaud-salue-la-marine-nationale-2.webp\" alt=\"TOULON : St\u00e9phane Rambaud salue la Marine nationale, engag\u00e9e pour \u00ab servir, prot\u00e9ger et d\u00e9fendre \u00bb\" loading=\"lazy\" decoding=\"async\"\/><\/p>\n<p>Le samedi 5 septembre, le d\u00e9put\u00e9 du Var, St\u00e9phane Rambaud, a particip\u00e9 \u00e0 la c\u00e9r\u00e9monie de comm\u00e9moration de la bataille de la Chesapeake, un \u00e9v\u00e9nement majeur de l\u2019histoire navale fran\u00e7aise. Organis\u00e9e dans le cadre des c\u00e9l\u00e9brations du 400\u00e8me anniversaire de la Marine nationale, cette c\u00e9r\u00e9monie s\u2019est d\u00e9roul\u00e9e \u00e0 l\u2019invitation du Vice-amiral d\u2019escadre Laurent Hermann, Pr\u00e9fet maritime de la M\u00e9diterran\u00e9e.<\/p>\n<p><strong>Un moment d\u00e9cisif de l\u2019histoire franco-am\u00e9ricaine<\/strong><\/p>\n<p>La bataille de la Chesapeake, qui s\u2019est d\u00e9roul\u00e9e en 1781, est consid\u00e9r\u00e9e comme un tournant strat\u00e9gique de la guerre d\u2019ind\u00e9pendance des \u00c9tats-Unis. La victoire de la flotte fran\u00e7aise, command\u00e9e par l\u2019amiral de Grasse, a permis d\u2019isoler les forces britanniques \u00e0 Yorktown et de conduire \u00e0 leur capitulation, scellant ainsi l\u2019ind\u00e9pendance am\u00e9ricaine. St\u00e9phane Rambaud a soulign\u00e9 l\u2019importance de cet h\u00e9ritage historique.<\/p>\n<p>\u00ab Cette bataille, remport\u00e9e en 1781 par la flotte fran\u00e7aise, fut un moment d\u00e9cisif de notre histoire \u00bb, <strong>a-t-il rappel\u00e9.<\/strong><\/p>\n<p><strong>400 ans d\u2019engagement au service de la Nation<\/strong><\/p>\n<p>Cet \u00e9v\u00e9nement comm\u00e9moratif s\u2019inscrit dans un contexte plus large, celui des quatre si\u00e8cles d\u2019existence de la Marine nationale. Pour l\u2019\u00e9lu varois, c\u2019est l\u2019occasion de r\u00e9affirmer la continuit\u00e9 de la mission des forces navales fran\u00e7aises, d\u2019hier \u00e0 aujourd\u2019hui, au service des int\u00e9r\u00eats de la France sur toutes les mers du globe.<\/p>\n<p>\u00ab Quatre si\u00e8cles apr\u00e8s la cr\u00e9ation de notre Marine nationale, cette comm\u00e9moration est l\u2019occasion de mesurer la profondeur de notre histoire maritime et de notre engagement au service de la France \u00bb, <strong>a d\u00e9clar\u00e9 le d\u00e9put\u00e9.<\/strong><\/p>\n<p>Il a \u00e9galement insist\u00e9 sur la permanence des valeurs qui animent les marins.<\/p>\n<p>\u00ab \u00c0 travers nos marins d\u2019hier et d\u2019aujourd\u2019hui, c\u2019est une m\u00eame exigence qui se perp\u00e9tue : servir, prot\u00e9ger et d\u00e9fendre notre Nation et ses int\u00e9r\u00eats, sur toutes les mers et partout o\u00f9 cela est n\u00e9cessaire. \u00bb<\/p>\n<p><strong>Un hommage aux femmes et aux hommes de la Marine<\/strong><\/p>\n<p>Enfin, St\u00e9phane Rambaud a tenu \u00e0 rendre un hommage appuy\u00e9 \u00e0 tous les marins qui composent aujourd\u2019hui la Marine nationale. Il a salu\u00e9 leur engagement quotidien pour assurer la s\u00e9curit\u00e9 et la d\u00e9fense du pays, perp\u00e9tuant ainsi une tradition s\u00e9culaire.<\/p>\n<p>\u00ab Je tiens \u00e0 saluer l\u2019ensemble des femmes et des hommes de la Marine nationale qui font vivre cet h\u00e9ritage avec courage, professionnalisme et d\u00e9vouement \u00bb, <strong>a-t-il conclu.<\/strong><\/p>\n<p>Cette c\u00e9r\u00e9monie a permis de lier intimement le souvenir d\u2019un pass\u00e9 glorieux \u00e0 la r\u00e9alit\u00e9 d\u2019une marine moderne et tourn\u00e9e vers les d\u00e9fis de l\u2019avenir, fid\u00e8le \u00e0 sa devise.<\/p>\n<p><strong>via Presse Agence.<\/strong><\/p>\n<p><strong>A NOTER\u2026<\/strong><\/p>\n<p style=\"margin: 0cm 0cm 7.5pt 0cm;\">La Marine nationale c\u00e9l\u00e8bre ses 400 ans d\u2019existence en 2026, ann\u00e9e marquant quatre si\u00e8cles d\u2019engagement pour prot\u00e9ger la France et ses int\u00e9r\u00eats sur tous les oc\u00e9ans. <\/p>\n<p style=\"margin: 0cm 0cm 7.5pt 0cm;\"><strong>Origines et histoire <\/strong><\/p>\n<p style=\"margin: 0cm 0cm 7.5pt 0cm;\">\u2022 Fondation : Institu\u00e9e en 1626 sous l\u2019impulsion du cardinal de Richelieu, la Marine d\u2019\u00c9tat unifi\u00e9e et permanente voit le jour pour porter une vision strat\u00e9gique et audacieuse de la France. <\/p>\n<p style=\"margin: 0cm 0cm 7.5pt 0cm;\">\u2022 \u00c9volution : Connue autrefois sous le nom de \u00ab La Royale \u00bb, elle devient la Marine nationale au fil des r\u00e9formes et de son rattachement progressif au minist\u00e8re des Arm\u00e9es.\u00a0<\/p>\n<p style=\"margin: 0cm 0cm 7.5pt 0cm;\"> \u2022 Missions : Les marins assurent la d\u00e9fense de la souverainet\u00e9 nationale, la s\u00e9curit\u00e9 des voies maritimes et la protection des citoyens 24h\/24 et 365 jours par an.<\/p>\n","protected":false},"excerpt":{"rendered":"\u00c0 l\u2019occasion des 400 ans de la Marine nationale, le d\u00e9put\u00e9 du Var a assist\u00e9 \u00e0 la comm\u00e9moration&hellip;\n","protected":false},"author":2,"featured_media":1170302,"comment_status":"","ping_status":"","sticky":false,"template":"","format":"standard","meta":{"footnotes":"","_share_on_mastodon":"0"},"categories":[9619],"tags":[1111,11,1777,674,1011,27,12,882,25,2310],"class_list":["post-1170301","post","type-post","status-publish","format-standard","has-post-thumbnail","category-toulon","tag-actu","tag-actualites","tag-eu","tag-europe","tag-fr","tag-france","tag-news","tag-provence-alpes-cote-dazur","tag-republique-francaise","tag-toulon"],"share_on_mastodon":{"url":"https:\/\/pubeurope.com\/@fr\/117222547942667295","error":""},"_links":{"self":[{"href":"https:\/\/www.europesays.com\/fr\/wp-json\/wp\/v2\/posts\/1170301","targetHints":{"allow":["GET"]}}],"collection":[{"href":"https:\/\/www.europesays.com\/fr\/wp-json\/wp\/v2\/posts"}],"about":[{"href":"https:\/\/www.europesays.com\/fr\/wp-json\/wp\/v2\/types\/post"}],"author":[{"embeddable":true,"href":"https:\/\/www.europesays.com\/fr\/wp-json\/wp\/v2\/users\/2"}],"replies":[{"embeddable":true,"href":"https:\/\/www.europesays.com\/fr\/wp-json\/wp\/v2\/comments?post=1170301"}],"version-history":[{"count":0,"href":"https:\/\/www.europesays.com\/fr\/wp-json\/wp\/v2\/posts\/1170301\/revisions"}],"wp:featuredmedia":[{"embeddable":true,"href":"https:\/\/www.europesays.com\/fr\/wp-json\/wp\/v2\/media\/1170302"}],"wp:attachment":[{"href":"https:\/\/www.europesays.com\/fr\/wp-json\/wp\/v2\/media?parent=1170301"}],"wp:term":[{"taxonomy":"category","embeddable":true,"href":"https:\/\/www.europesays.com\/fr\/wp-json\/wp\/v2\/categories?post=1170301"},{"taxonomy":"post_tag","embeddable":true,"href":"https:\/\/www.europesays.com\/fr\/wp-json\/wp\/v2\/tags?post=1170301"}],"curies":[{"name":"wp","href":"https:\/\/api.w.org\/{rel}","templated":true}]}}