{"id":1170313,"date":"2026-09-06T06:03:21","date_gmt":"2026-09-06T06:03:21","guid":{"rendered":"https:\/\/www.europesays.com\/fr\/1170313\/"},"modified":"2026-09-06T06:03:21","modified_gmt":"2026-09-06T06:03:21","slug":"angers-rennes-a-quelle-heure-et-sur-quelle-chaine-voir-les-rouge-et-noir-enchainer","status":"publish","type":"post","link":"https:\/\/www.europesays.com\/fr\/1170313\/","title":{"rendered":"Angers &#8211; Rennes : \u00e0 quelle heure et sur quelle cha\u00eene voir les Rouge et Noir encha\u00eener ?"},"content":{"rendered":"<p>Le Stade Rennais a d\u00e9j\u00e0 offert beaucoup de spectacle \u00e0 ses supporters. Deux journ\u00e9es, cinq buts marqu\u00e9s, quatre encaiss\u00e9s et deux sc\u00e9narios \u00e0 rebondissements : le d\u00e9but de saison des Rouge et Noir ne manque pas d\u2019animation.<\/p>\n<p>Dimanche, <a href=\"https:\/\/c3po.link\/QCTfcE874r\" target=\"_blank\" rel=\"nofollow noopener\">les hommes de Franck Haise se rendent \u00e0 Angers<\/a> pour la troisi\u00e8me journ\u00e9e de Ligue 1 McDonald\u2019s. Et les deux \u00e9quipes partagent le m\u00eame objectif : confirmer leur premi\u00e8re victoire pour commencer \u00e0 installer une dynamique.<\/p>\n<p>Rennes arrive avec quatre points au compteur apr\u00e8s son nul contre le PSG (2-2) puis son succ\u00e8s face au Mans (3-2). Angers a connu le chemin inverse : battu par Lille lors de la premi\u00e8re journ\u00e9e (0-2), le SCO s\u2019est parfaitement repris \u00e0 Auxerre en s\u2019imposant 3-1.<\/p>\n<p><a href=\"https:\/\/c3po.link\/QCTfcE874r\" rel=\"sponsored nofollow noopener\" target=\"_blank\">VOIR LE MATCH EN DIRECT<\/a><strong>Rennes veut transformer son bon d\u00e9part en s\u00e9rie<\/strong><\/p>\n<p>Le calendrier rennais proposait deux premiers rendez-vous radicalement diff\u00e9rents.<\/p>\n<p>Face au PSG, champion de France en titre, Rennes avait r\u00e9ussi \u00e0 prendre deux buts d\u2019avance avant de voir les Parisiens revenir au score (2-2). Un r\u00e9sultat encourageant, m\u00eame si le sc\u00e9nario pouvait laisser quelques regrets.<\/p>\n<p>Une semaine plus tard, face au promu manceau, le m\u00eame probl\u00e8me a refait surface. Rennes a de nouveau r\u00e9ussi \u00e0 faire le break avant d\u2019\u00eatre rejoint. Cette fois, les Bretons ont trouv\u00e9 les ressources pour repartir \u00e0 l\u2019attaque.<\/p>\n<p>Au bout du temps additionnel, Est\u00e9ban Lepaul a inscrit le but du 3-2 et offert \u00e0 son \u00e9quipe sa premi\u00e8re victoire de la saison.<\/p>\n<p>Avec quatre points apr\u00e8s deux journ\u00e9es, Rennes s\u2019est install\u00e9 dans le haut du classement. Un <a href=\"https:\/\/c3po.link\/QCTfcE874r\" target=\"_blank\" rel=\"nofollow noopener\">succ\u00e8s \u00e0 Angers<\/a> permettrait d\u00e9sormais de donner davantage de consistance \u00e0 ce d\u00e9part prometteur.<\/p>\n<p><strong>Est\u00e9ban Lepaul retrouve Angers en pleine confiance<\/strong><\/p>\n<p>Difficile d\u2019imaginer meilleur sc\u00e9nario pour placer Est\u00e9ban Lepaul sous les projecteurs.<\/p>\n<p>L\u2019attaquant rennais retrouve dimanche un club qu\u2019il conna\u00eet parfaitement. Pass\u00e9 par Angers avant de rejoindre Rennes, il revient au stade Raymond-Kopa avec le statut de meilleur buteur de la derni\u00e8re \u00e9dition de Ligue 1 McDonald\u2019s, conclue avec 21 r\u00e9alisations.<\/p>\n<p>Et son changement de maillot n\u2019a visiblement pas perturb\u00e9 son efficacit\u00e9.<\/p>\n<p>Lepaul a d\u00e9j\u00e0 trouv\u00e9 le chemin des filets \u00e0 trois reprises lors des deux premi\u00e8res journ\u00e9es, dont ce but d\u00e9cisif dans les derni\u00e8res secondes face au Mans.<\/p>\n<p>Face \u00e0 son ancien club, il sera naturellement l\u2019une des principales armes offensives rennaises, aux c\u00f4t\u00e9s d\u2019Al-Tamari et de Soumar\u00e9.<\/p>\n<p><strong>Les recrues rennaises ont d\u00e9j\u00e0 trouv\u00e9 leur place<\/strong><\/p>\n<p>Rennes a beaucoup remodel\u00e9 son \u00e9quipe durant l\u2019\u00e9t\u00e9, mais plusieurs nouveaux venus sont d\u00e9j\u00e0 devenus des titulaires r\u00e9guliers.<\/p>\n<p>Charlie Cresswell, pr\u00eat\u00e9 par Toulouse, s\u2019est install\u00e9 dans la d\u00e9fense. Adrien Thomasson, arriv\u00e9 apr\u00e8s son passage \u00e0 Nantes, apporte son exp\u00e9rience au milieu, tandis que Soumar\u00e9 occupe d\u00e9j\u00e0 le couloir gauche de l\u2019attaque.<\/p>\n<p>Le secteur offensif dispose donc de profils vari\u00e9s autour de Lepaul, pendant que Szymanski et Rongier doivent permettre aux Rouge et Noir de contr\u00f4ler davantage les rencontres.<\/p>\n<p>L\u2019incertitude principale concerne le but. Brice Samba, num\u00e9ro 1 habituel, avait manqu\u00e9 le match pr\u00e9c\u00e9dent. Rennes esp\u00e8re pouvoir le r\u00e9cup\u00e9rer pour le d\u00e9placement en Anjou.<\/p>\n<p>Pour le reste, l\u2019effectif breton est particuli\u00e8rement \u00e9pargn\u00e9 par les blessures \u00e0 ce stade de la saison.<\/p>\n<p><a href=\"https:\/\/c3po.link\/QCTfcE874r\" rel=\"sponsored nofollow noopener\" target=\"_blank\">REGARDER ANGERS \u2013 RENNES EN DIRECT<\/a><strong>Angers s\u2019est rassur\u00e9 \u00e0 Auxerre<\/strong><\/p>\n<p>Le SCO poss\u00e8de lui aussi plusieurs motifs de satisfaction.<\/p>\n<p>Apr\u00e8s une pr\u00e9paration convaincante, marqu\u00e9e par quatre victoires en cinq rencontres, les joueurs de St\u00e9phane Gilli avaient connu une premi\u00e8re soir\u00e9e plus compliqu\u00e9e face \u00e0 Lille. Battu 2-0 \u00e0 domicile, Angers a rapidement r\u00e9agi.<\/p>\n<p>\u00c0 Auxerre, les Angevins ont fait basculer le match dans les vingt derni\u00e8res minutes pour s\u2019imposer 3-1 et d\u00e9crocher leurs premiers points.<\/p>\n<p>Deux recrues estivales se sont particuli\u00e8rement illustr\u00e9es. Anthony Lopes, arriv\u00e9 de Nantes, a multipli\u00e9 les interventions dans son but. Devant, Amine El Ouazzani, pr\u00eat\u00e9 par Braga, a inscrit le but du break, son premier sous les couleurs angevines.<\/p>\n<p>Le SCO peut \u00e9galement s\u2019appuyer sur Joseph Kalulu, recrut\u00e9 en provenance de Pau pour compenser le d\u00e9part d\u2019Ekomi\u00e9.<\/p>\n<p><strong>Un milieu angevin \u00e0 recomposer<\/strong><\/p>\n<p>St\u00e9phane Gilli doit toutefois revoir une partie de son entrejeu.<\/p>\n<p>Haris Belkebla, habituellement titulaire, est forfait. Branco van den Boomen, devenu un \u00e9l\u00e9ment important du milieu angevin, reste pour sa part incertain.<\/p>\n<p>La situation est plus favorable concernant Mouton et Raolisoa, qui devraient effectuer leur retour dans le groupe apr\u00e8s avoir manqu\u00e9 le d\u00e9placement \u00e0 Auxerre.<\/p>\n<p>Face \u00e0 un milieu rennais capable de conserver le ballon et de se projeter rapidement, ces choix pourraient peser lourd dans l\u2019\u00e9quilibre de la rencontre.<\/p>\n<p><strong>Les compositions probables d\u2019Angers &#8211; Rennes<\/strong><\/p>\n<p><strong>Angers :<\/strong> Lopes &#8211; Raolisoa, Camara, Lefort, J. Kalulu &#8211; Arcus (ou Mouton), Belkhdim &#8211; Allevinah, Sba\u00ef, Bermont &#8211; El Ouazzani.<\/p>\n<p><strong>Rennes :<\/strong> Lema\u00eetre &#8211; Frankowski, Cresswell, A\u00eft-Boudlal, Merlin &#8211; Szymanski, Rongier, Thomasson &#8211; Al-Tamari, Lepaul, Soumar\u00e9.<\/p>\n<p><strong>\u00c0 quelle heure et sur quelle cha\u00eene voir Angers &#8211; Rennes ?<\/strong><\/p>\n<p>La rencontre de la 3e journ\u00e9e de Ligue 1 McDonald\u2019s entre Angers et Rennes se dispute ce dimanche 6 septembre 2026 \u00e0 17h15, au stade Raymond-Kopa, et sera diffus\u00e9e en direct sur <a href=\"https:\/\/c3po.link\/QCTfcE874r\" target=\"_blank\" rel=\"nofollow noopener\">Ligue 1+<\/a>.<\/p>\n<p>Ligue 1+ permet cette saison de suivre 100 % de la Ligue 1 McDonald\u2019s, ainsi que l\u2019int\u00e9gralit\u00e9 de la LIGUE 3 Betclic.<\/p>\n<p><strong>Ligue 1+ : dernier jour pour profiter de l\u2019offre de lancement<\/strong><\/p>\n<p>Ce d\u00e9placement du Stade Rennais tombe le jour m\u00eame de la fin de <a href=\"https:\/\/c3po.link\/QCTfcE874r\" target=\"_blank\" rel=\"nofollow noopener\">l\u2019offre de lancement de Ligue 1+<\/a>.<\/p>\n<p>Jusqu\u2019au dimanche 6 septembre inclus, les nouveaux abonn\u00e9s peuvent souscrire \u00e0 la formule avec engagement \u00e0 14,99 \u20ac par mois pendant les trois premiers mois, puis 19,99 \u20ac par mois pendant les neuf mois suivants.<\/p>\n<p>L\u2019abonnement est pr\u00e9vu pour douze mois et permet deux connexions simultan\u00e9es.<\/p>\n<p>\u00c0 partir du 7 septembre, les nouvelles souscriptions avec engagement seront directement factur\u00e9es 19,99 \u20ac par mois. Une formule sans engagement est \u00e9galement propos\u00e9e \u00e0 24,99 \u20ac mensuels.<\/p>\n<p>Les moins de 26 ans disposent par ailleurs d\u2019un tarif sp\u00e9cifique \u00e0 11,99 \u20ac par mois, tandis qu\u2019un Pass Direct annuel \u00e0 199 \u20ac compl\u00e8te les diff\u00e9rentes possibilit\u00e9s d\u2019abonnement.<\/p>\n<p><a href=\"https:\/\/c3po.link\/QCTfcE874r\" rel=\"sponsored nofollow noopener\" target=\"_blank\">PROFITER DE L\u2019OFFRE LIGUE 1+ AVANT SA FIN<\/a><\/p>\n","protected":false},"excerpt":{"rendered":"Le Stade Rennais a d\u00e9j\u00e0 offert beaucoup de spectacle \u00e0 ses supporters. Deux journ\u00e9es, cinq buts marqu\u00e9s, quatre&hellip;\n","protected":false},"author":2,"featured_media":1170314,"comment_status":"","ping_status":"","sticky":false,"template":"","format":"standard","meta":{"footnotes":"","_share_on_mastodon":"0"},"categories":[2821],"tags":[1111,11,829,1777,674,1011,27,48888,12,116945,584,25,517],"class_list":["post-1170313","post","type-post","status-publish","format-standard","has-post-thumbnail","category-rennes","tag-actu","tag-actualites","tag-bretagne","tag-eu","tag-europe","tag-fr","tag-france","tag-guide-conso","tag-news","tag-ou-voir-les-matchs","tag-rennes","tag-republique-francaise","tag-sport"],"share_on_mastodon":{"url":"https:\/\/pubeurope.com\/@fr\/117222585451067128","error":""},"_links":{"self":[{"href":"https:\/\/www.europesays.com\/fr\/wp-json\/wp\/v2\/posts\/1170313","targetHints":{"allow":["GET"]}}],"collection":[{"href":"https:\/\/www.europesays.com\/fr\/wp-json\/wp\/v2\/posts"}],"about":[{"href":"https:\/\/www.europesays.com\/fr\/wp-json\/wp\/v2\/types\/post"}],"author":[{"embeddable":true,"href":"https:\/\/www.europesays.com\/fr\/wp-json\/wp\/v2\/users\/2"}],"replies":[{"embeddable":true,"href":"https:\/\/www.europesays.com\/fr\/wp-json\/wp\/v2\/comments?post=1170313"}],"version-history":[{"count":0,"href":"https:\/\/www.europesays.com\/fr\/wp-json\/wp\/v2\/posts\/1170313\/revisions"}],"wp:featuredmedia":[{"embeddable":true,"href":"https:\/\/www.europesays.com\/fr\/wp-json\/wp\/v2\/media\/1170314"}],"wp:attachment":[{"href":"https:\/\/www.europesays.com\/fr\/wp-json\/wp\/v2\/media?parent=1170313"}],"wp:term":[{"taxonomy":"category","embeddable":true,"href":"https:\/\/www.europesays.com\/fr\/wp-json\/wp\/v2\/categories?post=1170313"},{"taxonomy":"post_tag","embeddable":true,"href":"https:\/\/www.europesays.com\/fr\/wp-json\/wp\/v2\/tags?post=1170313"}],"curies":[{"name":"wp","href":"https:\/\/api.w.org\/{rel}","templated":true}]}}