{"id":1170329,"date":"2026-09-06T06:12:13","date_gmt":"2026-09-06T06:12:13","guid":{"rendered":"https:\/\/www.europesays.com\/fr\/1170329\/"},"modified":"2026-09-06T06:12:13","modified_gmt":"2026-09-06T06:12:13","slug":"a-bordeaux-le-festival-de-bd-gribouillis-dessine-une-joyeuse-rentree","status":"publish","type":"post","link":"https:\/\/www.europesays.com\/fr\/1170329\/","title":{"rendered":"\u00c0 Bordeaux, le festival de BD Gribouillis ! dessine une joyeuse rentr\u00e9e"},"content":{"rendered":"<p class=\"editor-content__paragraph\">\u00c7a gribouille \u00e0 <strong>Bordeaux<\/strong>\u00a0! Depuis six ans, le<strong> festival Gribouillis\u00a0!<\/strong> y c\u00e9l\u00e8bre la <strong>bande dessin\u00e9e ind\u00e9pendante<\/strong> et le <strong>livre jeunesse<\/strong> avec un salon du livre (du 11\u00a0au 13\u00a0septembre), des ateliers, des projections et des boums dessin\u00e9es pour tous les publics, dans plusieurs lieux de la ville et <strong>gratuitement<\/strong>\u00a0!<\/p>\n<p class=\"editor-content__paragraph\">Cette \u00e9dition convoque 50\u00a0maisons d\u2019\u00e9dition ind\u00e9pendantes et quelque <strong>70\u00a0auteurs<\/strong>, et les <strong>expositions<\/strong> courent jusqu\u2019\u00e0 fin octobre.<\/p>\n<p>Un b\u00e9d\u00e9aste qu\u00e9b\u00e9cois \u00e0 l\u2019honneur<\/p>\n<p class=\"editor-content__paragraph\">Que voir\u00a0? D\u2019abord le Qu\u00e9b\u00e9cois <strong>Michel Rabagliati<\/strong>, prix du Public \u00e0 Angoul\u00eame en 2010\u00a0pour Paul \u00e0 Qu\u00e9bec, qui n\u2019avait jamais eu de grande r\u00e9trospective et dont Paul, son alter ego de papier, b\u00e9n\u00e9ficie d\u2019un accrochage \u00e0 l\u2019occasion de la sortie d\u2019un nouveau livre, <strong>Y a d\u2019la joie<\/strong> (\u00e9d. La Past\u00e8que).<\/p>\n<p class=\"editor-content__paragraph\">C\u2019est \u00e0 la <strong>biblioth\u00e8que M\u00e9riadeck<\/strong> d\u00e8s le 5\u00a0septembre, o\u00f9 l\u2019on peut voir aussi les aquarelles et les gouaches lyriques de <strong>Valfret<\/strong> ainsi que les paysages intimes de <strong>Fanny Dreyer<\/strong> (les deux auteurs sont partis en mini r\u00e9sidence artistique en vall\u00e9e d\u2019Ossau, dans les Pyr\u00e9n\u00e9es-Atlantiques).<\/p>\n<p>        \u00c0 lire aussi :<br \/>\n        <a class=\"renvoi-explicite__link\" href=\"https:\/\/www.beauxarts.com\/expos\/figure-essentielle-de-lart-deco-jean-dupas-a-lhonneur-dune-exposition-a-bordeaux\/\" rel=\"nofollow noopener\" target=\"_blank\">Figure essentielle de l&rsquo;Art d\u00e9co, Jean Dupas \u00e0 l&rsquo;honneur d&rsquo;une exposition \u00e0 Bordeaux<\/a><\/p>\n<p>Des univers graphiques vari\u00e9s<\/p>\n<p class=\"editor-content__paragraph\">\u00c0 l\u2019<strong>Espace Saint-R\u00e9mi<\/strong>, l\u2019univers foisonnant d\u2019<strong>Emmanuel Lantam<\/strong>, entre Little Nemo et <a href=\"https:\/\/www.beauxarts.com\/grand-format\/jerome-bosch-en-2-minutes\/\" target=\"_blank\" rel=\"noopener nofollow\">J\u00e9r\u00f4me Bosch<\/a> se d\u00e9ploie du 5\u00a0au 30\u00a0septembre. Le Su\u00e9dois <strong>Erik Svetoft<\/strong>, ma\u00eetre du grotesque horrifique, expose quant \u00e0 lui planches originales et figurines in\u00e9dites \u00e0 la <strong>galerie BAG<\/strong> \u00e0 partir du 9\u00a0septembre. Et ce n\u2019est qu\u2019un aper\u00e7u\u00a0!<\/p>\n<p>        \u00c0 lire aussi :<br \/>\n        <a class=\"renvoi-explicite__link\" href=\"https:\/\/www.beauxarts.com\/lifestyle\/arts-design-litterature-10-idees-de-sorties-a-faire-dans-toute-la-france-et-en-suisse-en-septembre\/\" rel=\"nofollow noopener\" target=\"_blank\">Arts, design, litt\u00e9rature&#8230; 10 id\u00e9es de sorties \u00e0 faire dans toute la France et en Suisse en septembre<\/a><\/p>\n<p>  Arrow<\/p>\n<p>Festival Gribouillis !<\/p>\n<p>Du 10 septembre 2026 au 13 septembre 2026<\/p>\n<p class=\"url-expo\"><a href=\"https:\/\/www.festivalgribouillis.fr\/\" rel=\"nofollow noopener\" target=\"_blank\">www.festivalgribouillis.fr<\/a><\/p>\n<p class=\"annexe-content__infos\">Bordeaux \u2022 12 Cours du 30 Juillet \u2022 33000 Bordeaux<\/p>\n","protected":false},"excerpt":{"rendered":"\u00c7a gribouille \u00e0 Bordeaux\u00a0! Depuis six ans, le festival Gribouillis\u00a0! y c\u00e9l\u00e8bre la bande dessin\u00e9e ind\u00e9pendante et le&hellip;\n","protected":false},"author":2,"featured_media":1170330,"comment_status":"","ping_status":"","sticky":false,"template":"","format":"standard","meta":{"footnotes":"","_share_on_mastodon":"0"},"categories":[2817],"tags":[1111,11,13153,1997,5804,1777,674,849,1011,27,11043,12,2219,25,1669],"class_list":["post-1170329","post","type-post","status-publish","format-standard","has-post-thumbnail","category-bordeaux","tag-actu","tag-actualites","tag-bande-dessinee","tag-bordeaux","tag-dessin","tag-eu","tag-europe","tag-festival","tag-fr","tag-france","tag-illustration","tag-news","tag-nouvelle-aquitaine","tag-republique-francaise","tag-sorties"],"share_on_mastodon":{"url":"https:\/\/pubeurope.com\/@fr\/117222621019336347","error":""},"_links":{"self":[{"href":"https:\/\/www.europesays.com\/fr\/wp-json\/wp\/v2\/posts\/1170329","targetHints":{"allow":["GET"]}}],"collection":[{"href":"https:\/\/www.europesays.com\/fr\/wp-json\/wp\/v2\/posts"}],"about":[{"href":"https:\/\/www.europesays.com\/fr\/wp-json\/wp\/v2\/types\/post"}],"author":[{"embeddable":true,"href":"https:\/\/www.europesays.com\/fr\/wp-json\/wp\/v2\/users\/2"}],"replies":[{"embeddable":true,"href":"https:\/\/www.europesays.com\/fr\/wp-json\/wp\/v2\/comments?post=1170329"}],"version-history":[{"count":0,"href":"https:\/\/www.europesays.com\/fr\/wp-json\/wp\/v2\/posts\/1170329\/revisions"}],"wp:featuredmedia":[{"embeddable":true,"href":"https:\/\/www.europesays.com\/fr\/wp-json\/wp\/v2\/media\/1170330"}],"wp:attachment":[{"href":"https:\/\/www.europesays.com\/fr\/wp-json\/wp\/v2\/media?parent=1170329"}],"wp:term":[{"taxonomy":"category","embeddable":true,"href":"https:\/\/www.europesays.com\/fr\/wp-json\/wp\/v2\/categories?post=1170329"},{"taxonomy":"post_tag","embeddable":true,"href":"https:\/\/www.europesays.com\/fr\/wp-json\/wp\/v2\/tags?post=1170329"}],"curies":[{"name":"wp","href":"https:\/\/api.w.org\/{rel}","templated":true}]}}