{"id":1170339,"date":"2026-09-06T06:18:30","date_gmt":"2026-09-06T06:18:30","guid":{"rendered":"https:\/\/www.europesays.com\/fr\/1170339\/"},"modified":"2026-09-06T06:18:30","modified_gmt":"2026-09-06T06:18:30","slug":"celine-dion-cest-une-battante-les-confidences-du-marseillais-jacques-veneruso-qui-lui-a-ecrit-plusieurs-titres","status":"publish","type":"post","link":"https:\/\/www.europesays.com\/fr\/1170339\/","title":{"rendered":"\u00ab\u00a0C\u00e9line Dion, c&rsquo;est une battante\u00a0\u00bb\u00a0: les confidences du Marseillais Jacques Veneruso qui lui a \u00e9crit plusieurs titres"},"content":{"rendered":"<p>Pour lui, c\u2019est l\u2019\u00e9vidence m\u00eame. Une chanson a chang\u00e9 sa vie d\u2019auteur-compositeur. Sous le vent \u00e9voque un nouvel envol des sentiments. Elle pourrait aussi raconter le souffle qui a ouvert toute une s\u00e9rie de portes \u00e0 Jacques Veneruso. Nous sommes en\u00a02000. Le Marseillais, qui a d\u00e9j\u00e0 collabor\u00e9 avec plusieurs artistes reconnus dont Florent Pagny, \u00e9crit ce titre. Sans trop s\u2019avancer, il pense tenir un hit potentiel. Un jour qu\u2019il est re\u00e7u chez Sony Music par Val\u00e9rie Michelin, directrice marketing du label Columbia, Veneruso pr\u00e9sente la d\u00e9mo de Sous le vent. Coup de c\u0153ur imm\u00e9diat, bien au-del\u00e0 de Paris. Outre-Atlantique, <a href=\"https:\/\/laprovence.com\/article\/edition-marseille\/3752422\/rene-angelil-le-mari-de-celine-dion-est-mort.html\" target=\"_self\" rel=\"nofollow noopener\">Ren\u00e9 Ang\u00e9lil<\/a>, mari de <a href=\"https:\/\/www.laprovence.com\/article\/culture-loisirs\/14893696721692\/celine-dion-ajoute-six-nouvelles-dates-de-concert-a-paris-face-a-une-demande-exceptionnelle\" target=\"_self\" rel=\"nofollow noopener\">C\u00e9line Dion<\/a>, artiste Sony, a \u00e9galement flash\u00e9 sur ce morceau. Pas pour son \u00e9pouse, alors en pause maternit\u00e9, mais pour Garou que l\u2019agent canadien produisait.<\/p>\n<p>\u00ab\u00a0Au d\u00e9part, rappelle Veneruso, on l\u2019a donc enregistr\u00e9 pour un solo. Mais \u00e0 partir du moment o\u00f9 Garou \u00e9tait produit par Ren\u00e9 Ang\u00e9lil, j\u2019avais le secret espoir de susciter un int\u00e9r\u00eat aupr\u00e8s de C\u00e9line Dion, m\u00eame si elle avait indiqu\u00e9 qu\u2019elle n\u2019envisageait pas de faire de duos.\u00a0\u00bb \u00c9panouie et heureuse, comme son entourage avait pu l\u2019observer, la maman qu\u2019elle s\u2019appr\u00eatait \u00e0 devenir n\u2019a cependant pas&#8230;<\/p>\n","protected":false},"excerpt":{"rendered":"Pour lui, c\u2019est l\u2019\u00e9vidence m\u00eame. Une chanson a chang\u00e9 sa vie d\u2019auteur-compositeur. Sous le vent \u00e9voque un nouvel&hellip;\n","protected":false},"author":2,"featured_media":1170340,"comment_status":"","ping_status":"","sticky":false,"template":"","format":"standard","meta":{"footnotes":"","_share_on_mastodon":"0"},"categories":[2814],"tags":[5734,1111,11,121202,2511,6859,9260,6860,1777,674,1011,27,151,884,12,882,16,25,96],"class_list":["post-1170339","post","type-post","status-publish","format-standard","has-post-thumbnail","category-marseille","tag-5734","tag-actu","tag-actualites","tag-battante","tag-cest","tag-celine","tag-confidences","tag-dion","tag-eu","tag-europe","tag-fr","tag-france","tag-les","tag-marseille","tag-news","tag-provence-alpes-cote-dazur","tag-region","tag-republique-francaise","tag-une"],"share_on_mastodon":{"url":"https:\/\/pubeurope.com\/@fr\/117222644564294140","error":""},"_links":{"self":[{"href":"https:\/\/www.europesays.com\/fr\/wp-json\/wp\/v2\/posts\/1170339","targetHints":{"allow":["GET"]}}],"collection":[{"href":"https:\/\/www.europesays.com\/fr\/wp-json\/wp\/v2\/posts"}],"about":[{"href":"https:\/\/www.europesays.com\/fr\/wp-json\/wp\/v2\/types\/post"}],"author":[{"embeddable":true,"href":"https:\/\/www.europesays.com\/fr\/wp-json\/wp\/v2\/users\/2"}],"replies":[{"embeddable":true,"href":"https:\/\/www.europesays.com\/fr\/wp-json\/wp\/v2\/comments?post=1170339"}],"version-history":[{"count":0,"href":"https:\/\/www.europesays.com\/fr\/wp-json\/wp\/v2\/posts\/1170339\/revisions"}],"wp:featuredmedia":[{"embeddable":true,"href":"https:\/\/www.europesays.com\/fr\/wp-json\/wp\/v2\/media\/1170340"}],"wp:attachment":[{"href":"https:\/\/www.europesays.com\/fr\/wp-json\/wp\/v2\/media?parent=1170339"}],"wp:term":[{"taxonomy":"category","embeddable":true,"href":"https:\/\/www.europesays.com\/fr\/wp-json\/wp\/v2\/categories?post=1170339"},{"taxonomy":"post_tag","embeddable":true,"href":"https:\/\/www.europesays.com\/fr\/wp-json\/wp\/v2\/tags?post=1170339"}],"curies":[{"name":"wp","href":"https:\/\/api.w.org\/{rel}","templated":true}]}}