{"id":1170341,"date":"2026-09-06T06:20:24","date_gmt":"2026-09-06T06:20:24","guid":{"rendered":"https:\/\/www.europesays.com\/fr\/1170341\/"},"modified":"2026-09-06T06:20:24","modified_gmt":"2026-09-06T06:20:24","slug":"paris-fc-horaire-chaine-marseille-face-a-une-defense-parisienne-encore-inviolee","status":"publish","type":"post","link":"https:\/\/www.europesays.com\/fr\/1170341\/","title":{"rendered":"Paris FC : horaire, cha\u00eene\u2026 Marseille face \u00e0 une d\u00e9fense parisienne encore inviol\u00e9e"},"content":{"rendered":"<p>Apr\u00e8s deux journ\u00e9es, <a href=\"https:\/\/c3po.link\/Q7XEPgxXrR\" rel=\"sponsored nofollow noopener\" target=\"_blank\">les trajectoires se croisent d\u00e9j\u00e0<\/a>. L\u2019Olympique de Marseille a frapp\u00e9 fort pour ses d\u00e9buts avant de conna\u00eetre un premier coup d\u2019arr\u00eat. Le Paris FC, lui, a construit son d\u00e9but de saison sur une d\u00e9fense qui n\u2019a encore rien laiss\u00e9 passer.<\/p>\n<p>Dimanche, le V\u00e9lodrome doit permettre d\u2019y voir plus clair. L\u2019OM peut se rapprocher du haut du classement avant de retrouver l\u2019Europe, quand le club parisien a l\u2019occasion de confirmer un d\u00e9part bien sup\u00e9rieur aux attentes.<\/p>\n<p><a target=\"_self\" href=\"https:\/\/www.latribune.fr\/article\/l-instant-selection\/59176366943236\/psg-monaco-a-quelle-heure-et-sur-quelle-chaine-voir-le-choc-de-ligue-1\" rel=\"nofollow noopener\"><\/p>\n<p class=\"text-[12px] mb-[12px] font-bold ltd:leading-[16px]\">A LIRE AUSSI<\/p>\n<p class=\"text-[20px] ac:text-[18px] leading-[120%] ac:leading-[130%] text-lt-primary-dark ac:text-ac-primary font-slab font-bold ltd:font-semibold ltd:tracking-[-0.4px] ac:font-ac-slab ltd:font-ltd-slab\">PSG &#8211; Monaco : \u00e0 quelle heure et sur quelle cha\u00eene voir le choc de Ligue 1 ?<\/p>\n<p><\/a><\/p>\n<p><a href=\"https:\/\/c3po.link\/Q7XEPgxXrR\" rel=\"sponsored nofollow noopener\" target=\"_blank\">-&gt; REGARDER OM \u2013 PARIS FC EN DIRECT<\/a><\/p>\n<p><strong>Marseille veut effacer son premier accroc<\/strong>\n<\/p>\n<p>Le premier match avait envoy\u00e9 un signal tr\u00e8s positif. Cinqui\u00e8me du dernier Championnat et priv\u00e9 de Ligue des champions cette saison, l\u2019OM avait d\u00e9but\u00e9 par une large victoire contre Strasbourg (4-0).<\/p>\n<p>La confirmation n\u2019est pas venue \u00e0 Monaco. Confront\u00e9s \u00e0 un adversaire d\u2019un calibre sup\u00e9rieur, les joueurs de Bruno Genesio se sont inclin\u00e9s 2-0 sans parvenir \u00e0 marquer.<\/p>\n<p>Avec trois points en deux journ\u00e9es et une huiti\u00e8me place avant le d\u00e9but de cette troisi\u00e8me journ\u00e9e, Marseille reste \u00e9videmment dans les temps. Mais un <a href=\"https:\/\/c3po.link\/Q7XEPgxXrR\" rel=\"sponsored nofollow noopener\" target=\"_blank\">deuxi\u00e8me succ\u00e8s <\/a>permettrait de se replacer imm\u00e9diatement dans le premier tiers du classement.<\/p>\n<p>Le calendrier rend aussi ce rendez-vous important. Apr\u00e8s Paris FC, l\u2019OM se d\u00e9placera \u00e0 Rennes avant de lancer sa campagne de Ligue Europa sur le terrain du Besiktas.<\/p>\n<p><strong>Le Paris FC voyage avec une d\u00e9fense encore invaincue<\/strong>\n<\/p>\n<p>Le club parisien arrive pour sa part avec davantage de certitudes qu\u2019attendu.<\/p>\n<p>Apr\u00e8s avoir ramen\u00e9 un point de Troyes (0-0), le Paris FC a largement domin\u00e9 Nice lors de sa premi\u00e8re rencontre \u00e0 Jean-Bouin (3-0). Quatre points, trois buts inscrits et aucun encaiss\u00e9 : le bilan place provisoirement l\u2019\u00e9quipe de Liam Rosenior parmi les formations les mieux parties du Championnat.<\/p>\n<p>NewsletterMa Tribune<\/p>\n<p class=\"text-2xl mb-[16px]\">L\u2019actualit\u00e9 qui compte pour vous, chaque jour dans votre bo\u00eete mail.<\/p>\n<p>S&rsquo;inscrireS&rsquo;inscrireS&rsquo;inscrire<img alt=\"Illustration de la newsletter Ma Tribune\" loading=\"lazy\" decoding=\"async\" data-nimg=\"fill\" class=\"relative! rounded-xl\" style=\"position:absolute;height:100%;width:100%;left:0;top:0;right:0;bottom:0;object-fit:cover;color:transparent\"   src=\"https:\/\/www.europesays.com\/fr\/wp-content\/uploads\/2026\/04\/ma-tribune.png\"\/><\/p>\n<p>Ce d\u00e9but tranche avec une pr\u00e9paration durant laquelle le PFC n\u2019avait remport\u00e9 qu\u2019un seul match, pour deux nuls et deux d\u00e9faites.<\/p>\n<p>Le <a href=\"https:\/\/c3po.link\/Q7XEPgxXrR\" rel=\"sponsored nofollow noopener\" target=\"_blank\">d\u00e9placement au V\u00e9lodrome<\/a> constituera cependant son test le plus exigeant depuis la reprise. Pour un club revenu dans l\u2019\u00e9lite en 2025 et class\u00e9 11e la saison derni\u00e8re, r\u00e9sister \u00e0 Marseille permettrait de donner encore davantage de cr\u00e9dit \u00e0 ce d\u00e9but de saison.<\/p>\n<p><strong>OM &#8211; Paris FC : \u00e0 quelle heure et sur quelle cha\u00eene voir le match ?<\/strong>\n<\/p>\n<p>OM &#8211; Paris FC se joue dimanche 6 septembre 2026 \u00e0 20h45 au stade V\u00e9lodrome, en cl\u00f4ture de la troisi\u00e8me journ\u00e9e de Ligue 1 McDonald\u2019s. La rencontre sera propos\u00e9e en direct et en exclusivit\u00e9 sur <a href=\"https:\/\/c3po.link\/Q7XEPgxXrR\" rel=\"sponsored nofollow noopener\" target=\"_blank\">Ligue 1+<\/a>, qui diffuse l\u2019int\u00e9gralit\u00e9 des neuf rencontres de chaque journ\u00e9e de championnat.<\/p>\n<p><a href=\"https:\/\/c3po.link\/Q7XEPgxXrR\" rel=\"sponsored nofollow noopener\" target=\"_blank\">-&gt; VOIR LE MATCH EN DIRECT<\/a><\/p>\n<p><strong>OM &#8211; Paris FC : les compos probables<\/strong>\n<\/p>\n<p><strong>Olympique de Marseille :<\/strong> De Lange \u2013 T. Weah (cap.), Egan-Riley, Aguerd, Emerson \u2013 Abdelli, Hojbjerg \u2013 Harit, A. Gomes, Paixao \u2013 Gouiri.<\/p>\n<p><strong>Paris FC :<\/strong> Trapp \u2013 A. Camara, Chergui, D. Coppola, Otavio (ou H. Traor\u00e9) \u2013 M. Lopez, Lees-Melou (cap.) \u2013 Kebbal, Pagis, M. Simon (ou Zabi) \u2013 L. Sinayoko.<\/p>\n<p><a target=\"_self\" href=\"https:\/\/www.latribune.fr\/article\/l-instant-selection\/30098705273415\/14-99-e-pour-dazn-et-ligue-1-loffre-de-lancement-qui-secoue-le-marche\" rel=\"nofollow noopener\"><\/p>\n<p class=\"text-[12px] mb-[12px] font-bold ltd:leading-[16px]\">A LIRE AUSSI<\/p>\n<p class=\"text-[20px] ac:text-[18px] leading-[120%] ac:leading-[130%] text-lt-primary-dark ac:text-ac-primary font-slab font-bold ltd:font-semibold ltd:tracking-[-0.4px] ac:font-ac-slab ltd:font-ltd-slab\">14,99 \u20ac pour tout DAZN et Ligue 1+ : comment cette offre bouscule le march\u00e9 du streaming<\/p>\n<p><\/a><\/p>\n<p><strong>Ligue 1+ : dernier jour pour profiter de l\u2019offre de lancement<\/strong>\n<\/p>\n<p>La date de OM &#8211; Paris FC co\u00efncide avec la derni\u00e8re journ\u00e9e de disponibilit\u00e9 de <a href=\"https:\/\/c3po.link\/Q7XEPgxXrR\" rel=\"sponsored nofollow noopener\" target=\"_blank\">l\u2019offre de lancement Ligue 1+<\/a>.<\/p>\n<p>Jusqu\u2019au 6 septembre inclus, le Pass Ligue 1 est accessible \u00e0 14,99 euros par mois pendant trois mois, puis 19,99 euros par mois pendant les neuf mois suivants, avec un engagement d\u2019un an et deux connexions simultan\u00e9es.<\/p>\n<p>L\u2019offre standard est ensuite propos\u00e9e \u00e0 19,99 euros par mois avec engagement ou 24,99 euros par mois sans engagement. Une formule destin\u00e9e aux moins de 26 ans est \u00e9galement disponible \u00e0 11,99 euros par mois sans engagement.<\/p>\n<p><a href=\"https:\/\/c3po.link\/Q7XEPgxXrR\" rel=\"sponsored nofollow noopener\" target=\"_blank\">-&gt; PROFITER DE L\u2019OFFRE ICI<\/a><\/p>\n<p>L\u2019abonnement permet de suivre 100 % de la Ligue 1 McDonald\u2019s, ainsi que les autres contenus propos\u00e9s par Ligue 1+. Pour les personnes qui envisagent de s\u2019abonner cette saison, OM &#8211; Paris FC sera donc le dernier match disput\u00e9 avant la fin de la p\u00e9riode promotionnelle.<\/p>\n<p>\n  Ce contenu a \u00e9t\u00e9 r\u00e9alis\u00e9 par un expert de l\u2019\u00e9quipe shopping de La Tribune.<br \/>\n  L&rsquo;\u00e9quipe shopping est ind\u00e9pendante de la r\u00e9daction de latribune.fr.<br \/>\n  Les prix indiqu\u00e9s sont donn\u00e9s \u00e0 titre indicatif et sont susceptibles d\u2019\u00e9voluer.<br \/>\n  La Tribune est susceptible de percevoir une r\u00e9mun\u00e9ration lorsqu\u2019un de nos<br \/>\n  lecteurs proc\u00e8de \u00e0 un achat via les liens int\u00e9gr\u00e9s dans cet article.<\/p>\n","protected":false},"excerpt":{"rendered":"Apr\u00e8s deux journ\u00e9es, les trajectoires se croisent d\u00e9j\u00e0. L\u2019Olympique de Marseille a frapp\u00e9 fort pour ses d\u00e9buts avant&hellip;\n","protected":false},"author":2,"featured_media":1170342,"comment_status":"","ping_status":"","sticky":false,"template":"","format":"standard","meta":{"footnotes":"","_share_on_mastodon":"0"},"categories":[2814],"tags":[5734,1111,11,1777,674,1011,27,80734,884,12,149,882,25],"class_list":["post-1170341","post","type-post","status-publish","format-standard","has-post-thumbnail","category-marseille","tag-5734","tag-actu","tag-actualites","tag-eu","tag-europe","tag-fr","tag-france","tag-linstant-selection","tag-marseille","tag-news","tag-om","tag-provence-alpes-cote-dazur","tag-republique-francaise"],"share_on_mastodon":{"url":"https:\/\/pubeurope.com\/@fr\/117222654014067733","error":""},"_links":{"self":[{"href":"https:\/\/www.europesays.com\/fr\/wp-json\/wp\/v2\/posts\/1170341","targetHints":{"allow":["GET"]}}],"collection":[{"href":"https:\/\/www.europesays.com\/fr\/wp-json\/wp\/v2\/posts"}],"about":[{"href":"https:\/\/www.europesays.com\/fr\/wp-json\/wp\/v2\/types\/post"}],"author":[{"embeddable":true,"href":"https:\/\/www.europesays.com\/fr\/wp-json\/wp\/v2\/users\/2"}],"replies":[{"embeddable":true,"href":"https:\/\/www.europesays.com\/fr\/wp-json\/wp\/v2\/comments?post=1170341"}],"version-history":[{"count":0,"href":"https:\/\/www.europesays.com\/fr\/wp-json\/wp\/v2\/posts\/1170341\/revisions"}],"wp:featuredmedia":[{"embeddable":true,"href":"https:\/\/www.europesays.com\/fr\/wp-json\/wp\/v2\/media\/1170342"}],"wp:attachment":[{"href":"https:\/\/www.europesays.com\/fr\/wp-json\/wp\/v2\/media?parent=1170341"}],"wp:term":[{"taxonomy":"category","embeddable":true,"href":"https:\/\/www.europesays.com\/fr\/wp-json\/wp\/v2\/categories?post=1170341"},{"taxonomy":"post_tag","embeddable":true,"href":"https:\/\/www.europesays.com\/fr\/wp-json\/wp\/v2\/tags?post=1170341"}],"curies":[{"name":"wp","href":"https:\/\/api.w.org\/{rel}","templated":true}]}}