{"id":1170351,"date":"2026-09-06T06:28:26","date_gmt":"2026-09-06T06:28:26","guid":{"rendered":"https:\/\/www.europesays.com\/fr\/1170351\/"},"modified":"2026-09-06T06:28:26","modified_gmt":"2026-09-06T06:28:26","slug":"vitesse-excessive-un-pere-et-son-fils-meurent-dans-un-accident-impliquant-une-lamborghini-pres-de-paris","status":"publish","type":"post","link":"https:\/\/www.europesays.com\/fr\/1170351\/","title":{"rendered":"Vitesse excessive: Un p\u00e8re et son fils meurent dans un accident impliquant une Lamborghini pr\u00e8s de Paris"},"content":{"rendered":"<p>Deux hommes circulant \u00e0 bord d&rsquo;une Lamborghini sont d\u00e9c\u00e9d\u00e9s samedi matin apr\u00e8s que leur v\u00e9hicule a heurt\u00e9 une autre voiture sur l&rsquo;autoroute A3, en Seine-Seine-Denis, a indiqu\u00e9 \u00e0 l&rsquo;AFP le parquet de Bobigny, confirmant une information d&rsquo;Actu Paris.<\/p>\n<p>Publi\u00e9: 06.09.26 07:01, Actualis\u00e9: 06.09.26 07:40<\/p>\n<p>Les deux personnes \u00e9taient n\u00e9es en 1963 et 1999, a indiqu\u00e9 le parquet, qui a ouvert une enqu\u00eate. Selon plusieurs m\u00e9dias, il s&rsquo;agirait d&rsquo;un p\u00e8re et de son fils qui roulaient ensemble.<\/p>\n<p>Quatre autres personnes, pr\u00e9sentes dans le second v\u00e9hicule, ont \u00e9t\u00e9 l\u00e9g\u00e8rement bless\u00e9es dans l&rsquo;accident, qui a n\u00e9cessit\u00e9 la fermeture d&rsquo;une portion de l&rsquo;autoroute pendant environ quatre heures, a indiqu\u00e9 \u00e0 l&rsquo;AFP une source polici\u00e8re.<\/p>\n<p>Sur les r\u00e9seaux sociaux, plusieurs vid\u00e9os montraient le v\u00e9hicule coup\u00e9 en deux par la glissi\u00e8re de s\u00e9curit\u00e9, en flammes et d\u00e9gageant une importante fum\u00e9e noire.<\/p>\n<p>Selon le parquet, la Lamborghini roulait \u00ab\u00a0au-dessus\u00a0\u00bb de la vitesse autoris\u00e9e.<\/p>\n","protected":false},"excerpt":{"rendered":"Deux hommes circulant \u00e0 bord d&rsquo;une Lamborghini sont d\u00e9c\u00e9d\u00e9s samedi matin apr\u00e8s que leur v\u00e9hicule a heurt\u00e9 une&hellip;\n","protected":false},"author":2,"featured_media":1170352,"comment_status":"","ping_status":"","sticky":false,"template":"","format":"standard","meta":{"footnotes":"","_share_on_mastodon":"0"},"categories":[1888],"tags":[1111,1928,11,1927,1777,674,1011,27,12,1926,626,1925,25],"class_list":["post-1170351","post","type-post","status-publish","format-standard","has-post-thumbnail","category-paris","tag-actu","tag-actu-paris","tag-actualites","tag-actualites-paris","tag-eu","tag-europe","tag-fr","tag-france","tag-news","tag-news-paris","tag-paris","tag-paris-news","tag-republique-francaise"],"share_on_mastodon":{"url":"https:\/\/pubeurope.com\/@fr\/117222683946358436","error":""},"_links":{"self":[{"href":"https:\/\/www.europesays.com\/fr\/wp-json\/wp\/v2\/posts\/1170351","targetHints":{"allow":["GET"]}}],"collection":[{"href":"https:\/\/www.europesays.com\/fr\/wp-json\/wp\/v2\/posts"}],"about":[{"href":"https:\/\/www.europesays.com\/fr\/wp-json\/wp\/v2\/types\/post"}],"author":[{"embeddable":true,"href":"https:\/\/www.europesays.com\/fr\/wp-json\/wp\/v2\/users\/2"}],"replies":[{"embeddable":true,"href":"https:\/\/www.europesays.com\/fr\/wp-json\/wp\/v2\/comments?post=1170351"}],"version-history":[{"count":0,"href":"https:\/\/www.europesays.com\/fr\/wp-json\/wp\/v2\/posts\/1170351\/revisions"}],"wp:featuredmedia":[{"embeddable":true,"href":"https:\/\/www.europesays.com\/fr\/wp-json\/wp\/v2\/media\/1170352"}],"wp:attachment":[{"href":"https:\/\/www.europesays.com\/fr\/wp-json\/wp\/v2\/media?parent=1170351"}],"wp:term":[{"taxonomy":"category","embeddable":true,"href":"https:\/\/www.europesays.com\/fr\/wp-json\/wp\/v2\/categories?post=1170351"},{"taxonomy":"post_tag","embeddable":true,"href":"https:\/\/www.europesays.com\/fr\/wp-json\/wp\/v2\/tags?post=1170351"}],"curies":[{"name":"wp","href":"https:\/\/api.w.org\/{rel}","templated":true}]}}