{"id":1170375,"date":"2026-09-06T06:47:19","date_gmt":"2026-09-06T06:47:19","guid":{"rendered":"https:\/\/www.europesays.com\/fr\/1170375\/"},"modified":"2026-09-06T06:47:19","modified_gmt":"2026-09-06T06:47:19","slug":"recit-dix-coups-de-feu-portes-en-moins-de-48-secondes-la-nuit-ou-lex-rugbyman-federico-martin-aramburu-a-ete-abattu-a-paris-franceinfo","status":"publish","type":"post","link":"https:\/\/www.europesays.com\/fr\/1170375\/","title":{"rendered":"RECIT. Dix coups de feu port\u00e9s en moins de 48\u00a0secondes\u00a0: la nuit o\u00f9 l&rsquo;ex-rugbyman Federico Martin Aramburu a \u00e9t\u00e9 abattu \u00e0 Paris \u2013 franceinfo"},"content":{"rendered":"<p>\n  Quatre personnes sont jug\u00e9es du 7 au 25 septembre \u00e0 Paris apr\u00e8s la mort de l&rsquo;ancien international argentin. Il y a quatre ans et demi, il a \u00e9t\u00e9 tu\u00e9 apr\u00e8s une soir\u00e9e marqu\u00e9e par une bagarre, des tirs et une traque dans le quartier de Saint-Germain-des-Pr\u00e9s.\n<\/p>\n<p>La fin de soir\u00e9e approche au Mabillon, bar tendance du VIe arrondissement de Paris. Le tintement des verres se m\u00eale aux \u00e9clats de voix. L&rsquo;\u00e9tablissement s&rsquo;appr\u00eate \u00e0 fermer, le 19\u00a0mars 2022. Deux groupes que tout oppose mais dont un visage n&rsquo;est pas inconnu du grand public sont attabl\u00e9s<strong> <\/strong>\u00e0 quelques m\u00e8tres l&rsquo;un de l&rsquo;autre. D&rsquo;un c\u00f4t\u00e9, Romain Bouvier, 31\u00a0ans, et <a href=\"https:\/\/www.franceinfo.fr\/faits-divers\/qui-est-loik-le-priol-principal-suspect-de-l-assassinat-du-rugbyman-federico-martin-aramburu_5039276.html\" target=\"_self\" rel=\"noopener noreferrer nofollow\" data-tooltip-url=\"https:\/\/www.franceinfo.fr\/faits-divers\/qui-est-loik-le-priol-principal-suspect-de-l-assassinat-du-rugbyman-federico-martin-aramburu_5039276.html\">Lo\u00efk le Priol<\/a>, 27\u00a0ans, deux membres de l&rsquo;ultradroite, sympathisants du <a href=\"https:\/\/www.franceinfo.fr\/politique\/gouvernement-de-gabriel-attal\/le-gouvernement-a-dissous-le-syndicat-etudiant-gud-et-trois-autres-groupes-d-extreme-droite_6627165.html\" target=\"_self\" rel=\"noopener noreferrer nofollow\" data-tooltip-url=\"https:\/\/www.franceinfo.fr\/politique\/gouvernement-de-gabriel-attal\/le-gouvernement-a-dissous-le-syndicat-etudiant-gud-et-trois-autres-groupes-d-extreme-droite_6627165.html\">GUD (Groupe union d\u00e9fense)<\/a>, dissous en juin 2024. De l&rsquo;autre, l&rsquo;Argentin Federico Martin Aramburu, 42\u00a0ans, ex-rugbyman international, et son ancien co\u00e9quipier \u00e2g\u00e9 de 38\u00a0ans, <a href=\"https:\/\/www.franceinfo.fr\/faits-divers\/assassinat-du-rugbyman-federico-martin-aramburu\/mort-du-rugbyman-federico-martin-aramburu-je-participerai-a-chaque-seconde-de-ce-proces-affirme-son-ami-shaun-hegarty_7138809.html\" target=\"_self\" rel=\"noopener noreferrer nofollow\" data-tooltip-url=\"https:\/\/www.franceinfo.fr\/faits-divers\/assassinat-du-rugbyman-federico-martin-aramburu\/mort-du-rugbyman-federico-martin-aramburu-je-participerai-a-chaque-seconde-de-ce-proces-affirme-son-ami-shaun-hegarty_7138809.html\">Shaun Hegarty<\/a>. Une rixe \u00e9clate sur la terrasse du boulevard Saint-Germain, art\u00e8re hupp\u00e9e de la capitale. S&rsquo;ensuivent une course-poursuite, deux sc\u00e8nes de tirs, dix d\u00e9tonations et un mort\u00a0: le double champion de France de rugby en 2005 et 2006, Federico Martin Aramburu.<\/p>\n<p>La cour d&rsquo;assises de Paris ouvre ses portes lundi 7\u00a0septembre pour juger Lo\u00efk Le Priol pour assassinat. Il plaide la l\u00e9gitime d\u00e9fense. Son ami Romain Bouvier, justifiant des tirs \u00ab\u00a0dissuasifs vers le sol\u00a0\u00bb \u2013 une version contest\u00e9e par la vid\u00e9osurveillance \u2013, est lui jug\u00e9 pour complicit\u00e9 de tentative d&rsquo;assassinat. La compagne du premier, Lyson R., et l&rsquo;ami du second, Anthony S., sont \u00e9galement convoqu\u00e9s sur le banc des accus\u00e9s. La jeune femme, pr\u00e9sente le soir des faits et alors \u00e2g\u00e9e de 24\u00a0ans, compara\u00eet pour complicit\u00e9 d&rsquo;assassinat. L&rsquo;ami de Romain Bouvier, 37\u00a0ans, est pour sa part mis en cause pour recel de malfaiteur et soustraction d&rsquo;objet en vue de faire obstacle \u00e0 la manifestation de la v\u00e9rit\u00e9. Franceinfo revient sur le d\u00e9roul\u00e9 de cette nuit au cours de laquelle l&rsquo;ancien champion a brutalement succomb\u00e9.<\/p>\n<p>Il est 4h40 lorsque les deux militants d&rsquo;ultradroite s&rsquo;installent au Mabillon, rapporte l&rsquo;ordonnance de mise en accusation consult\u00e9e par franceinfo. Lo\u00efk Le Priol,\u00a0bient\u00f4t rejoint par sa compagne Lyson R.,\u00a0fr\u00e9quente r\u00e9guli\u00e8rement ce caf\u00e9. Pr\u00e8s de quarante minutes plus tard, les deux rugbymen, qui ont d\u00e9j\u00e0 bu \u00ab\u00a0une dizaine de verres\u00a0\u00bb, s&rsquo;installent \u00e0 leur tour sur la terrasse. Ils ont pr\u00e9vu d&rsquo;assister le soir m\u00eame au match France-Angleterre du tournoi des Six nations.<strong> <\/strong>L&rsquo;ambiance est festive, les bi\u00e8res s&rsquo;encha\u00eenent et les cigarettes se consument.<\/p>\n<p>L&rsquo;horloge affiche 5h52 lorsque Lo\u00efk Le Priol, ancien militaire radi\u00e9 de l&rsquo;arm\u00e9e, tapote s\u00e8chement \u00e0 plusieurs reprises sur la joue de Shaun Hegarty, n\u00e9cessitant l&rsquo;intervention du vigile du bar. Selon le t\u00e9moignage de l&rsquo;int\u00e9ress\u00e9, le militant d&rsquo;ultradroite vient d&rsquo;\u00eatre interpell\u00e9 par le joueur de rugby. Ce dernier lui reproche de s&rsquo;\u00eatre adress\u00e9 \u00ab\u00a0de mani\u00e8re condescendante \u00e0 un voisin\u00a0\u00bb, assis \u00e0 une autre table. \u00ab\u00a0Ce n&rsquo;est pas comme \u00e7a qu&rsquo;on traite quelqu&rsquo;un\u00a0\u00bb, intime alors Shaun Hegarty, d&rsquo;apr\u00e8s un client t\u00e9moin de la sc\u00e8ne. \u00ab\u00a0Toi tu vas fermer ta gueule, lui r\u00e9torque Lo\u00efk Le Priol. Sinon je vais te fumer et j&rsquo;irai baiser ta m\u00e8re.\u00a0\u00bb<\/p>\n<p>Ce soir-l\u00e0, les deux sympathisants du GUD, rencontr\u00e9s sur les bancs de l&rsquo;universit\u00e9 Assas, commettent une violation de leur contr\u00f4le judiciaire. En cause\u00a0: une <a href=\"https:\/\/www.franceinfo.fr\/faits-divers\/assassinat-du-rugbyman-federico-martin-aramburu\/le-militant-d-ultradroite-loik-le-priol-condamne-a-deux-ans-de-prison-ferme-pour-un-passage-a-tabac-en-2015_5226961.html\" target=\"_self\" rel=\"noopener noreferrer nofollow\" data-tooltip-url=\"https:\/\/www.franceinfo.fr\/faits-divers\/assassinat-du-rugbyman-federico-martin-aramburu\/le-militant-d-ultradroite-loik-le-priol-condamne-a-deux-ans-de-prison-ferme-pour-un-passage-a-tabac-en-2015_5226961.html\">affaire de violences en r\u00e9union commises au pr\u00e9judice d&rsquo;Edouard Klein<\/a>, un ancien chef du GUD. Tandis que Lo\u00efk Le Priol n&rsquo;est pas autoris\u00e9 \u00e0 se rendre en Ile-de-France, les deux amis ont interdiction d&rsquo;entrer en contact et de porter une arme. Pourtant, les cam\u00e9ras de surveillance laissent entrevoir Lo\u00efk Le Priol manipuler une arme attach\u00e9e \u00e0 sa ceinture au cours de la soir\u00e9e, dans les escaliers du bar menant aux toilettes<strong>.<\/strong><\/p>\n<p>Apr\u00e8s les menaces de Lo\u00efk Le Priol, les deux hommes rejoignent leur table respective. Les minutes filent dans une certaine accalmie. A 6\u00a0heures, Federico Martin Aramburu et Shaun Hegarty s&rsquo;appr\u00eatent \u00e0 quitter le bar. Mais l&rsquo;ancien champion de France avec Biarritz, reconverti en g\u00e9rant d&rsquo;une agence de voyages, saisit soudainement la capuche du militant d&rsquo;ultradroite, provoquant sa chute. Un affront pour Lo\u00efk Le Priol qui r\u00e9agit imm\u00e9diatement. En une fraction de seconde, les deux hommes s&rsquo;ass\u00e8nent des coups, rapidement rejoints par Shaun Hegarty et Romain Bouvier. La rixe se termine de l&rsquo;autre c\u00f4t\u00e9 de la rue de Buci, situ\u00e9e \u00e0 l&rsquo;angle du boulevard Saint-Germain, devant un kiosque de journaux.<\/p>\n<p>S\u00e9par\u00e9s par le personnel du bar, les deux rugbymen s&rsquo;\u00e9loignent du Mabillon, \u00e0 pied. \u00ab\u00a0Je vais le tuer\u00a0\u00bb, conspue Lo\u00efk Le Priol, la main sur le c\u0153ur alors qu&rsquo;il est retenu par l&rsquo;agent de s\u00e9curit\u00e9 du bar. \u00ab\u00a0Mais tu vas tuer qui, toi\u00a0?\u00a0\u00bb, objecte l&rsquo;un des serveurs, sans prendre au s\u00e9rieux cette menace. Lo\u00efk Le Priol, dont un couteau est tatou\u00e9 sur l&rsquo;avant-bras, r\u00e9v\u00e8le un brassard sigl\u00e9 \u00ab\u00a0Police\u00a0\u00bb devant l&rsquo;agent de s\u00e9curit\u00e9. Il exhibe \u00e9galement un r\u00e9volver, dont le chargement avait \u00e9t\u00e9 v\u00e9rifi\u00e9 dans les sanitaires du caf\u00e9. Ce sont \u00ab\u00a0des baqueux<strong> <\/strong>[policiers membres de la brigade anticriminalit\u00e9]\u00a0\u00bb, avance alors le vigile aupr\u00e8s de ses coll\u00e8gues.<\/p>\n<p>\u00ab\u00a0Pourquoi vous les avez laiss\u00e9s partir\u00a0? On voulait les niquer\u00a0!\u00a0\u00bb, crie Romain Bouvier, furieux. Pour calmer la tension, des salari\u00e9s du bar tentent de leur faire croire que les deux ex-rugbymen ont quitt\u00e9 les lieux en taxi. Mais Lo\u00efk Le Priol n&rsquo;en d\u00e9mord pas. Il s&rsquo;extirpe \u00e0 toute vitesse en direction du boulevard Saint-Germain. Sans le savoir, il d\u00e9passe les deux sportifs, retranch\u00e9s dans un h\u00f4tel pour r\u00e9clamer des gla\u00e7ons. Au m\u00eame moment, une Jeep verte s&rsquo;approche du Mabillon. Au volant de la voiture appartenant \u00e0 l&rsquo;ancien militaire\u00a0: Lyson R., la compagne de Lo\u00efk Le Priol, aussit\u00f4t rejointe par Romain Bouvier. \u00ab\u00a0On va les retrouver.\u00a0\u00bb Il est 6h07.<\/p>\n<p>Quelques centaines de m\u00e8tres plus loin, les deux individus v\u00e9hicul\u00e9s rattrapent les deux rugbymen au pied d&rsquo;un magasin de chaussures. Lyson R. tente vainement d&rsquo;interposer le v\u00e9hicule entre Romain Bouvier et Federico Martin Aramburu. Mais l&rsquo;ex-international des Pumas se dirige vers le militant n\u00e9onazi, qui pointe son arme \u00e0 l&rsquo;horizontale. L&rsquo;ex-joueur biarrot l\u00e8ve les bras. Une premi\u00e8re d\u00e9tonation retentit, suivie de trois autres. Deux balles, non mortelles, l&rsquo;atteignent. Il est 6h08. Romain Bouvier s&rsquo;enfuit \u00e0 pied quand Lyson R. s&rsquo;engage seule dans la direction oppos\u00e9e, rue de la Seine.<\/p>\n<p>Averti par les coups de feu, Lo\u00efk Le Priol rebrousse chemin en courant et surgit devant l&rsquo;enseigne de chaussures. Nouvelle bagarre. Violente. Sous une gr\u00eale de coups, il sort \u00e0 son tour son r\u00e9volver. Six coups de feu sont port\u00e9s en quatre secondes. Il est 6h09. Le militant de 31 ans s&rsquo;enfuit, lui aussi, \u00e0 pied. Deux des balles tir\u00e9es dans le dos de Federico Martin Aramburu, atteignent son poumon gauche et son rein droit. Deux balles mortelles. Shaun Hegarty, \u00e0 l&rsquo;\u00e9cart de cette salve de coups de feu, rejoint son ami. L&rsquo;Argentin succombe \u00e0 ses blessures dans ses bras, \u00e0 l&rsquo;\u00e2ge de 42 ans.<\/p>\n<p>    <img decoding=\"async\" class=\"cms-media-image lazyload\" alt=\"Federico Martin Aramburu marque lors du match pour la troisi\u00e8me place de la Coupe du monde de rugby \u00e0 XV entre la France et l'Argentine, le 19\u00a0octobre\u00a02007, au Parc des Princes, \u00e0 Paris. (PAUL ELLIS \/ AFP)\" width=\"750\" height=\"421.875\" data- src=\"https:\/\/www.europesays.com\/fr\/wp-content\/uploads\/2026\/09\/6a8ef6321dded203398550.jpg\"\/><\/p>\n<p>      Federico Martin Aramburu marque lors du match pour la troisi\u00e8me place de la Coupe du monde de rugby \u00e0 XV entre la France et l&rsquo;Argentine, le 19\u00a0octobre\u00a02007, au Parc des Princes, \u00e0 Paris. (PAUL ELLIS \/ AFP)<\/p>\n<p>Apr\u00e8s s&rsquo;\u00eatre \u00e0 nouveau rendue au Mabillon pour d\u00e9placer son propre v\u00e9hicule, Lyson R. <strong>conduit <\/strong>son compagnon depuis le Pont des Invalides jusqu&rsquo;\u00e0 la rue du Pr\u00e9sident Wilson, dans le 16e arrondissement. \u00ab\u00a0Je vais partir (&#8230;) il s&rsquo;est pass\u00e9 quelque chose de grave\u00a0\u00bb, lui confie Lo\u00efk Le Priol. La jeune femme de 24 ans est interpell\u00e9e le jour m\u00eame. La justice lui reproche aujourd&rsquo;hui d&rsquo;avoir dissimul\u00e9 le t\u00e9l\u00e9phone et la jeep de son compagnon dans un parking sous-terrain de la capitale.<\/p>\n<p>Les deux militants d&rsquo;ultradroite parviennent pour leur part \u00e0 quitter Paris. Romain Bouvier est finalement arr\u00eat\u00e9 quelques jours plus tard, dans la Sarthe. Anthony S., qui l&rsquo;y avait conduit, s&rsquo;est d\u00e9barrass\u00e9 de la housse contenant les v\u00eatements de son ami dans une poubelle \u00e0 Trappes (Yvelines) et de l&rsquo;arme \u00e0 feu d\u00e9mont\u00e9e dans le bassin de la Courance, \u00e0 Maurepas (Cher). Lo\u00efk Le Priol,\u00a0est arr\u00eat\u00e9 en Hongrie dans la nuit du 22 au 23 mars 2022. Il s&rsquo;appr\u00eatait \u00e0 se rendre en Ukraine. Rapatri\u00e9 en France le 31 mars 2022, en ex\u00e9cution du mandat d&rsquo;arr\u00eat europ\u00e9en \u00e9mis par les autorit\u00e9s fran\u00e7aises, il est <a href=\"https:\/\/www.franceinfo.fr\/faits-divers\/assassinat-du-rugbyman-federico-martin-aramburu\/mort-de-federico-martin-aramburu-le-principal-suspect-loik-le-priol-a-ete-mis-en-examen-pour-assassinat-et-place-en-detention-provisoire_5058007.html\" target=\"_self\" rel=\"noopener noreferrer nofollow\" data-tooltip-url=\"https:\/\/www.franceinfo.fr\/faits-divers\/assassinat-du-rugbyman-federico-martin-aramburu\/mort-de-federico-martin-aramburu-le-principal-suspect-loik-le-priol-a-ete-mis-en-examen-pour-assassinat-et-place-en-detention-provisoire_5058007.html\">mis en examen le 1er avril 2022<\/a>., quatre ans avant l&rsquo;ouverture de son proc\u00e8s.<\/p>\n","protected":false},"excerpt":{"rendered":"Quatre personnes sont jug\u00e9es du 7 au 25 septembre \u00e0 Paris apr\u00e8s la mort de l&rsquo;ancien international argentin.&hellip;\n","protected":false},"author":2,"featured_media":1170376,"comment_status":"","ping_status":"","sticky":false,"template":"","format":"standard","meta":{"footnotes":"","_share_on_mastodon":"0"},"categories":[1416],"tags":[1011,27,479,1468,60],"class_list":["post-1170375","post","type-post","status-publish","format-standard","has-post-thumbnail","category-rugby","tag-fr","tag-france","tag-rugby","tag-rugby-football","tag-sports"],"share_on_mastodon":{"url":"https:\/\/pubeurope.com\/@fr\/117222760187186720","error":""},"_links":{"self":[{"href":"https:\/\/www.europesays.com\/fr\/wp-json\/wp\/v2\/posts\/1170375","targetHints":{"allow":["GET"]}}],"collection":[{"href":"https:\/\/www.europesays.com\/fr\/wp-json\/wp\/v2\/posts"}],"about":[{"href":"https:\/\/www.europesays.com\/fr\/wp-json\/wp\/v2\/types\/post"}],"author":[{"embeddable":true,"href":"https:\/\/www.europesays.com\/fr\/wp-json\/wp\/v2\/users\/2"}],"replies":[{"embeddable":true,"href":"https:\/\/www.europesays.com\/fr\/wp-json\/wp\/v2\/comments?post=1170375"}],"version-history":[{"count":0,"href":"https:\/\/www.europesays.com\/fr\/wp-json\/wp\/v2\/posts\/1170375\/revisions"}],"wp:featuredmedia":[{"embeddable":true,"href":"https:\/\/www.europesays.com\/fr\/wp-json\/wp\/v2\/media\/1170376"}],"wp:attachment":[{"href":"https:\/\/www.europesays.com\/fr\/wp-json\/wp\/v2\/media?parent=1170375"}],"wp:term":[{"taxonomy":"category","embeddable":true,"href":"https:\/\/www.europesays.com\/fr\/wp-json\/wp\/v2\/categories?post=1170375"},{"taxonomy":"post_tag","embeddable":true,"href":"https:\/\/www.europesays.com\/fr\/wp-json\/wp\/v2\/tags?post=1170375"}],"curies":[{"name":"wp","href":"https:\/\/api.w.org\/{rel}","templated":true}]}}