{"id":1170378,"date":"2026-09-06T06:52:17","date_gmt":"2026-09-06T06:52:17","guid":{"rendered":"https:\/\/www.europesays.com\/fr\/1170378\/"},"modified":"2026-09-06T06:52:17","modified_gmt":"2026-09-06T06:52:17","slug":"deux-ans-de-plus-pour-victor-campenaerts-actualite","status":"publish","type":"post","link":"https:\/\/www.europesays.com\/fr\/1170378\/","title":{"rendered":"Deux ans de plus pour Victor Campenaerts &#8211; Actualit\u00e9"},"content":{"rendered":"<p>Victor Campenaerts joue la stabilit\u00e9. Le Belge s&rsquo;est engag\u00e9 pour deux saisons suppl\u00e9mentaires avec la <strong><a href=\"https:\/\/www.directvelo.com\/equipe\/2358\/visma-lease-a-bike\" target=\"_blank\" rel=\"noopener nofollow\">Visma-Lease a Bike<\/a><\/strong> et le voil\u00e0 li\u00e9 jusqu&rsquo;\u00e0 fin 2028. Membre de la structure en 2016 et 2017, il y avait fait son retour en 2025.<\/p>\n<p>Cette saison, le coureur de 34 ans a termin\u00e9 17e de Paris-Nice apr\u00e8s avoir pris la 13e position \u00e0 Nice le dernier jour. Il a particip\u00e9 au Tour d&rsquo;Italie victorieux de son leader Jonas Vingegaard et \u00e9tait \u00e9galement pr\u00e9sent sur les routes du Tour de France, <strong><a href=\"https:\/\/www.directvelo.com\/actualite\/130518\/le-tour-de-france-de-jonas-vingegaard-est-termine\" target=\"_blank\" rel=\"noopener nofollow\">quitt\u00e9 pr\u00e9cipitamment par le Danois apr\u00e8s une chute au pied de la mont\u00e9e du Plateau de Solaison<\/a><\/strong>. <\/p>\n<p>Le dernier succ\u00e8s de <strong><a href=\"https:\/\/www.directvelo.com\/coureur\/5489\/victor-campenaerts\" target=\"_blank\" rel=\"noopener nofollow\">Victor Campenaerts<\/a><\/strong> remonte \u00e0 juillet 2024, lors de l&rsquo;\u00e9tape de Barcelonnette sur le Tour de France. Il avait devanc\u00e9 au sprint Matteo Vercher et Michal Kwiatkowski.\u00a0<\/p>\n","protected":false},"excerpt":{"rendered":"Victor Campenaerts joue la stabilit\u00e9. Le Belge s&rsquo;est engag\u00e9 pour deux saisons suppl\u00e9mentaires avec la Visma-Lease a Bike&hellip;\n","protected":false},"author":2,"featured_media":1170379,"comment_status":"","ping_status":"","sticky":false,"template":"","format":"standard","meta":{"footnotes":"","_share_on_mastodon":"0"},"categories":[1411],"tags":[834,828,836,829,837,827,83,826,824,823,1154,207,814,817,815,816,822,821,832,211,839,1011,27,820,818,819,835,831,830,833,838,60,212,208,825],"class_list":["post-1170378","post","type-post","status-publish","format-standard","has-post-thumbnail","category-cyclisme","tag-attaque","tag-belgique","tag-braquet","tag-bretagne","tag-chute","tag-competition","tag-coupe-de-france","tag-coureur","tag-course-cyclisme","tag-course-cycliste","tag-cycling","tag-cyclisme","tag-direct","tag-direct-velo","tag-directvelo","tag-directvelo-com","tag-epreuve","tag-epreuve-cycliste","tag-federation-francaise-de-cyclisme","tag-ffc","tag-flandres","tag-fr","tag-france","tag-live","tag-live-course","tag-live-epreuve","tag-peloton","tag-radio-peloton","tag-radio-tour","tag-ravitaillement","tag-relance","tag-sports","tag-uci","tag-velo","tag-velos"],"share_on_mastodon":{"url":"https:\/\/pubeurope.com\/@fr\/117222778351004977","error":""},"_links":{"self":[{"href":"https:\/\/www.europesays.com\/fr\/wp-json\/wp\/v2\/posts\/1170378","targetHints":{"allow":["GET"]}}],"collection":[{"href":"https:\/\/www.europesays.com\/fr\/wp-json\/wp\/v2\/posts"}],"about":[{"href":"https:\/\/www.europesays.com\/fr\/wp-json\/wp\/v2\/types\/post"}],"author":[{"embeddable":true,"href":"https:\/\/www.europesays.com\/fr\/wp-json\/wp\/v2\/users\/2"}],"replies":[{"embeddable":true,"href":"https:\/\/www.europesays.com\/fr\/wp-json\/wp\/v2\/comments?post=1170378"}],"version-history":[{"count":0,"href":"https:\/\/www.europesays.com\/fr\/wp-json\/wp\/v2\/posts\/1170378\/revisions"}],"wp:featuredmedia":[{"embeddable":true,"href":"https:\/\/www.europesays.com\/fr\/wp-json\/wp\/v2\/media\/1170379"}],"wp:attachment":[{"href":"https:\/\/www.europesays.com\/fr\/wp-json\/wp\/v2\/media?parent=1170378"}],"wp:term":[{"taxonomy":"category","embeddable":true,"href":"https:\/\/www.europesays.com\/fr\/wp-json\/wp\/v2\/categories?post=1170378"},{"taxonomy":"post_tag","embeddable":true,"href":"https:\/\/www.europesays.com\/fr\/wp-json\/wp\/v2\/tags?post=1170378"}],"curies":[{"name":"wp","href":"https:\/\/api.w.org\/{rel}","templated":true}]}}