{"id":11704,"date":"2025-04-09T03:31:43","date_gmt":"2025-04-09T03:31:43","guid":{"rendered":"https:\/\/www.europesays.com\/fr\/11704\/"},"modified":"2025-04-09T03:31:43","modified_gmt":"2025-04-09T03:31:43","slug":"la-reforme-de-la-loi-plm-debattue-a-lassemblee-ce-lundi-7-avril","status":"publish","type":"post","link":"https:\/\/www.europesays.com\/fr\/11704\/","title":{"rendered":"la r\u00e9forme de la loi PLM d\u00e9battue \u00e0 l\u2019Assembl\u00e9e ce lundi 7\u00a0avril"},"content":{"rendered":"<p>La r\u00e9forme de la loi PLM, qui r\u00e9git le mode de scrutin des municipales \u00e0 Paris, Marseille et Lyon, arrive en s\u00e9ance publique de l\u2019Assembl\u00e9e nationale en fin d\u2019apr\u00e8s-midi ce lundi 7\u00a0avril. <a href=\"https:\/\/www.laprovence.com\/article\/politique\/1814518172341415\/municipales-a-marseille-la-reforme-du-mode-de-scrutin-passe-la-premiere-etape-a-lassemblee\" target=\"_blank\" rel=\"noopener\">D\u00e9j\u00e0 adopt\u00e9 par la commission des lois<\/a> mercredi 2\u00a0avril, le texte pr\u00e9voit d\u2019en finir avec le syst\u00e8me des secteurs ou arrondissements pour \u00e9lire le conseil municipal et, in fine, le maire de chacune des trois plus grandes communes de France.<\/p>\n<p>Deux bulletins, deux urnes<\/p>\n<p>La mouture qui arrive dans l\u2019h\u00e9micycle pr\u00e9voit l\u2019instauration d\u2019un vote avec deux urnes\u00a0: l\u2019une pour \u00e9lire les membres du conseil municipal, l\u2019autre pour les conseillers d\u2019arrondissements (\u00e0 Paris et Lyon) et de secteurs (\u00e0 Marseille). Un amendement transpartisan \u00e9tudi\u00e9 ce lundi propose de mettre en place un bulletin unique pr\u00e9sentant chacune des deux listes (commune et arrondissements) face \u00e0 face.<\/p>\n<p>Le texte rapport\u00e9 par Jean-Paul Mattei (Modem) &#8211; un proche du Premier ministre Fran\u00e7ois Bayrou qui avait remis la r\u00e9forme sur la table d\u00e9but f\u00e9vrier &#8211; a \u00e9t\u00e9 soutenu par les d\u00e9put\u00e9s Renaissance, mais aussi RN et LFI. LR s\u2019y est oppos\u00e9, qualifiant cette modification de \u00ab\u00a0tripatouillage\u00a0\u00bb. Au PS, les \u00e9lus parisiens, dont le candidat \u00e0 la mairie de Paris Emmanuel Gr\u00e9goire en t\u00eate, ont vitup\u00e9r\u00e9 contre \u00ab\u00a0un scandale\u00a0\u00bb et une \u00ab\u00a0usine \u00e0 gaz\u00a0\u00bb. Le d\u00e9put\u00e9 PS marseillais Laurent Lhardit, en revanche, y est favorable, <a href=\"https:\/\/www.laprovence.com\/article\/politique\/1653736410442115\/le-maire-de-marseille-entame-sa-tournee-parisienne\" target=\"_blank\" rel=\"noopener\">\u00e0 l\u2019instar du maire (DVG) Beno\u00eet Payan<\/a>.<\/p>\n<p>Une \u00ab\u00a0absurdit\u00e9 politique\u00a0\u00bb pour Renaud Muselier<\/p>\n<p>Ce dimanche 6\u00a0avril, Renaud Muselier (Renaissance), s\u2019est une nouvelle fois \u00e9lev\u00e9 contre ce projet de r\u00e9forme. Le pr\u00e9sident de la R\u00e9gion Paca a critiqu\u00e9 une \u00ab\u00a0absurdit\u00e9 politique, technique et financi\u00e8re\u00a0\u00bb <a href=\"https:\/\/www.latribune.fr\/la-tribune-dimanche\/opinions\/opinion-plm-l-absurdite-d-une-reforme-par-renaud-muselier-president-de-la-region-provence-alpes-cote-d-azur-1022234.html\" target=\"_blank\" rel=\"noopener\">dans une tribune publi\u00e9e dans La Tribune Dimanche<\/a>. Une prise de position qui illustre la fracture sur le dossier entre les Marseillais du parti pr\u00e9sidentiel et ses \u00e9lus de la capitale, les d\u00e9put\u00e9s Sylvain Maillard et David Amiel, qui ont d\u00e9pos\u00e9 la proposition de loi.<\/p>\n<p>Le 18\u00a0mars, la maire (PS) de Paris avait accus\u00e9 Fran\u00e7ois Bayrou d\u2019avoir pass\u00e9 <a href=\"https:\/\/www.laprovence.com\/article\/region\/1505347775808414\/marseille-desaccord-sur-la-loi-plm-entre-renaud-muselier-et-rachida-dati\" target=\"_blank\" rel=\"noopener\">un \u00ab\u00a0deal\u00a0\u00bb avec Rachida Dati (LR)<\/a>, pour favoriser l\u2019\u00e9lection de la ministre de la Culture \u00e0 la mairie de Paris. En th\u00e9orie, le texte dispose d\u2019une majorit\u00e9 absolue au palais Bourbon puisque le total des groupes favorables \u00e0 son adoption (Ensemble pour la R\u00e9publique, RN et LFI) d\u00e9passe largement le seuil des 289 d\u00e9put\u00e9s n\u00e9cessaire.<\/p>\n<p>La question de la prime majoritaire<\/p>\n<p>Des points resteront toutefois \u00e0 discuter, principalement sur la prime majoritaire accord\u00e9e au vainqueur (25% ou 50% en plus des si\u00e8ges acquis \u00e0 la proportionnelle) et la question de Lyon, o\u00f9 doivent avoir lieu en m\u00eame temps les \u00e9lections m\u00e9tropolitaines (ce qui pourrait conduire \u00e0 organiser trois scrutins le m\u00eame jour).<\/p>\n<p>Si la loi est adopt\u00e9e en premi\u00e8re lecture d\u2019ici mardi soir, elle sera ensuite d\u00e9battue au S\u00e9nat, vraisemblablement d\u00e9but juin, avant de revenir vers l\u2019Assembl\u00e9e pour son adoption d\u00e9finitive et son application d\u00e8s les municipales de mars\u00a02026. Encore faudra-t-il passer sous les fourches caudines du Conseil constitutionnel, qui sera saisi apr\u00e8s l\u2019adoption, a indiqu\u00e9 Sylvain Maillard.<\/p>\n","protected":false},"excerpt":{"rendered":"La r\u00e9forme de la loi PLM, qui r\u00e9git le mode de scrutin des municipales \u00e0 Paris, Marseille et&hellip;\n","protected":false},"author":2,"featured_media":11705,"comment_status":"","ping_status":"","sticky":false,"template":"","format":"standard","meta":{"footnotes":""},"categories":[2814],"tags":[17,1111,11,5531,1777,674,1011,27,5532,420,884,3554,12,5530,316,882,4190,25],"class_list":{"0":"post-11704","1":"post","2":"type-post","3":"status-publish","4":"format-standard","5":"has-post-thumbnail","7":"category-marseille","8":"tag-17","9":"tag-actu","10":"tag-actualites","11":"tag-debattue","12":"tag-eu","13":"tag-europe","14":"tag-fr","15":"tag-france","16":"tag-lassemblee","17":"tag-loi","18":"tag-marseille","19":"tag-municipales","20":"tag-news","21":"tag-plm","22":"tag-politique","23":"tag-provence-alpes-cote-dazur","24":"tag-reforme","25":"tag-republique-francaise"},"share_on_mastodon":{"url":"https:\/\/pubeurope.com\/@fr\/114305897851076200","error":""},"_links":{"self":[{"href":"https:\/\/www.europesays.com\/fr\/wp-json\/wp\/v2\/posts\/11704","targetHints":{"allow":["GET"]}}],"collection":[{"href":"https:\/\/www.europesays.com\/fr\/wp-json\/wp\/v2\/posts"}],"about":[{"href":"https:\/\/www.europesays.com\/fr\/wp-json\/wp\/v2\/types\/post"}],"author":[{"embeddable":true,"href":"https:\/\/www.europesays.com\/fr\/wp-json\/wp\/v2\/users\/2"}],"replies":[{"embeddable":true,"href":"https:\/\/www.europesays.com\/fr\/wp-json\/wp\/v2\/comments?post=11704"}],"version-history":[{"count":0,"href":"https:\/\/www.europesays.com\/fr\/wp-json\/wp\/v2\/posts\/11704\/revisions"}],"wp:featuredmedia":[{"embeddable":true,"href":"https:\/\/www.europesays.com\/fr\/wp-json\/wp\/v2\/media\/11705"}],"wp:attachment":[{"href":"https:\/\/www.europesays.com\/fr\/wp-json\/wp\/v2\/media?parent=11704"}],"wp:term":[{"taxonomy":"category","embeddable":true,"href":"https:\/\/www.europesays.com\/fr\/wp-json\/wp\/v2\/categories?post=11704"},{"taxonomy":"post_tag","embeddable":true,"href":"https:\/\/www.europesays.com\/fr\/wp-json\/wp\/v2\/tags?post=11704"}],"curies":[{"name":"wp","href":"https:\/\/api.w.org\/{rel}","templated":true}]}}