{"id":1170414,"date":"2026-09-06T07:19:18","date_gmt":"2026-09-06T07:19:18","guid":{"rendered":"https:\/\/www.europesays.com\/fr\/1170414\/"},"modified":"2026-09-06T07:19:18","modified_gmt":"2026-09-06T07:19:18","slug":"la-seyne-sur-mer-200-ans-de-portraits-deux-siecles-de-photographie-a-hauteur-de-visage","status":"publish","type":"post","link":"https:\/\/www.europesays.com\/fr\/1170414\/","title":{"rendered":"La Seyne-sur-Mer. \u00ab 200 ans de portraits ! \u00bb : deux si\u00e8cles de photographie \u00e0 hauteur de visage"},"content":{"rendered":"<p align=\"center\">Publi\u00e9 le 6 septembre 2026 \u00e0 7h31 &#8211; Derni\u00e8re mise \u00e0 jour le 6 septembre 2026 \u00e0 7h31<\/p>\n<p><strong>\u00c0 la Villa Tamaris, \u00e0 La Seyne-sur-Mer, le portrait devient le fil conducteur d\u2019un \u00e9tonnant voyage \u00e0 travers deux si\u00e8cles de photographie. R\u00e9unie \u00e0 l\u2019occasion du bicentenaire de l\u2019invention de la photographie, l\u2019exposition \u00ab 200 ans de portraits ! \u00bb puise dans les immenses collections de la M\u00e9diath\u00e8que du patrimoine et de la photographie pour raconter, \u00e0 travers plus de 300 images, l\u2019\u00e9volution du regard port\u00e9 sur l\u2019\u00eatre humain.<\/strong><\/p>\n<p>\u00a0<\/p>\n<p><img fetchpriority=\"high\" decoding=\"async\" class=\"size-large wp-image-116392\" src=\"https:\/\/www.europesays.com\/fr\/wp-content\/uploads\/2026\/09\/affiche-200ans-portraits-1024x535.jpg\" alt=\"Destimed affiche 200ans portraits\" width=\"1024\" height=\"535\"  \/>Studio Harcourt, Mich\u00e8le Morgan, Paris, [Sd], minist\u00e8re de la Culture, M\u00e9diath\u00e8que du patrimoine et de la photographie.<br \/>\nUn dialogue entre les g\u00e9n\u00e9rations<\/p>\n<p><img loading=\"lazy\" decoding=\"async\" class=\"size-large wp-image-116389\" src=\"https:\/\/www.europesays.com\/fr\/wp-content\/uploads\/2026\/09\/IMG-20260905-WA0009-1024x470.jpg\" alt=\"Destimed IMG 20260905 WA0009\" width=\"1024\" height=\"470\"  \/>Atelier Nadar (1855-1948), Victor Hugo (1802-1885), Paris, [Sd] \u00a9 Minist\u00e8re de la Culture, M\u00e9diath\u00e8que du patrimoine et de la photographie. Diff. GrandPalaisRMN PhotoDes premiers portraits photographiques du XIX\u1d49 si\u00e8cle aux \u00e9critures contemporaines, le parcours fait dialoguer des g\u00e9n\u00e9rations de photographes, des techniques et des conceptions tr\u00e8s diff\u00e9rentes du portrait. Nadar, figure majeure des d\u00e9buts de la photographie, c\u00f4toie ainsi Pierre Petit et Adolphe Dallemagne, tandis que le XX\u1d49 si\u00e8cle est notamment repr\u00e9sent\u00e9 par Andr\u00e9 Kert\u00e9sz, Sam L\u00e9vin, le studio Harcourt, Denise Colomb, Willy Ronis ou Lucien Clergue. Plus pr\u00e8s de nous apparaissent les regards de Patrick Zachmann, Carole Bella\u00efche ou Yan Morvan.<\/p>\n<p>Regarder les autres<br \/>\n<img loading=\"lazy\" decoding=\"async\" class=\"size-large wp-image-116391\" src=\"data:image\/svg+xml,%3Csvg%20xmlns=\" http:=\"\" alt=\"Destimed IMG 20260905 WA0004\" width=\"1024\" height=\"576\" data-lazy- data-lazy- data-lazy-src=\"https:\/\/www.europesays.com\/fr\/wp-content\/uploads\/2026\/09\/IMG-20260905-WA0004-1024x576.jpg\"\/>@ Rajak Ohanian<\/p>\n<p>Mais l\u2019int\u00e9r\u00eat de l\u2019exposition ne r\u00e9side pas seulement dans la r\u00e9union de grands noms. C\u00e9l\u00e8bres ou anonymes, artistes, \u00e9crivains, acteurs, personnalit\u00e9s publiques ou simples inconnus deviennent les sujets d\u2019une m\u00eame histoire du regard. Victor Hugo, Baudelaire ou Rodin, photographi\u00e9s par Nadar, r\u00e9pondent ainsi \u00e0 des visages moins connus. Au fil du temps, le portrait s\u2019\u00e9loigne progressivement de la repr\u00e9sentation sociale et officielle pour emprunter des chemins plus intimes, spontan\u00e9s ou exp\u00e9rimentaux.<\/p>\n<p>Le r\u00e9v\u00e9lateur d\u2019une \u00e9poque<br \/>\n<img loading=\"lazy\" decoding=\"async\" class=\"size-large wp-image-116390\" src=\"data:image\/svg+xml,%3Csvg%20xmlns=\" http:=\"\" alt=\"Destimed IMG 20260905 WA0007\" width=\"1024\" height=\"768\" data-lazy- data-lazy- data-lazy-src=\"https:\/\/www.europesays.com\/fr\/wp-content\/uploads\/2026\/09\/IMG-20260905-WA0007-1024x768.jpg\"\/>Catherine deneuve \u00a9 Carole Bella\u00efche<\/p>\n<p>Au fil du parcours, le portrait r\u00e9v\u00e8le une \u00e9poque, ses codes, ses c\u00e9l\u00e9brit\u00e9s, mais aussi sa mani\u00e8re de regarder l\u2019individu. Pose savamment construite, photographie de studio, instant vol\u00e9, regard documentaire ou d\u00e9marche plus personnelle : chaque g\u00e9n\u00e9ration de photographes r\u00e9invente \u00e0 sa mani\u00e8re cette confrontation entre celui qui regarde et celui qui est regard\u00e9. C\u2019est finalement ce qui donne \u00e0 l\u2019exposition son caract\u00e8re vivant : 200 ans de photographie deviennent ici 200 ans de regards port\u00e9s sur les autres et, \u00e0 travers eux, sur nous-m\u00eames.<\/p>\n<p><strong>Jo\u00ebl BARCY<\/strong><\/p>\n<p>\u00ab 200 ans de portraits ! \u00bb \u2013\u00a0 <a href=\"https:\/\/www.villatamaris.fr\/fr\" target=\"_blank\" rel=\"noopener nofollow\">Villa Tamaris <\/a>\u00a0\u2013 La Seyne-sur-Mer (83), jusqu\u2019au 4 octobre. Entr\u00e9e gratuite.<\/p>\n","protected":false},"excerpt":{"rendered":"Publi\u00e9 le 6 septembre 2026 \u00e0 7h31 &#8211; Derni\u00e8re mise \u00e0 jour le 6 septembre 2026 \u00e0 7h31&hellip;\n","protected":false},"author":2,"featured_media":1170415,"comment_status":"","ping_status":"","sticky":false,"template":"","format":"standard","meta":{"footnotes":"","_share_on_mastodon":"0"},"categories":[9619],"tags":[1111,11,1777,674,1011,27,12,882,25,2310],"class_list":["post-1170414","post","type-post","status-publish","format-standard","has-post-thumbnail","category-toulon","tag-actu","tag-actualites","tag-eu","tag-europe","tag-fr","tag-france","tag-news","tag-provence-alpes-cote-dazur","tag-republique-francaise","tag-toulon"],"share_on_mastodon":{"url":"https:\/\/pubeurope.com\/@fr\/117222887155037614","error":""},"_links":{"self":[{"href":"https:\/\/www.europesays.com\/fr\/wp-json\/wp\/v2\/posts\/1170414","targetHints":{"allow":["GET"]}}],"collection":[{"href":"https:\/\/www.europesays.com\/fr\/wp-json\/wp\/v2\/posts"}],"about":[{"href":"https:\/\/www.europesays.com\/fr\/wp-json\/wp\/v2\/types\/post"}],"author":[{"embeddable":true,"href":"https:\/\/www.europesays.com\/fr\/wp-json\/wp\/v2\/users\/2"}],"replies":[{"embeddable":true,"href":"https:\/\/www.europesays.com\/fr\/wp-json\/wp\/v2\/comments?post=1170414"}],"version-history":[{"count":0,"href":"https:\/\/www.europesays.com\/fr\/wp-json\/wp\/v2\/posts\/1170414\/revisions"}],"wp:featuredmedia":[{"embeddable":true,"href":"https:\/\/www.europesays.com\/fr\/wp-json\/wp\/v2\/media\/1170415"}],"wp:attachment":[{"href":"https:\/\/www.europesays.com\/fr\/wp-json\/wp\/v2\/media?parent=1170414"}],"wp:term":[{"taxonomy":"category","embeddable":true,"href":"https:\/\/www.europesays.com\/fr\/wp-json\/wp\/v2\/categories?post=1170414"},{"taxonomy":"post_tag","embeddable":true,"href":"https:\/\/www.europesays.com\/fr\/wp-json\/wp\/v2\/tags?post=1170414"}],"curies":[{"name":"wp","href":"https:\/\/api.w.org\/{rel}","templated":true}]}}