{"id":1170439,"date":"2026-09-06T07:35:14","date_gmt":"2026-09-06T07:35:14","guid":{"rendered":"https:\/\/www.europesays.com\/fr\/1170439\/"},"modified":"2026-09-06T07:35:14","modified_gmt":"2026-09-06T07:35:14","slug":"une-femme-se-suicide-en-sautant-dun-pont-enjambant-la-rn165-nantes-vannes-cinq-temoins-sous-le-choc","status":"publish","type":"post","link":"https:\/\/www.europesays.com\/fr\/1170439\/","title":{"rendered":"Une femme se suicide en sautant d\u2019un pont enjambant la RN165 Nantes \/ Vannes, cinq t\u00e9moins sous le choc"},"content":{"rendered":"<p>                    Par<br \/>\n        <strong><br \/>\n            <a href=\"https:\/\/actu.fr\/auteur\/frederic-prot\" title=\"Consulter tous les articles de Fr\u00e9d\u00e9ric Prot\" rel=\"nofollow noopener\" target=\"_blank\">Fr\u00e9d\u00e9ric Prot<\/a><br \/>\n                    <\/strong><\/p>\n<p>        Publi\u00e9 le<\/p>\n<p>            6 sept. 2026 \u00e0 7h43        <\/p>\n<p>Samedi 5\u00a0septembre 2026, vers 16h, une femme a mis fin \u00e0 ses jours en sautant d\u2019un pont enjambant la RN165 (Nantes\/Vannes) \u00e0 hauteur de Pontch\u00e2teau.<\/p>\n<p class=\" wall-content\">La malheureuse a \u00e9t\u00e9 percut\u00e9e par une voiture.<\/p>\n<p class=\" wall-content\">Son \u00e2ge n\u2019\u00e9tait pas connu du Sdis 44 (Service d\u00e9partemental d\u2019incendie et de secours de Loire-Atlantique) dans son bulletin de 31h45.<\/p>\n<p>La circulation r\u00e9duite \u00e0 une voie<\/p>\n<p class=\" wall-content\">Il indique que cinq t\u00e9moins de l\u2019horrible sc\u00e8ne ont \u00e9t\u00e9 impact\u00e9es psychologiquement et laiss\u00e9es sur place apr\u00e8s un bilan r\u00e9alis\u00e9 par le CRRA 15 (Centre de r\u00e9ception et de r\u00e9gulation des appels du Samu).<\/p>\n<p class=\" wall-content\">La circulation a \u00e9t\u00e9 r\u00e9duite sur une voie, le temps de l\u2019intervention des secours et le temps pour la gendarmerie de faire les premi\u00e8res constatations.<\/p>\n<p class=\" wall-content\">Ce dispositif a engendr\u00e9 de forts ralentissements pendant plusieurs heures.<\/p>\n<p>Vid\u00e9os : en ce moment sur Actu<\/p>\n<p class=\" wall-content\">12 pompiers et 5 de leurs v\u00e9hicules ont \u00e9t\u00e9 mobilis\u00e9s pour cette intervention.<\/p>\n<p>Face au d\u00e9sespoir, il ne faut surtout pas rester seul. Si vous \u00eates en d\u00e9tresse et\/ou avez des pens\u00e9es suicidaires, si vous voulez aider une personne en souffrance, vous pouvez contacter le num\u00e9ro national de pr\u00e9vention du suicide, le 3114 accessible 24h\/24 et 7j\/7, gratuitement, dans toute la France. Un professionnel du soin, sp\u00e9cifiquement form\u00e9 \u00e0 la pr\u00e9vention du suicide, sera \u00e0 votre \u00e9coute.<\/p>\n<p class=\" wall-content\">Personnalisez votre actualit\u00e9 en ajoutant vos villes et m\u00e9dias en favori avec <a href=\"https:\/\/moncompte.actu.fr\" title=\"D\u00e9couvez Mon Actu\" rel=\"nofollow noopener\" data-trk=\"{&quot;cta&quot;:{&quot;action&quot;:&quot;https:\\\/\\\/moncompte.actu.fr&quot;,&quot;category&quot;:&quot;mon compte&quot;,&quot;from&quot;:&quot;article footer&quot;,&quot;name&quot;:&quot;Mon actu&quot;,&quot;type&quot;:&quot;cta&quot;}}\" target=\"_blank\">Mon Actu<\/a>.<\/p>\n","protected":false},"excerpt":{"rendered":"Par Fr\u00e9d\u00e9ric Prot Publi\u00e9 le 6 sept. 2026 \u00e0 7h43 Samedi 5\u00a0septembre 2026, vers 16h, une femme a&hellip;\n","protected":false},"author":2,"featured_media":1170440,"comment_status":"","ping_status":"","sticky":false,"template":"","format":"standard","meta":{"footnotes":"","_share_on_mastodon":"0"},"categories":[2818],"tags":[1111,11,3542,1777,674,118,1011,27,3381,766,12,2636,1311,25],"class_list":["post-1170439","post","type-post","status-publish","format-standard","has-post-thumbnail","category-nantes","tag-actu","tag-actualites","tag-circulation","tag-eu","tag-europe","tag-faits-divers","tag-fr","tag-france","tag-gendarmerie","tag-nantes","tag-news","tag-pays-de-la-loire","tag-pompiers","tag-republique-francaise"],"share_on_mastodon":{"url":"https:\/\/pubeurope.com\/@fr\/117222947366010757","error":""},"_links":{"self":[{"href":"https:\/\/www.europesays.com\/fr\/wp-json\/wp\/v2\/posts\/1170439","targetHints":{"allow":["GET"]}}],"collection":[{"href":"https:\/\/www.europesays.com\/fr\/wp-json\/wp\/v2\/posts"}],"about":[{"href":"https:\/\/www.europesays.com\/fr\/wp-json\/wp\/v2\/types\/post"}],"author":[{"embeddable":true,"href":"https:\/\/www.europesays.com\/fr\/wp-json\/wp\/v2\/users\/2"}],"replies":[{"embeddable":true,"href":"https:\/\/www.europesays.com\/fr\/wp-json\/wp\/v2\/comments?post=1170439"}],"version-history":[{"count":0,"href":"https:\/\/www.europesays.com\/fr\/wp-json\/wp\/v2\/posts\/1170439\/revisions"}],"wp:featuredmedia":[{"embeddable":true,"href":"https:\/\/www.europesays.com\/fr\/wp-json\/wp\/v2\/media\/1170440"}],"wp:attachment":[{"href":"https:\/\/www.europesays.com\/fr\/wp-json\/wp\/v2\/media?parent=1170439"}],"wp:term":[{"taxonomy":"category","embeddable":true,"href":"https:\/\/www.europesays.com\/fr\/wp-json\/wp\/v2\/categories?post=1170439"},{"taxonomy":"post_tag","embeddable":true,"href":"https:\/\/www.europesays.com\/fr\/wp-json\/wp\/v2\/tags?post=1170439"}],"curies":[{"name":"wp","href":"https:\/\/api.w.org\/{rel}","templated":true}]}}