{"id":1170449,"date":"2026-09-06T07:42:15","date_gmt":"2026-09-06T07:42:15","guid":{"rendered":"https:\/\/www.europesays.com\/fr\/1170449\/"},"modified":"2026-09-06T07:42:15","modified_gmt":"2026-09-06T07:42:15","slug":"top-14-toulouse-un-favori-dans-la-tourmente-face-a-la-rochelle","status":"publish","type":"post","link":"https:\/\/www.europesays.com\/fr\/1170449\/","title":{"rendered":"Top 14 : Toulouse, un favori dans la tourmente face \u00e0 La Rochelle"},"content":{"rendered":"<p class=\"dm_article-chapeau\">Samedi, la premi\u00e8re journ\u00e9e du Top14 a vu l&rsquo;UBB, l&rsquo;union Bordeaux-Begles qui a inflig\u00e9 au Racing 92 la plus large d\u00e9faite de son histoire en championnat, 64 \u00e0 5. Ce dimanche, place au tenant du titre, le Stade Toulousain qui se d\u00e9placera \u00e0 La Rochelle. Les hommes d&rsquo;Ugo Mola font figure de favoris pour conserver leur titre et en d\u00e9crocher un nouveau.<\/p>\n<p>Une longue saison qui d\u00e9marre. C&rsquo;\u00e9tait fin juin, les Toulousains soulevaient leur quatri\u00e8me bouclier de Brenus cons\u00e9cutif et leur manager Ugo Mola ne pouvait que les congratuler. \u00ab\u00a0Le club est exceptionnel, l&rsquo;\u00e9quipe est exceptionnelle, et continuons comme \u00e7a les mecs\u00a0\u00bb, avait-il lanc\u00e9.\u00a0<\/p>\n<p>Deux mois plus tard, le Stade Toulousain fait figure de favori pour conserver son titre mais une longue saison attend les joueurs avec un premier d\u00e9placement ce dimanche dans la capitale de la Charente-Maritime. Pas franchement de quoi r\u00e9jouir le Rochelet Jonathan Danty.\u00a0<\/p>\n<p>Une amende de 2,7 millions d&rsquo;euros<\/p>\n<p>\u00ab\u00a0Tous les week-ends, on a des matchs assez costauds, mais c&rsquo;est s\u00fbr que oui, c&rsquo;est la premi\u00e8re affiche de la saison. J&rsquo;imagine que c&rsquo;est pareil pour les deux \u00e9quipes. \u00c7a ne fait jamais plaisir de recevoir Toulouse \u00e0 la maison pour une premi\u00e8re journ\u00e9e, parce qu&rsquo;on ne sait pas o\u00f9 les \u00e9quipes en sont. Mais non, \u00e7a va aussi donner le ton un peu du d\u00e9but de saison.\u00a0\u00bb<\/p>\n<p>Le Stade Toulousain a connu, lui, une fin d&rsquo;\u00e9t\u00e9 remuante avec une amende confirm\u00e9e de plus de 2,7 millions d&rsquo;euros pour les infractions au salary cap, le plafond salarial, et l&rsquo;annonce du d\u00e9part l&rsquo;an prochain de deux tauliers, Thomas Ramos et Fran\u00e7ois Cros. Comme le r\u00e9sume leur co\u00e9quipier, Thibaut Flament, c&rsquo;est \u00e0 nous de leur offrir la meilleure sortie.<\/p>\n","protected":false},"excerpt":{"rendered":"Samedi, la premi\u00e8re journ\u00e9e du Top14 a vu l&rsquo;UBB, l&rsquo;union Bordeaux-Begles qui a inflig\u00e9 au Racing 92 la&hellip;\n","protected":false},"author":2,"featured_media":1170450,"comment_status":"","ping_status":"","sticky":false,"template":"","format":"standard","meta":{"footnotes":"","_share_on_mastodon":"0"},"categories":[2816],"tags":[1111,11,1777,674,1011,27,12,2680,25,479,2312],"class_list":["post-1170449","post","type-post","status-publish","format-standard","has-post-thumbnail","category-toulouse","tag-actu","tag-actualites","tag-eu","tag-europe","tag-fr","tag-france","tag-news","tag-occitanie","tag-republique-francaise","tag-rugby","tag-toulouse"],"share_on_mastodon":{"url":"https:\/\/pubeurope.com\/@fr\/117222974615711947","error":""},"_links":{"self":[{"href":"https:\/\/www.europesays.com\/fr\/wp-json\/wp\/v2\/posts\/1170449","targetHints":{"allow":["GET"]}}],"collection":[{"href":"https:\/\/www.europesays.com\/fr\/wp-json\/wp\/v2\/posts"}],"about":[{"href":"https:\/\/www.europesays.com\/fr\/wp-json\/wp\/v2\/types\/post"}],"author":[{"embeddable":true,"href":"https:\/\/www.europesays.com\/fr\/wp-json\/wp\/v2\/users\/2"}],"replies":[{"embeddable":true,"href":"https:\/\/www.europesays.com\/fr\/wp-json\/wp\/v2\/comments?post=1170449"}],"version-history":[{"count":0,"href":"https:\/\/www.europesays.com\/fr\/wp-json\/wp\/v2\/posts\/1170449\/revisions"}],"wp:featuredmedia":[{"embeddable":true,"href":"https:\/\/www.europesays.com\/fr\/wp-json\/wp\/v2\/media\/1170450"}],"wp:attachment":[{"href":"https:\/\/www.europesays.com\/fr\/wp-json\/wp\/v2\/media?parent=1170449"}],"wp:term":[{"taxonomy":"category","embeddable":true,"href":"https:\/\/www.europesays.com\/fr\/wp-json\/wp\/v2\/categories?post=1170449"},{"taxonomy":"post_tag","embeddable":true,"href":"https:\/\/www.europesays.com\/fr\/wp-json\/wp\/v2\/tags?post=1170449"}],"curies":[{"name":"wp","href":"https:\/\/api.w.org\/{rel}","templated":true}]}}