{"id":1170451,"date":"2026-09-06T07:45:18","date_gmt":"2026-09-06T07:45:18","guid":{"rendered":"https:\/\/www.europesays.com\/fr\/1170451\/"},"modified":"2026-09-06T07:45:18","modified_gmt":"2026-09-06T07:45:18","slug":"aujourdhui-on-liquide-tout-cest-parti-pour-le-deuxieme-jour-de-la-braderie-de-lille-2026","status":"publish","type":"post","link":"https:\/\/www.europesays.com\/fr\/1170451\/","title":{"rendered":"\u00ab\u00a0Aujourd&rsquo;hui, on liquide tout\u00a0\u00bb : c&rsquo;est parti pour le deuxi\u00e8me jour de la Braderie de Lille 2026"},"content":{"rendered":"<p>                    Par<br \/>\n        <strong><br \/>\n            <a href=\"https:\/\/actu.fr\/auteur\/nicolas-demollien\" title=\"Consulter tous les articles de Nicolas Demollien\" rel=\"nofollow noopener\" target=\"_blank\">Nicolas Demollien<\/a><br \/>\n                    <\/strong><\/p>\n<p>        Publi\u00e9 le<\/p>\n<p>            6 sept. 2026 \u00e0 9h34        <\/p>\n<p>Tandis que certains r\u00e9cup\u00e8rent encore de leur nuit, les <b>premiers visiteurs sont d\u00e9j\u00e0 bien pr\u00e9sents<\/b> dans les rues de <a href=\"https:\/\/actu.fr\/hauts-de-france\/lille_59350\" rel=\"nofollow noopener\" target=\"_blank\">Lille<\/a> (Nord) ce dimanche 6 septembre 2026. Ce deuxi\u00e8me jour de <a href=\"https:\/\/actu.fr\/tag\/braderie-de-lille\" rel=\"nofollow noopener\" target=\"_blank\">Braderie<\/a> s\u2019annonce sous les meilleurs avec des <b>vendeurs d\u00e9termin\u00e9s \u00e0 liquider <\/b>leurs derniers objets.\u00a0<\/p>\n<p>La Braderie de Lille, c\u2019est reparti ce dimanche 6 septembre<\/p>\n<p class=\" wall-content\">Claudine est install\u00e9e Quai du Wault et l\u2019annonce sans sourciller : \u00ab\u00a0aujourd\u2019hui, l\u2019objectif c\u2019est de <b>ramener le moins de choses possibles \u00e0 la maison<\/b>. Je suis beaucoup plus ouverte \u00e0 la n\u00e9gociation qu\u2019hier\u00a0\u00bb, se marre-t-elle.<\/p>\n<p class=\" wall-content\">Parmi les acheteurs potentiels, on retrouve Bernard qui est venu d\u2019Amiens. \u00ab\u00a0Je loge dans la famille et je viens tous les ans \u00e0 la Braderie. A mon \u00e2ge (72 ans, NDLR), je pr\u00e9f\u00e8re le dimanche matin. <b>Il y a beaucoup moins de monde, je peux aller \u00e0 mon rythme<\/b>. On fait s\u00fbrement moins d\u2019affaires mais je ne cherche rien de particulier \u00e0 part profiter de l\u2019ambiance\u00a0\u00bb.<\/p>\n<p class=\" wall-content\">La Braderie va encore battre son plein jusqu\u2019en fin d\u2019apr\u00e8s-midi avec son ambiance inimitable, ses moules-frites et ses objets insolites. Julien, lui, ne la verra pas. Crois\u00e9 rue Esquermoise, il nous apostrophe alors que nous discutons avec une riveraine : \u00ab\u00a0La Braderie, c\u2019est la nuit que \u00e7a se vit ! Je vais me coucher\u00a0\u00bb.\u00a0<\/p>\n<p class=\" wall-content\">C\u2019est aussi ce qui fait le charme de l\u2019\u00e9v\u00e9nement, chacun le vit \u00e0 sa mani\u00e8re ! Bon dimanche !<\/p>\n<p class=\" wall-content\">Personnalisez votre actualit\u00e9 en ajoutant vos villes et m\u00e9dias en favori avec <a href=\"https:\/\/moncompte.actu.fr\" title=\"D\u00e9couvez Mon Actu\" rel=\"nofollow noopener\" data-trk=\"{&quot;cta&quot;:{&quot;action&quot;:&quot;https:\\\/\\\/moncompte.actu.fr&quot;,&quot;category&quot;:&quot;mon compte&quot;,&quot;from&quot;:&quot;article footer&quot;,&quot;name&quot;:&quot;Mon actu&quot;,&quot;type&quot;:&quot;cta&quot;}}\" target=\"_blank\">Mon Actu<\/a>.<\/p>\n","protected":false},"excerpt":{"rendered":"Par Nicolas Demollien Publi\u00e9 le 6 sept. 2026 \u00e0 9h34 Tandis que certains r\u00e9cup\u00e8rent encore de leur nuit,&hellip;\n","protected":false},"author":2,"featured_media":1170452,"comment_status":"","ping_status":"","sticky":false,"template":"","format":"standard","meta":{"footnotes":"","_share_on_mastodon":"0"},"categories":[2815],"tags":[1111,11,18703,1777,674,1011,27,811,1307,1652,12,25],"class_list":["post-1170451","post","type-post","status-publish","format-standard","has-post-thumbnail","category-lille","tag-actu","tag-actualites","tag-braderie-de-lille","tag-eu","tag-europe","tag-fr","tag-france","tag-hauts-de-france","tag-lille","tag-loisirs-culture","tag-news","tag-republique-francaise"],"share_on_mastodon":{"url":"https:\/\/pubeurope.com\/@fr\/117222986904300799","error":""},"_links":{"self":[{"href":"https:\/\/www.europesays.com\/fr\/wp-json\/wp\/v2\/posts\/1170451","targetHints":{"allow":["GET"]}}],"collection":[{"href":"https:\/\/www.europesays.com\/fr\/wp-json\/wp\/v2\/posts"}],"about":[{"href":"https:\/\/www.europesays.com\/fr\/wp-json\/wp\/v2\/types\/post"}],"author":[{"embeddable":true,"href":"https:\/\/www.europesays.com\/fr\/wp-json\/wp\/v2\/users\/2"}],"replies":[{"embeddable":true,"href":"https:\/\/www.europesays.com\/fr\/wp-json\/wp\/v2\/comments?post=1170451"}],"version-history":[{"count":0,"href":"https:\/\/www.europesays.com\/fr\/wp-json\/wp\/v2\/posts\/1170451\/revisions"}],"wp:featuredmedia":[{"embeddable":true,"href":"https:\/\/www.europesays.com\/fr\/wp-json\/wp\/v2\/media\/1170452"}],"wp:attachment":[{"href":"https:\/\/www.europesays.com\/fr\/wp-json\/wp\/v2\/media?parent=1170451"}],"wp:term":[{"taxonomy":"category","embeddable":true,"href":"https:\/\/www.europesays.com\/fr\/wp-json\/wp\/v2\/categories?post=1170451"},{"taxonomy":"post_tag","embeddable":true,"href":"https:\/\/www.europesays.com\/fr\/wp-json\/wp\/v2\/tags?post=1170451"}],"curies":[{"name":"wp","href":"https:\/\/api.w.org\/{rel}","templated":true}]}}