{"id":1170455,"date":"2026-09-06T07:47:13","date_gmt":"2026-09-06T07:47:13","guid":{"rendered":"https:\/\/www.europesays.com\/fr\/1170455\/"},"modified":"2026-09-06T07:47:13","modified_gmt":"2026-09-06T07:47:13","slug":"meteo-a-marseille-previsions-du-dimanche-06-septembre-2026","status":"publish","type":"post","link":"https:\/\/www.europesays.com\/fr\/1170455\/","title":{"rendered":"M\u00e9t\u00e9o \u00e0 Marseille : pr\u00e9visions du dimanche 06 septembre 2026"},"content":{"rendered":"<p>\u00c0 Marseille, la journ\u00e9e du dimanche 6 septembre 2026 sera marqu\u00e9e par une chaleur soutenue sous un ciel tr\u00e8s nuageux l\u2019apr\u00e8s-midi, avec des temp\u00e9ratures maximales autour de 31 \u00b0C et un vent mod\u00e9r\u00e9. Le matin et le soir, le ciel restera d\u00e9gag\u00e9.<\/p>\n<p>    Alerte en cours<\/p>\n<p>Le d\u00e9partement des Bouches-du-Rh\u00f4ne est plac\u00e9 ce samedi 6 septembre 2026 en <b>vigilance Jaune canicule<\/b> depuis minuit.<\/p>\n<p>Les temp\u00e9ratures maximales attendues atteignent <b>31 \u00b0C<\/b>, avec un ressenti pouvant grimper jusqu\u2019\u00e0 34 \u00b0C, surtout en ville o\u00f9 l\u2019urbanisation accentue la chaleur.<\/p>\n<p>Pensez \u00e0 boire r\u00e9guli\u00e8rement, \u00e0 \u00e9viter les efforts aux heures chaudes et \u00e0 veiller sur les personnes fragiles.<\/p>\n<p>Pour suivre l\u2019\u00e9volution de la vigilance, consultez notre <a href=\"https:\/\/www.meteocity.com\/france\/alertes\" rel=\"nofollow noopener\" target=\"_blank\">page d\u00e9di\u00e9e aux alertes m\u00e9t\u00e9orologiques<\/a>.<\/p>\n<p>Matin : soleil franc au lever du jour<\/p>\n<p>Le soleil s\u2019est lev\u00e9 \u00e0 7\u2009h\u200907 sous un ciel parfaitement d\u00e9gag\u00e9 \u00e0 Marseille.<\/p>\n<p>\u00c0 9\u2009h, le thermom\u00e8tre affichait <b>25 \u00b0C<\/b>, mais une humidit\u00e9 \u00e9lev\u00e9e (80 %) portait le ressenti \u00e0 <b>30 \u00b0C<\/b>.<\/p>\n<p>Le vent reste quasiment absent, avec seulement 4 km\/h de secteur Sud-Sud-Ouest, n\u2019apportant aucun rafra\u00eechissement.<\/p>\n<p>La pression demeure stable autour de 1 020 hPa, et la probabilit\u00e9 de pluie est nulle : aucune ond\u00e9e n\u2019est attendue ce matin.<\/p>\n<p>Apr\u00e8s-midi : chaleur lourde et ciel charg\u00e9<\/p>\n<p>Vers 15\u2009h, des nuages bas gagnent la rade, apportant un ciel qualifi\u00e9 de \u00ab tr\u00e8s nuageux \u00bb et une luminosit\u00e9 tamis\u00e9e.<\/p>\n<p>La temp\u00e9rature de pointe atteint <b>31 \u00b0C<\/b> avec un ressenti \u00e9touffant de <b>34 \u00b0C<\/b>.<\/p>\n<p>L\u2019humidit\u00e9 descend \u00e0 59 %, mais cette baisse reste insuffisante pour rafra\u00eechir l\u2019atmosph\u00e8re.<\/p>\n<p>Le vent d\u2019Ouest-Sud-Ouest souffle \u00e0 <b>16 km\/h<\/b>, sans rafales notables.<\/p>\n<p>Le risque d\u2019averse demeure nul, prolongeant la s\u00e9cheresse et le stress hydrique dans la r\u00e9gion.<\/p>\n<p>Cette succession de journ\u00e9es s\u00e8ches ass\u00e8che les sols et accro\u00eet le danger d\u2019incendie sur les collines environnantes.<\/p>\n<p>Soir : retour du ciel clair avant le coucher<\/p>\n<p>Le soleil se couchera \u00e0 20\u2009h\u200905, mais la chaleur persiste dans les ruelles.<\/p>\n<p>\u00c0 21\u2009h, on attend <b>27 \u00b0C<\/b>, ressenti <b>32 \u00b0C<\/b>, sous un ciel redevenu parfaitement d\u00e9gag\u00e9.<\/p>\n<p>La brise tombe \u00e0 3 km\/h, orient\u00e9e Nord-Nord-Est, et l\u2019air redevient quasi immobile.<\/p>\n<p>L\u2019humidit\u00e9 remonte vers 75 %, rendant l\u2019atmosph\u00e8re lourde et parfois inconfortable \u00e0 l\u2019int\u00e9rieur.<\/p>\n<p>Tendance pour la nuit et la journ\u00e9e de demain<\/p>\n<p>Durant la nuit, le ciel restera clair et le thermom\u00e8tre affichera autour de <b>26 \u00b0C<\/b> \u00e0 minuit ; le repos restera difficile sans ventilation.<\/p>\n<p>Demain, dimanche 7 septembre, les mod\u00e8les annoncent un temps toujours tr\u00e8s nuageux.<\/p>\n<p>Les temp\u00e9ratures resteront \u00e9lev\u00e9es, de <b>24 \u00b0C<\/b> \u00e0 l\u2019aube jusqu\u2019\u00e0 <b>32 \u00b0C<\/b> l\u2019apr\u00e8s-midi, avec un ressenti similaire \u00e0 aujourd\u2019hui.<\/p>\n<p>Vent mod\u00e9r\u00e9 d\u2019Ouest \u00e0 10 km\/h et probabilit\u00e9 de pluie toujours nulle : la vigilance chaleur pourrait donc se prolonger.<\/p>\n<p>Pour organiser vos activit\u00e9s, consultez <a href=\"https:\/\/www.meteocity.com\/france\/marseille-v2995469\" rel=\"nofollow noopener\" target=\"_blank\">notre bulletin complet<\/a>.<\/p>\n<ul>\n<li>Hydratez-vous r\u00e9guli\u00e8rement, m\u00eame sans sensation de soif.<\/li>\n<li>Limitez l\u2019exposition au soleil entre 11\u2009h et 17\u2009h.<\/li>\n<li>Privil\u00e9giez les lieux frais : parcs ombrag\u00e9s, mus\u00e9es climatis\u00e9s.<\/li>\n<li>Surveillez b\u00e9b\u00e9s, seniors et travailleurs en ext\u00e9rieur.<\/li>\n<\/ul>\n<p>Selon le GIEC, ces vagues de chaleur tardives deviendront plus fr\u00e9quentes ; adopter ces r\u00e9flexes limite les risques pour la sant\u00e9.<\/p>\n","protected":false},"excerpt":{"rendered":"\u00c0 Marseille, la journ\u00e9e du dimanche 6 septembre 2026 sera marqu\u00e9e par une chaleur soutenue sous un ciel&hellip;\n","protected":false},"author":2,"featured_media":1170456,"comment_status":"","ping_status":"","sticky":false,"template":"","format":"standard","meta":{"footnotes":"","_share_on_mastodon":"0"},"categories":[2814],"tags":[1111,11,1777,674,1011,27,884,12,882,25],"class_list":["post-1170455","post","type-post","status-publish","format-standard","has-post-thumbnail","category-marseille","tag-actu","tag-actualites","tag-eu","tag-europe","tag-fr","tag-france","tag-marseille","tag-news","tag-provence-alpes-cote-dazur","tag-republique-francaise"],"share_on_mastodon":{"url":"https:\/\/pubeurope.com\/@fr\/117222994518014124","error":""},"_links":{"self":[{"href":"https:\/\/www.europesays.com\/fr\/wp-json\/wp\/v2\/posts\/1170455","targetHints":{"allow":["GET"]}}],"collection":[{"href":"https:\/\/www.europesays.com\/fr\/wp-json\/wp\/v2\/posts"}],"about":[{"href":"https:\/\/www.europesays.com\/fr\/wp-json\/wp\/v2\/types\/post"}],"author":[{"embeddable":true,"href":"https:\/\/www.europesays.com\/fr\/wp-json\/wp\/v2\/users\/2"}],"replies":[{"embeddable":true,"href":"https:\/\/www.europesays.com\/fr\/wp-json\/wp\/v2\/comments?post=1170455"}],"version-history":[{"count":0,"href":"https:\/\/www.europesays.com\/fr\/wp-json\/wp\/v2\/posts\/1170455\/revisions"}],"wp:featuredmedia":[{"embeddable":true,"href":"https:\/\/www.europesays.com\/fr\/wp-json\/wp\/v2\/media\/1170456"}],"wp:attachment":[{"href":"https:\/\/www.europesays.com\/fr\/wp-json\/wp\/v2\/media?parent=1170455"}],"wp:term":[{"taxonomy":"category","embeddable":true,"href":"https:\/\/www.europesays.com\/fr\/wp-json\/wp\/v2\/categories?post=1170455"},{"taxonomy":"post_tag","embeddable":true,"href":"https:\/\/www.europesays.com\/fr\/wp-json\/wp\/v2\/tags?post=1170455"}],"curies":[{"name":"wp","href":"https:\/\/api.w.org\/{rel}","templated":true}]}}