{"id":1170463,"date":"2026-09-06T07:52:13","date_gmt":"2026-09-06T07:52:13","guid":{"rendered":"https:\/\/www.europesays.com\/fr\/1170463\/"},"modified":"2026-09-06T07:52:13","modified_gmt":"2026-09-06T07:52:13","slug":"mort-dun-enfant-de-2-ans-fuite-de-gaz-ce-que-lon-sait-de-lexplosion-dune-maison-a-aubervilliers","status":"publish","type":"post","link":"https:\/\/www.europesays.com\/fr\/1170463\/","title":{"rendered":"Mort d&rsquo;un enfant de 2 ans, fuite de gaz&#8230; Ce que l&rsquo;on sait de l&rsquo;explosion d&rsquo;une maison \u00e0 Aubervilliers"},"content":{"rendered":"<p>                    Par<br \/>\n        <strong><br \/>\n            <a href=\"https:\/\/actu.fr\/auteur\/antoine-grotteria02\" title=\"Consulter tous les articles de Antoine Grotteria\" rel=\"nofollow noopener\" target=\"_blank\">Antoine Grotteria<\/a><br \/>\n                    <\/strong><\/p>\n<p>        Publi\u00e9 le<\/p>\n<p>            6 sept. 2026 \u00e0 9h33        <\/p>\n<p>\u00ab\u2009Une ville en <strong>deuil<\/strong>.\u2009\u00bb <a href=\"https:\/\/actu.fr\/ile-de-france\/aubervilliers_93001\/municipales-2026-decouvrez-les-resultats-du-premier-tour-a-aubervilliers_63985662.html\" rel=\"nofollow noopener\" target=\"_blank\">Aubervilliers<\/a> (Seine-Saint-Denis) a v\u00e9cu un drame dans la soir\u00e9e du samedi 5\u00a0septembre 2026. Selon le maire de la ville <a href=\"https:\/\/actu.fr\/ile-de-france\/aubervilliers_93001\/municipales-2026-la-victoire-de-sofienne-karroumi-signe-le-retour-de-la-gauche-a-aubervilliers_64026737.html\" rel=\"nofollow noopener\" target=\"_blank\">Sofienne Karroumi<\/a> (DVD), un <strong>enfant de 2\u00a0ans<\/strong> est <strong>d\u00e9c\u00e9d\u00e9<\/strong> dans l\u2019<strong>explosion d\u2019un pavillon<\/strong> de la rue Paul Verlaine, provoqu\u00e9e par une <strong>fuite de gaz<\/strong>. Sept personnes ont \u00e9t\u00e9 bless\u00e9es lors de la d\u00e9flagration, dont 2 gri\u00e8vement. Victimes, cause, moyens d\u00e9ploy\u00e9s\u2026 Voici tout ce qu\u2019il faut savoir.<\/p>\n<p>Le gaz \u00e0 l\u2019origine de l\u2019explosion<\/p>\n<p class=\" wall-content\">Vers 21h30, un pavillon de la rue Paul Verlaine, situ\u00e9e pr\u00e8s du stade Auguste Delaune et du <a href=\"https:\/\/actu.fr\/ile-de-france\/pantin_93055\/des-metres-carres-fantomes-dans-le-projet-de-campus-de-rugby-a-pantin-la-ffr-saisit-la-justice_63368769.html\" rel=\"nofollow noopener\" target=\"_blank\">centre national de rugby<\/a> de Pantin, s\u2019est effondr\u00e9 apr\u00e8s une explosion \u00ab\u2009cons\u00e9cutive \u00e0 une fuite de gaz\u2009\u00bb, a fait savoir aupr\u00e8s d\u2019actu Paris la pr\u00e9fecture de Police de Paris.<\/p>\n<p class=\" wall-content\">Un important dispositif de secours a \u00e9t\u00e9 mis en \u0153uvre. La Brigade des sapeurs-pompiers de Paris a d\u00e9ploy\u00e9 \u00ab<strong>\u2009110\u2009\u00bb soldats du feu<\/strong>, comprenant \u00ab\u2009notamment des moyens de sauvetage en milieu urbain et des \u00e9quipes cynotechniques\u2009\u00bb, ont indiqu\u00e9 les autorit\u00e9s. Un p\u00e9rim\u00e8tre de s\u00e9curit\u00e9 a \u00e9galement \u00e9t\u00e9 d\u00e9ploy\u00e9 autour du lieu de l\u2019incident, a annonc\u00e9 la pr\u00e9fecture de la Seine-Saint-Denis sur X.<\/p>\n<p class=\" wall-content\">\n<p class=\" wall-content\">\u00ab\u2009Il y a <strong>un crat\u00e8re \u00e0 place<\/strong> <strong>de la maison<\/strong>\u2009\u00bb, a gliss\u00e9 sur place un t\u00e9moin aupr\u00e8s d\u2019une journaliste d\u2019actu Paris. D\u2019apr\u00e8s une source polici\u00e8re, la s\u00e9curisation du quartier a mis du temps en raison de la pr\u00e9sence du gaz, laissant craindre une seconde explosion. Et ce, notamment en raison de la pr\u00e9sence de bouteilles de gaz devant une \u00e9picerie situ\u00e9e \u00e0 quelques m\u00e8tres de la rue.<\/p>\n<p>Un lourd bilan<\/p>\n<p class=\" wall-content\">Malgr\u00e9 l\u2019intervention des secours, un enfant de 2\u00a0ans est d\u00e9c\u00e9d\u00e9, a annonc\u00e9 le maire d\u2019Aubervilliers sur les r\u00e9seaux sociaux. \u00ab\u2009Ce soir, il m\u2019est difficile de penser \u00e0 autre chose qu\u2019\u00e0 cette petite \u00e9toile d\u2019Aubervilliers qui nous a quitt\u00e9s\u2009\u00bb, s\u2019est \u00e9mu l\u2019\u00e9dile, adressant ses \u00ab\u2009pens\u00e9es \u00e0 l\u2019ensemble de sa famille et \u00e0 ses proches\u2009\u00bb. D\u2019apr\u00e8s la pr\u00e9fecture de Police, sept personnes ont \u00e9t\u00e9 bless\u00e9es dans l\u2019explosion. Deux personnes sont en \u00ab\u2009urgence absolue\u2009\u00bb, alors que 5 sont \u00ab\u2009en urgence relative\u2009\u00bb.<\/p>\n<p>    <a href=\"https:\/\/www.facebook.com\/plugins\/post.php?href=https%3A%2F%2Fwww.facebook.com%2FSofienneKarroumi%2Fposts%2Fpfbid0dXCQxttg8E9ZCZbg1xViArWgBYGTGqkViL7Xpn9H332gfx9JsEsci91Sz35jwtDul&amp;show_text=true&amp;width=350\" title=\"Ouvrie le lien\" rel=\"nofollow noopener\" target=\"_blank\">Cliquez ici pour visualiser le contenu<\/a><\/p>\n<p class=\" wall-content\">\u00ab\u2009Profond\u00e9ment \u00e9mu par ce drame, le pr\u00e9fet Julien Charles adresse ses premi\u00e8res pens\u00e9es aux membres de la famille ainsi qu\u2019\u00e0 leurs proches. Il assure son soutien aux r\u00e9sidents du quartier \u00e9vacu\u00e9s et exprime sa solidarit\u00e9 avec l\u2019ensemble des habitants de la ville d\u2019Aubervilliers et leurs \u00e9lus\u2009\u00bb, a \u00e9crit la pr\u00e9fecture de la Seine-Saint-Denis sur X.<\/p>\n<p>Une salle municipale pour accueillir les sinistr\u00e9s<\/p>\n<p class=\" wall-content\">La ville a ouvert en urgence une<strong> salle municipale<\/strong> pour les sinistr\u00e9s, pris en charge par la protection civile. Des \u00ab\u2009lits d\u2019appoint et les vestiaires d\u2019un stade\u2009\u00bb ont \u00e9galement \u00e9t\u00e9 mis \u00e0 leur disposition, a indiqu\u00e9 Sofienne Karroumi. \u00ab\u2009Certains d\u00e9sagr\u00e9ments perdureront, dans les heures et les jours qui suivent, pour les habitants du quartier\u2009\u00bb, a-t-il pr\u00e9venu.<\/p>\n<p>Un drame, quatre ans apr\u00e8s une importante explosion<\/p>\n<p class=\" wall-content\">Si les circonstances de ce drame ne sont pas encore connues, une <strong>enqu\u00eate<\/strong> a \u00e9t\u00e9 ouverte par le parquet de Bobigny.<\/p>\n<p class=\" wall-content\">Cette explosion intervient quatre ans et demi apr\u00e8s une autre <a href=\"https:\/\/actu.fr\/ile-de-france\/aubervilliers_93001\/video-explosion-a-aubervilliers-pompiers-et-chiens-au-secours-des-22-habitants-blesses_49164913.html\" rel=\"nofollow noopener\" target=\"_blank\">d\u00e9flagration<\/a> d\u2019ampleur li\u00e9e au gaz \u00e0 Aubervilliers. Le 4\u00a0mars 2022, un immeuble avait \u00e9t\u00e9<strong> partiellement souffl\u00e9<\/strong> apr\u00e8s une fuite de gaz. Vingt-deux personnes avaient \u00e9t\u00e9 bless\u00e9es, dont trois gri\u00e8vement. Une vingtaine de familles avaient \u00e9t\u00e9 contraintes d\u2019\u00eatre <a href=\"https:\/\/actu.fr\/ile-de-france\/aubervilliers_93001\/explosion-a-aubervilliers-17-familles-toujours-sans-logement_49243341.html\" rel=\"nofollow noopener\" target=\"_blank\">relog\u00e9es<\/a>.<\/p>\n<p>Avec Dorine Goth<\/p>\n<p class=\" wall-content\">Personnalisez votre actualit\u00e9 en ajoutant vos villes et m\u00e9dias en favori avec <a href=\"https:\/\/moncompte.actu.fr\" title=\"D\u00e9couvez Mon Actu\" rel=\"nofollow noopener\" data-trk=\"{&quot;cta&quot;:{&quot;action&quot;:&quot;https:\\\/\\\/moncompte.actu.fr&quot;,&quot;category&quot;:&quot;mon compte&quot;,&quot;from&quot;:&quot;article footer&quot;,&quot;name&quot;:&quot;Mon actu&quot;,&quot;type&quot;:&quot;cta&quot;}}\" target=\"_blank\">Mon Actu<\/a>.<\/p>\n","protected":false},"excerpt":{"rendered":"Par Antoine Grotteria Publi\u00e9 le 6 sept. 2026 \u00e0 9h33 \u00ab\u2009Une ville en deuil.\u2009\u00bb Aubervilliers (Seine-Saint-Denis) a v\u00e9cu&hellip;\n","protected":false},"author":2,"featured_media":1170464,"comment_status":"","ping_status":"","sticky":false,"template":"","format":"standard","meta":{"footnotes":"","_share_on_mastodon":"0"},"categories":[1888],"tags":[1111,1928,11,1927,1777,674,118,1011,27,843,12,1926,626,1925,7134,25],"class_list":["post-1170463","post","type-post","status-publish","format-standard","has-post-thumbnail","category-paris","tag-actu","tag-actu-paris","tag-actualites","tag-actualites-paris","tag-eu","tag-europe","tag-faits-divers","tag-fr","tag-france","tag-gaz","tag-news","tag-news-paris","tag-paris","tag-paris-news","tag-prefecture-de-seine-saint-denis","tag-republique-francaise"],"share_on_mastodon":{"url":"https:\/\/pubeurope.com\/@fr\/117223014095380197","error":""},"_links":{"self":[{"href":"https:\/\/www.europesays.com\/fr\/wp-json\/wp\/v2\/posts\/1170463","targetHints":{"allow":["GET"]}}],"collection":[{"href":"https:\/\/www.europesays.com\/fr\/wp-json\/wp\/v2\/posts"}],"about":[{"href":"https:\/\/www.europesays.com\/fr\/wp-json\/wp\/v2\/types\/post"}],"author":[{"embeddable":true,"href":"https:\/\/www.europesays.com\/fr\/wp-json\/wp\/v2\/users\/2"}],"replies":[{"embeddable":true,"href":"https:\/\/www.europesays.com\/fr\/wp-json\/wp\/v2\/comments?post=1170463"}],"version-history":[{"count":0,"href":"https:\/\/www.europesays.com\/fr\/wp-json\/wp\/v2\/posts\/1170463\/revisions"}],"wp:featuredmedia":[{"embeddable":true,"href":"https:\/\/www.europesays.com\/fr\/wp-json\/wp\/v2\/media\/1170464"}],"wp:attachment":[{"href":"https:\/\/www.europesays.com\/fr\/wp-json\/wp\/v2\/media?parent=1170463"}],"wp:term":[{"taxonomy":"category","embeddable":true,"href":"https:\/\/www.europesays.com\/fr\/wp-json\/wp\/v2\/categories?post=1170463"},{"taxonomy":"post_tag","embeddable":true,"href":"https:\/\/www.europesays.com\/fr\/wp-json\/wp\/v2\/tags?post=1170463"}],"curies":[{"name":"wp","href":"https:\/\/api.w.org\/{rel}","templated":true}]}}